{"id":10938,"date":"2015-01-20T07:24:26","date_gmt":"2015-01-20T06:24:26","guid":{"rendered":"http:\/\/blogs.diariosur.es\/tormentas-y-rayos\/?p=10938"},"modified":"2015-01-20T07:24:26","modified_gmt":"2015-01-20T06:24:26","slug":"aviso-naranja-y-amarillo-por-nevadas-en-la-provincia-malaguena-ronda-antequera-y-axarquia-cota-600-a-800-m","status":"publish","type":"post","link":"https:\/\/blogs.diariosur.es\/tormentas-y-rayos\/2015\/01\/20\/aviso-naranja-y-amarillo-por-nevadas-en-la-provincia-malaguena-ronda-antequera-y-axarquia-cota-600-a-800-m\/","title":{"rendered":"Aviso naranja y amarillo por nevadas en la Provincia Malague\u00f1a, Ronda, Antequera y Axarqu\u00eda cota 600 a 800 m."},"content":{"rendered":"<p><img loading=\"lazy\" class=\"alignright\" src=\"\/tormentas-y-rayos\/wp-content\/uploads\/sites\/12\/2015\/01\/14371881571_bbae3518b1_q1.jpg\" alt=\"\" width=\"150\" height=\"150\" \/><\/p>\n<p>&nbsp;<\/p>\n<p>&nbsp;<\/p>\n<p>&nbsp;<\/p>\n<p>&nbsp;<\/p>\n<p><a href=\"https:\/\/blogs.diariosur.es\/tormentas-y-rayos\/2015\/01\/20\/aviso-naranja-y-amarillo-por-nevadas-en-la-provincia-malaguena-ronda-antequera-y-axarquia-cota-600-a-800-m\/10940466_10206126889999058_5390842020358400669_n-2\/\" rel=\"attachment wp-att-10948\"><img loading=\"lazy\" class=\"aligncenter size-medium wp-image-10948\" title=\"10940466_10206126889999058_5390842020358400669_n\" src=\"\/tormentas-y-rayos\/wp-content\/uploads\/sites\/12\/2015\/01\/10940466_10206126889999058_5390842020358400669_n1.jpg\" alt=\"\" width=\"533\" height=\"400\" srcset=\"https:\/\/static-blogs.diariosur.es\/wp-content\/uploads\/sites\/12\/2015\/01\/10940466_10206126889999058_5390842020358400669_n1.jpg 640w, https:\/\/static-blogs.diariosur.es\/wp-content\/uploads\/sites\/12\/2015\/01\/10940466_10206126889999058_5390842020358400669_n1-533x400.jpg 533w\" sizes=\"(max-width: 533px) 100vw, 533px\" \/><\/a><\/p>\n<p>&nbsp;<\/p>\n<p>&nbsp;<\/p>\n<p><span style=\"color: #ff0000;\"><strong>ULTIMA HORA ACTUALIZACI\u00d3N: AVISO NARANJA POR NEVADAS<\/strong><\/span><\/p>\n<p><span style=\"color: #ff0000;\"><strong>EN LA AXARQU\u00cdA Y AVISO AMARILLO POR LLUVIAS<\/strong><\/span><\/p>\n<p><strong><span style=\"color: #ff0000;\">EN\u00a0M\u00c1LAGA\u00a0CAPITAL Y GAUADALHORCE.<\/span><\/strong><\/p>\n<p>&nbsp;<\/p>\n<p><a href=\"https:\/\/blogs.diariosur.es\/tormentas-y-rayos\/2015\/01\/20\/aviso-naranja-y-amarillo-por-nevadas-en-la-provincia-malaguena-ronda-antequera-y-axarquia-cota-600-a-800-m\/20150120114000_avi_hoy_ccaa61\/\" rel=\"attachment wp-att-10950\"><img loading=\"lazy\" class=\"aligncenter size-full wp-image-10950\" title=\"20150120114000_avi_hoy_ccaa61\" src=\"\/tormentas-y-rayos\/wp-content\/uploads\/sites\/12\/2015\/01\/20150120114000_avi_hoy_ccaa61.png\" alt=\"\" width=\"500\" height=\"334\" \/><\/a><\/p>\n<p>&nbsp;<\/p>\n<p>&nbsp;<\/p>\n<p><span style=\"color: #ff0000;\"><strong>Os paso la ultima imagen actualizada del visible. Fuente eumetsat, meteogalicia. Una pasada de bonita.<\/strong><\/span><\/p>\n<p>&nbsp;<\/p>\n<p><a href=\"https:\/\/blogs.diariosur.es\/tormentas-y-rayos\/2015\/01\/20\/aviso-naranja-y-amarillo-por-nevadas-en-la-provincia-malaguena-ronda-antequera-y-axarquia-cota-600-a-800-m\/captura-571\/\" rel=\"attachment wp-att-10951\"><img loading=\"lazy\" class=\"aligncenter size-medium wp-image-10951\" title=\"Captura\" src=\"\/tormentas-y-rayos\/wp-content\/uploads\/sites\/12\/2015\/01\/Captura19.jpg\" alt=\"\" width=\"527\" height=\"400\" srcset=\"https:\/\/static-blogs.diariosur.es\/wp-content\/uploads\/sites\/12\/2015\/01\/Captura19.jpg 757w, https:\/\/static-blogs.diariosur.es\/wp-content\/uploads\/sites\/12\/2015\/01\/Captura19-528x400.jpg 528w\" sizes=\"(max-width: 527px) 100vw, 527px\" \/><\/a><\/p>\n<p>&nbsp;<\/p>\n<p><strong>Buenos dias amigos de la meteo, son las seis de la ma\u00f1ana, registro 7 grados y los cielos est\u00e1n algo nubosos por la zona occidental tanto malague\u00f1a como andaluza.<\/strong><\/p>\n<p><strong>Ayer os actualice el blog nuevamente por la tarde, y es que hoy martes podemos tener sorpresas esta tarde noche. La aemet ha activado el aviso naranja por nevadas en la Comarca de Ronda y amarillo en Antequera y Axarqu\u00eda. La nieve puede aparecer en cotas muy bajas, entre los 600 y 800 metros.<\/strong><\/p>\n<p>&nbsp;<\/p>\n<p><a href=\"https:\/\/blogs.diariosur.es\/tormentas-y-rayos\/2015\/01\/20\/aviso-naranja-y-amarillo-por-nevadas-en-la-provincia-malaguena-ronda-antequera-y-axarquia-cota-600-a-800-m\/20150120055000_avi_hoy_ccaa61\/\" rel=\"attachment wp-att-10941\"><img loading=\"lazy\" class=\"aligncenter size-full wp-image-10941\" title=\"20150120055000_avi_hoy_ccaa61\" src=\"\/tormentas-y-rayos\/wp-content\/uploads\/sites\/12\/2015\/01\/20150120055000_avi_hoy_ccaa61.png\" alt=\"\" width=\"500\" height=\"334\" \/><\/a><\/p>\n<p>&nbsp;<\/p>\n<p>&nbsp;<\/p>\n<p>&nbsp;<\/p>\n<p><strong>La lluvia y la nieve llegaran a \u00a0la zona occidental malague\u00f1a \u00a0a partir del\u00a0mediod\u00eda, y mas tarde a M\u00e1laga Capital y Axarqu\u00eda.\u00a0<\/strong><\/p>\n<p>&nbsp;<\/p>\n<p><a href=\"https:\/\/blogs.diariosur.es\/tormentas-y-rayos\/2015\/01\/20\/aviso-naranja-y-amarillo-por-nevadas-en-la-provincia-malaguena-ronda-antequera-y-axarquia-cota-600-a-800-m\/1-vert-21\/\" rel=\"attachment wp-att-10940\"><img loading=\"lazy\" class=\"aligncenter size-full wp-image-10940\" title=\"1-vert\" src=\"\/tormentas-y-rayos\/wp-content\/uploads\/sites\/12\/2015\/01\/1-vert1.jpg\" alt=\"\" width=\"523\" height=\"1258\" srcset=\"https:\/\/static-blogs.diariosur.es\/wp-content\/uploads\/sites\/12\/2015\/01\/1-vert1.jpg 523w, https:\/\/static-blogs.diariosur.es\/wp-content\/uploads\/sites\/12\/2015\/01\/1-vert1-166x400.jpg 166w\" sizes=\"(max-width: 523px) 100vw, 523px\" \/><\/a><\/p>\n<p>&nbsp;<\/p>\n<p><strong>Os vuelvo a explicar el por qu\u00e9 se\u00a0dar\u00e1\u00a0esta situaci\u00f3n.<\/strong><\/p>\n<p>&nbsp;<\/p>\n<p>&nbsp;<\/p>\n<p>&nbsp;<\/p>\n<p><strong>En estos momentos tenemos \u00a0una \u00a0masa de aire frio, \u00a0que rondara los menos uno, \u00a0o cero grados, \u00a0que lleva con nosotros desde el domingo y \u00a0que dejo nevadas en \u00a0cotas bajas en el Torcal y Alfarnate. \u00a0A todo esto \u00a0hay que unirle \u00a0hoy una entrada de una nueva masa de aire polar muy inestable que formara cerca del Estrecho una bolsa de aire fr\u00edo. Estos factores\u00a0har\u00e1n\u00a0que se reactive el frente o lineas de\u00a0inestabilidad en esta zona.\u00a0<\/strong><\/p>\n<p><strong>Esta bolsa de aire fr\u00edo se ve claramente en el mapa de temperaturas de 500 hpa ( 5500 m).<\/strong><\/p>\n<p>&nbsp;<\/p>\n<p>&nbsp;<\/p>\n<p style=\"text-align: center;\"><a href=\"https:\/\/blogs.diariosur.es\/tormentas-y-rayos\/2015\/01\/19\/ultima-hora-aviso-naranja-y-amarillo-por-nevadas-600-800-m-en-la-provincia-malaguena-manana-martes-porque-pasara-esto\/attachment\/500\/\" rel=\"attachment wp-att-10930\"><img loading=\"lazy\" class=\"aligncenter\" title=\"500\" src=\"\/tormentas-y-rayos\/wp-content\/uploads\/sites\/12\/2015\/01\/500.jpg\" alt=\"\" width=\"520\" height=\"400\" \/><\/a><\/p>\n<p>&nbsp;<\/p>\n<p style=\"text-align: center;\"><a href=\"https:\/\/blogs.diariosur.es\/tormentas-y-rayos\/2015\/01\/19\/ultima-hora-aviso-naranja-y-amarillo-por-nevadas-600-800-m-en-la-provincia-malaguena-manana-martes-porque-pasara-esto\/850-3\/\" rel=\"attachment wp-att-10931\"><img loading=\"lazy\" class=\"aligncenter\" title=\"850\" src=\"\/tormentas-y-rayos\/wp-content\/uploads\/sites\/12\/2015\/01\/850.jpg\" alt=\"\" width=\"570\" height=\"400\" \/><\/a><\/p>\n<p>&nbsp;<\/p>\n<p><strong>.<a href=\"https:\/\/blogs.diariosur.es\/tormentas-y-rayos\/2015\/01\/20\/aviso-naranja-y-amarillo-por-nevadas-en-la-provincia-malaguena-ronda-antequera-y-axarquia-cota-600-a-800-m\/captura-570\/\" rel=\"attachment wp-att-10939\"><img loading=\"lazy\" class=\"aligncenter size-medium wp-image-10939\" title=\"Captura\" src=\"\/tormentas-y-rayos\/wp-content\/uploads\/sites\/12\/2015\/01\/Captura18.jpg\" alt=\"\" width=\"578\" height=\"400\" srcset=\"https:\/\/static-blogs.diariosur.es\/wp-content\/uploads\/sites\/12\/2015\/01\/Captura18.jpg 759w, https:\/\/static-blogs.diariosur.es\/wp-content\/uploads\/sites\/12\/2015\/01\/Captura18-578x400.jpg 578w\" sizes=\"(max-width: 578px) 100vw, 578px\" \/><\/a><\/strong><\/p>\n<p>&nbsp;<\/p>\n<p>&nbsp;<\/p>\n<p><strong>El aviso se activara al\u00a0mediod\u00eda\u00a0<\/strong><\/p>\n<p>&nbsp;<\/p>\n<p>&nbsp;<\/p>\n<p style=\"text-align: center;\"><a href=\"https:\/\/blogs.diariosur.es\/tormentas-y-rayos\/2015\/01\/19\/ultima-hora-aviso-naranja-y-amarillo-por-nevadas-600-800-m-en-la-provincia-malaguena-manana-martes-porque-pasara-esto\/captura-569\/\" rel=\"attachment wp-att-10934\"><img loading=\"lazy\" class=\"aligncenter\" title=\"Captura\" src=\"\/tormentas-y-rayos\/wp-content\/uploads\/sites\/12\/2015\/01\/Captura17.jpg\" alt=\"\" width=\"552\" height=\"400\" \/><\/a><\/p>\n<p>&nbsp;<\/p>\n<p><strong>Poco mas que contar amigos, os dejo con estas dos bellisimas fotos de la Sierra de las Nieves, est\u00e1n hechas en la parte mas baja, concretamente donde dejamos los coches para emprender la subida a este bonito\u00a0paraje.\u00a0Mi amigo David Cort\u00e9z Postigo estuvo ayer lunes en esa zona, me comenta que soplaba el aire con rachas fuertes y que la sensaci\u00f3n\u00a0t\u00e9rmica\u00a0era de mucho fr\u00edo. Un guardia civil les comunico que en las zonas altas habia mas de medio metro de nieve.<\/strong><\/p>\n<p><span style=\"color: #ff0000;\"><strong>David me han encantado tus fotos pero esto\u00a0no quita que te debo una colleja o dos jijiji.<\/strong><\/span><\/p>\n<p>&nbsp;<\/p>\n<p><a href=\"https:\/\/blogs.diariosur.es\/tormentas-y-rayos\/2015\/01\/20\/aviso-naranja-y-amarillo-por-nevadas-en-la-provincia-malaguena-ronda-antequera-y-axarquia-cota-600-a-800-m\/10353105_1540285616234413_2674561817433026052_n\/\" rel=\"attachment wp-att-10942\"><img loading=\"lazy\" class=\"aligncenter size-full wp-image-10942\" title=\"10353105_1540285616234413_2674561817433026052_n\" src=\"\/tormentas-y-rayos\/wp-content\/uploads\/sites\/12\/2015\/01\/10353105_1540285616234413_2674561817433026052_n.jpg\" alt=\"\" width=\"640\" height=\"480\" srcset=\"https:\/\/static-blogs.diariosur.es\/wp-content\/uploads\/sites\/12\/2015\/01\/10353105_1540285616234413_2674561817433026052_n.jpg 640w, https:\/\/static-blogs.diariosur.es\/wp-content\/uploads\/sites\/12\/2015\/01\/10353105_1540285616234413_2674561817433026052_n-533x400.jpg 533w\" sizes=\"(max-width: 640px) 100vw, 640px\" \/><\/a><\/p>\n<p>&nbsp;<\/p>\n<p><a href=\"https:\/\/blogs.diariosur.es\/tormentas-y-rayos\/2015\/01\/20\/aviso-naranja-y-amarillo-por-nevadas-en-la-provincia-malaguena-ronda-antequera-y-axarquia-cota-600-a-800-m\/10387244_1540285786234396_5411833912976984296_n\/\" rel=\"attachment wp-att-10943\"><img loading=\"lazy\" class=\"aligncenter size-full wp-image-10943\" title=\"10387244_1540285786234396_5411833912976984296_n\" src=\"\/tormentas-y-rayos\/wp-content\/uploads\/sites\/12\/2015\/01\/10387244_1540285786234396_5411833912976984296_n.jpg\" alt=\"\" width=\"640\" height=\"480\" srcset=\"https:\/\/static-blogs.diariosur.es\/wp-content\/uploads\/sites\/12\/2015\/01\/10387244_1540285786234396_5411833912976984296_n.jpg 640w, https:\/\/static-blogs.diariosur.es\/wp-content\/uploads\/sites\/12\/2015\/01\/10387244_1540285786234396_5411833912976984296_n-533x400.jpg 533w\" sizes=\"(max-width: 640px) 100vw, 640px\" \/><\/a><\/p>\n<p>&nbsp;<\/p>\n<p><a href=\"https:\/\/blogs.diariosur.es\/tormentas-y-rayos\/2015\/01\/20\/aviso-naranja-y-amarillo-por-nevadas-en-la-provincia-malaguena-ronda-antequera-y-axarquia-cota-600-a-800-m\/10408534_1540285899567718_1308947319132495056_n\/\" rel=\"attachment wp-att-10944\"><img loading=\"lazy\" class=\"aligncenter size-full wp-image-10944\" title=\"10408534_1540285899567718_1308947319132495056_n\" src=\"\/tormentas-y-rayos\/wp-content\/uploads\/sites\/12\/2015\/01\/10408534_1540285899567718_1308947319132495056_n.jpg\" alt=\"\" width=\"640\" height=\"480\" srcset=\"https:\/\/static-blogs.diariosur.es\/wp-content\/uploads\/sites\/12\/2015\/01\/10408534_1540285899567718_1308947319132495056_n.jpg 640w, https:\/\/static-blogs.diariosur.es\/wp-content\/uploads\/sites\/12\/2015\/01\/10408534_1540285899567718_1308947319132495056_n-533x400.jpg 533w\" sizes=\"(max-width: 640px) 100vw, 640px\" \/><\/a><\/p>\n<p>&nbsp;<\/p>\n<p><a href=\"https:\/\/blogs.diariosur.es\/tormentas-y-rayos\/2015\/01\/20\/aviso-naranja-y-amarillo-por-nevadas-en-la-provincia-malaguena-ronda-antequera-y-axarquia-cota-600-a-800-m\/david-cortes-po\/\" rel=\"attachment wp-att-10945\"><img loading=\"lazy\" class=\"aligncenter size-full wp-image-10945\" title=\"david Cort\u00e9s Po\" src=\"\/tormentas-y-rayos\/wp-content\/uploads\/sites\/12\/2015\/01\/david-Cort\u00e9s-Po.jpg\" alt=\"\" width=\"640\" height=\"480\" srcset=\"https:\/\/static-blogs.diariosur.es\/wp-content\/uploads\/sites\/12\/2015\/01\/david-Cort\u00e9s-Po.jpg 640w, https:\/\/static-blogs.diariosur.es\/wp-content\/uploads\/sites\/12\/2015\/01\/david-Cort\u00e9s-Po-533x400.jpg 533w\" sizes=\"(max-width: 640px) 100vw, 640px\" \/><\/a><\/p>\n<p>&nbsp;<\/p>\n<p>&nbsp;<\/p>\n<p>&nbsp;<\/p>\n<p><a href=\"https:\/\/blogs.diariosur.es\/tormentas-y-rayos\/2015\/01\/20\/aviso-naranja-y-amarillo-por-nevadas-en-la-provincia-malaguena-ronda-antequera-y-axarquia-cota-600-a-800-m\/david-cortes-postigo\/\" rel=\"attachment wp-att-10946\"><img loading=\"lazy\" class=\"aligncenter size-full wp-image-10946\" title=\"david Cort\u00e9s Postigo\" src=\"\/tormentas-y-rayos\/wp-content\/uploads\/sites\/12\/2015\/01\/david-Cort\u00e9s-Postigo.jpg\" alt=\"\" width=\"640\" height=\"480\" srcset=\"https:\/\/static-blogs.diariosur.es\/wp-content\/uploads\/sites\/12\/2015\/01\/david-Cort\u00e9s-Postigo.jpg 640w, https:\/\/static-blogs.diariosur.es\/wp-content\/uploads\/sites\/12\/2015\/01\/david-Cort\u00e9s-Postigo-533x400.jpg 533w\" sizes=\"(max-width: 640px) 100vw, 640px\" \/><\/a><\/p>\n<p>&nbsp;<\/p>\n<p>&nbsp;<\/p>\n","protected":false},"excerpt":{"rendered":"<p>&nbsp; &nbsp; &nbsp; &nbsp; &nbsp; &nbsp; ULTIMA HORA ACTUALIZACI\u00d3N: AVISO NARANJA POR NEVADAS EN LA AXARQU\u00cdA Y AVISO AMARILLO POR LLUVIAS EN\u00a0M\u00c1LAGA\u00a0CAPITAL Y GAUADALHORCE. &nbsp; &nbsp; &nbsp; Os paso la ultima imagen actualizada del visible. Fuente eumetsat, meteogalicia. Una pasada de bonita. &nbsp; &nbsp; Buenos dias amigos de la meteo, son las seis de la [&hellip;]<\/p>\n","protected":false},"author":16,"featured_media":10941,"comment_status":"open","ping_status":"open","sticky":false,"template":"","format":"standard","meta":[],"categories":[2],"tags":[63,112,151,155,587,676,690,874],"_links":{"self":[{"href":"https:\/\/blogs.diariosur.es\/tormentas-y-rayos\/wp-json\/wp\/v2\/posts\/10938"}],"collection":[{"href":"https:\/\/blogs.diariosur.es\/tormentas-y-rayos\/wp-json\/wp\/v2\/posts"}],"about":[{"href":"https:\/\/blogs.diariosur.es\/tormentas-y-rayos\/wp-json\/wp\/v2\/types\/post"}],"author":[{"embeddable":true,"href":"https:\/\/blogs.diariosur.es\/tormentas-y-rayos\/wp-json\/wp\/v2\/users\/16"}],"replies":[{"embeddable":true,"href":"https:\/\/blogs.diariosur.es\/tormentas-y-rayos\/wp-json\/wp\/v2\/comments?post=10938"}],"version-history":[{"count":0,"href":"https:\/\/blogs.diariosur.es\/tormentas-y-rayos\/wp-json\/wp\/v2\/posts\/10938\/revisions"}],"wp:featuredmedia":[{"embeddable":true,"href":"https:\/\/blogs.diariosur.es\/tormentas-y-rayos\/wp-json\/wp\/v2\/media\/10941"}],"wp:attachment":[{"href":"https:\/\/blogs.diariosur.es\/tormentas-y-rayos\/wp-json\/wp\/v2\/media?parent=10938"}],"wp:term":[{"taxonomy":"category","embeddable":true,"href":"https:\/\/blogs.diariosur.es\/tormentas-y-rayos\/wp-json\/wp\/v2\/categories?post=10938"},{"taxonomy":"post_tag","embeddable":true,"href":"https:\/\/blogs.diariosur.es\/tormentas-y-rayos\/wp-json\/wp\/v2\/tags?post=10938"}],"curies":[{"name":"wp","href":"https:\/\/api.w.org\/{rel}","templated":true}]}}