{"id":10969,"date":"2015-01-22T06:35:50","date_gmt":"2015-01-22T05:35:50","guid":{"rendered":"http:\/\/blogs.diariosur.es\/tormentas-y-rayos\/?p=10969"},"modified":"2015-01-22T06:35:50","modified_gmt":"2015-01-22T05:35:50","slug":"prevision-del-tiempo-andaluciaandalucia-el-poniente-y-el-terral-de-invierno-soplaran-fuertes-precioso-video-de-la-nevada-del-torcal-tomado-por-el-centro-de-visitantes","status":"publish","type":"post","link":"https:\/\/blogs.diariosur.es\/tormentas-y-rayos\/2015\/01\/22\/prevision-del-tiempo-andaluciaandalucia-el-poniente-y-el-terral-de-invierno-soplaran-fuertes-precioso-video-de-la-nevada-del-torcal-tomado-por-el-centro-de-visitantes\/","title":{"rendered":"Previsi\u00f3n del tiempo Andaluc\u00eda. El poniente y el terral de invierno soplaran fuertes. Precioso v\u00eddeo de la nevada del Torcal tomado por el Centro de Visitantes."},"content":{"rendered":"<p><img loading=\"lazy\" class=\"aligncenter\" src=\"https:\/\/farm6.staticflickr.com\/5566\/14568830453_8e0522e3fc_q.jpg\" alt=\"\" width=\"150\" height=\"150\" \/><\/p>\n<p>&nbsp;<\/p>\n<p>&nbsp;<\/p>\n<p>&nbsp;<\/p>\n<p>&nbsp;<\/p>\n<p><strong>Buenos dias amigos de la meteo, aunque hoy libro, el dia lo tengo muy liado \u00a0y no podre comentaros que factores se tienen que dar en M\u00e1laga Capital para que nieve. <\/strong><\/p>\n<p><strong>Os prometo que ma\u00f1ana dando la previsi\u00f3n del fin de semana lo\u00a0pondr\u00e9.<\/strong><\/p>\n<p><strong>Son las seis de la ma\u00f1ana, registro 10 grados, aunque la sensaci\u00f3n termica es de 4 debido al viento, \u00a0los cielos est\u00e1n nubosos por la zona oriental \u00a0andaluza y mas despejados por la occidental.<\/strong><\/p>\n<p><strong>Una borrasca que se situara hoy cerca de las Baleares y un potente anticicl\u00f3n situado en las Azores\u00a0ser\u00e1n\u00a0los dos ingredientes\u00a0principales\u00a0para que el viento sople muy fuerte en Andaluc\u00eda y buena parte de la\u00a0pen\u00ednsula.<\/strong><\/p>\n<p>&nbsp;<\/p>\n<p><a href=\"https:\/\/blogs.diariosur.es\/tormentas-y-rayos\/2015\/01\/22\/prevision-del-tiempo-andaluciaandalucia-el-poniente-y-el-terral-de-invierno-soplaran-fuertes-precioso-video-de-la-nevada-del-torcal-tomado-por-el-centro-de-visitantes\/captura-573\/\" rel=\"attachment wp-att-10970\"><img loading=\"lazy\" class=\"aligncenter size-medium wp-image-10970\" title=\"Captura\" src=\"\/tormentas-y-rayos\/wp-content\/uploads\/sites\/12\/2015\/01\/Captura21.jpg\" alt=\"\" width=\"574\" height=\"400\" srcset=\"https:\/\/static-blogs.diariosur.es\/wp-content\/uploads\/sites\/12\/2015\/01\/Captura21.jpg 756w, https:\/\/static-blogs.diariosur.es\/wp-content\/uploads\/sites\/12\/2015\/01\/Captura21-575x400.jpg 575w\" sizes=\"(max-width: 574px) 100vw, 574px\" \/><\/a><\/p>\n<p><strong>Hay posibilidad de que se produzcan algunos chubascos en el interior oriental, estos \u00a0ser\u00e1n\u00a0de nieve a partir de los 600 metros durante las primeras horas de la ma\u00f1ana. Sobre el\u00a0mediod\u00eda\u00a0ir\u00e1n\u00a0remitiendo.<\/strong><\/p>\n<p><strong>Abrigaros que hoy debido al viento se notara mas el fr\u00edo.<\/strong><\/p>\n<p>&nbsp;<\/p>\n<p><strong>Ayer se cumplieron los pron\u00f3sticos y por la tarde noche se registraron chubascos tanto en la Provincia\u00a0Malague\u00f1a\u00a0como en casi toda Andaluc\u00eda. Nuevamente\u00a0nev\u00f3\u00a0en Sierra Tejeda y Sierra de las Nieves.<\/strong><\/p>\n<p><strong>Poco mas que contar hoy amigos. os dejo con este bonito\u00a0v\u00eddeo\u00a0de la nevada del dia pasado en el Torcal de Antequera. Esta tomado por el Centro de visitantes del Torcal alto.<\/strong><\/p>\n<p>&nbsp;<\/p>\n<p>&nbsp;<\/p>\n<p>&nbsp;<\/p>\n<p>&nbsp;<\/p>\n<p>&nbsp;<\/p>\n<p>&nbsp;<\/p>\n<p>&nbsp;<\/p>\n<p>&nbsp;<\/p>\n<p>&nbsp;<\/p>\n<p>&nbsp;<\/p>\n<p><iframe loading=\"lazy\" src=\"\/\/www.youtube.com\/embed\/Cf2C7nUUjMM\" frameborder=\"0\" width=\"640\" height=\"360\"><\/iframe><\/p>\n","protected":false},"excerpt":{"rendered":"<p>&nbsp; &nbsp; &nbsp; &nbsp; Buenos dias amigos de la meteo, aunque hoy libro, el dia lo tengo muy liado \u00a0y no podre comentaros que factores se tienen que dar en M\u00e1laga Capital para que nieve. Os prometo que ma\u00f1ana dando la previsi\u00f3n del fin de semana lo\u00a0pondr\u00e9. Son las seis de la ma\u00f1ana, registro 10 [&hellip;]<\/p>\n","protected":false},"author":16,"featured_media":10970,"comment_status":"open","ping_status":"open","sticky":false,"template":"","format":"standard","meta":[],"categories":[2],"tags":[100,689,791,809,975,980,990,1056],"_links":{"self":[{"href":"https:\/\/blogs.diariosur.es\/tormentas-y-rayos\/wp-json\/wp\/v2\/posts\/10969"}],"collection":[{"href":"https:\/\/blogs.diariosur.es\/tormentas-y-rayos\/wp-json\/wp\/v2\/posts"}],"about":[{"href":"https:\/\/blogs.diariosur.es\/tormentas-y-rayos\/wp-json\/wp\/v2\/types\/post"}],"author":[{"embeddable":true,"href":"https:\/\/blogs.diariosur.es\/tormentas-y-rayos\/wp-json\/wp\/v2\/users\/16"}],"replies":[{"embeddable":true,"href":"https:\/\/blogs.diariosur.es\/tormentas-y-rayos\/wp-json\/wp\/v2\/comments?post=10969"}],"version-history":[{"count":0,"href":"https:\/\/blogs.diariosur.es\/tormentas-y-rayos\/wp-json\/wp\/v2\/posts\/10969\/revisions"}],"wp:featuredmedia":[{"embeddable":true,"href":"https:\/\/blogs.diariosur.es\/tormentas-y-rayos\/wp-json\/wp\/v2\/media\/10970"}],"wp:attachment":[{"href":"https:\/\/blogs.diariosur.es\/tormentas-y-rayos\/wp-json\/wp\/v2\/media?parent=10969"}],"wp:term":[{"taxonomy":"category","embeddable":true,"href":"https:\/\/blogs.diariosur.es\/tormentas-y-rayos\/wp-json\/wp\/v2\/categories?post=10969"},{"taxonomy":"post_tag","embeddable":true,"href":"https:\/\/blogs.diariosur.es\/tormentas-y-rayos\/wp-json\/wp\/v2\/tags?post=10969"}],"curies":[{"name":"wp","href":"https:\/\/api.w.org\/{rel}","templated":true}]}}