{"id":10973,"date":"2015-01-23T07:10:20","date_gmt":"2015-01-23T06:10:20","guid":{"rendered":"http:\/\/blogs.diariosur.es\/tormentas-y-rayos\/?p=10973"},"modified":"2018-02-04T12:13:58","modified_gmt":"2018-02-04T11:13:58","slug":"prevision-del-tiempo-fin-de-semana-que-factores-meteorologicos-se-tienen-que-dar-para-que-nieve-en-malaga-capital-primero-un-milagro-y-segundo-seguir-leyendo","status":"publish","type":"post","link":"https:\/\/blogs.diariosur.es\/tormentas-y-rayos\/2015\/01\/23\/prevision-del-tiempo-fin-de-semana-que-factores-meteorologicos-se-tienen-que-dar-para-que-nieve-en-malaga-capital-primero-un-milagro-y-segundo-seguir-leyendo\/","title":{"rendered":"\u00bfQue factores meteorol\u00f3gicos se tienen que dar para que nieve en M\u00e1laga Capital? Primero un milagro y segundo seguir leyendo&#8230;."},"content":{"rendered":"<p><img loading=\"lazy\" class=\"aligncenter size-large wp-image-19457\" src=\"https:\/\/static-blogs.diariosur.es\/wp-content\/uploads\/sites\/12\/2015\/01\/0-599x400.jpg\" alt=\"0\" width=\"599\" height=\"400\" srcset=\"https:\/\/static-blogs.diariosur.es\/wp-content\/uploads\/sites\/12\/2015\/01\/0-599x400.jpg 599w, https:\/\/static-blogs.diariosur.es\/wp-content\/uploads\/sites\/12\/2015\/01\/0.jpg 767w\" sizes=\"(max-width: 599px) 100vw, 599px\" \/> <img loading=\"lazy\" class=\"aligncenter size-large wp-image-19458\" src=\"https:\/\/static-blogs.diariosur.es\/wp-content\/uploads\/sites\/12\/2015\/01\/01-603x400.jpg\" alt=\"01\" width=\"603\" height=\"400\" srcset=\"https:\/\/static-blogs.diariosur.es\/wp-content\/uploads\/sites\/12\/2015\/01\/01-603x400.jpg 603w, https:\/\/static-blogs.diariosur.es\/wp-content\/uploads\/sites\/12\/2015\/01\/01-768x510.jpg 768w, https:\/\/static-blogs.diariosur.es\/wp-content\/uploads\/sites\/12\/2015\/01\/01.jpg 773w\" sizes=\"(max-width: 603px) 100vw, 603px\" \/> <img loading=\"lazy\" class=\"aligncenter size-large wp-image-19459\" src=\"https:\/\/static-blogs.diariosur.es\/wp-content\/uploads\/sites\/12\/2015\/01\/1-1-602x400.jpg\" alt=\"1\" width=\"602\" height=\"400\" srcset=\"https:\/\/static-blogs.diariosur.es\/wp-content\/uploads\/sites\/12\/2015\/01\/1-1-602x400.jpg 602w, https:\/\/static-blogs.diariosur.es\/wp-content\/uploads\/sites\/12\/2015\/01\/1-1-768x511.jpg 768w, https:\/\/static-blogs.diariosur.es\/wp-content\/uploads\/sites\/12\/2015\/01\/1-1.jpg 770w\" sizes=\"(max-width: 602px) 100vw, 602px\" \/><\/p>\n<p><a href=\"https:\/\/blogs.diariosur.es\/tormentas-y-rayos\/2015\/01\/23\/prevision-del-tiempo-fin-de-semana-que-factores-meteorologicos-se-tienen-que-dar-para-que-nieve-en-malaga-capital-primero-un-milagro-y-segundo-seguir-leyendo\/z-47\/\" rel=\"attachment wp-att-10991\"><img loading=\"lazy\" class=\"aligncenter size-medium wp-image-10991\" title=\"z\" src=\"\/tormentas-y-rayos\/wp-content\/uploads\/sites\/12\/2015\/01\/z4.jpg\" alt=\"\" width=\"572\" height=\"400\" srcset=\"https:\/\/static-blogs.diariosur.es\/wp-content\/uploads\/sites\/12\/2015\/01\/z4.jpg 671w, https:\/\/static-blogs.diariosur.es\/wp-content\/uploads\/sites\/12\/2015\/01\/z4-572x400.jpg 572w\" sizes=\"(max-width: 572px) 100vw, 572px\" \/><\/a><\/p>\n<p><strong>Buenos dias amigos de la meteo, son las seis de la ma\u00f1ana, registro 6,9 grados, los cielos de la Capital Malague\u00f1a est\u00e1n despejados y el viento esta en calma. En el\u00a0interior\u00a0oriental \u00a0de nuestra\u00a0regi\u00f3n\u00a0tienen nubes altas y posibles bancos de\u00a0niebla. En estos\u00a0momentos el viento de terral de invierno esta en calma, si soplara como ayer la sensaci\u00f3n\u00a0t\u00e9rmica\u00a0de hoy seria de menos de cero grados.<\/strong><\/p>\n<p><strong>Sobre el\u00a0mediod\u00eda\u00a0nuevamente entrara el terral de invierno y el poniente en la Costa\u00a0Mediterr\u00e1nea\u00a0Andaluza, pero no espero que sople tan fuerte como ayer. La\u00a0m\u00e1xima\u00a0hoy rondara los 15 grados o 16.<\/strong><\/p>\n<p><strong>La masa de aire frio que nos ha estado afectando toda la semana, abandonara Andaluc\u00eda a partir de ma\u00f1ana\u00a0s\u00e1bado. El domingo una masa de aire mas &#8220;calida&#8221;tomara su lugar, con lo cual las\u00a0m\u00e1ximas\u00a0el\u00a0domingo\u00a0subir\u00e1n\u00a0bastante con respecto a estos\u00a0d\u00edas\u00a0pasados. Con esto no quiero decir que\u00a0coj\u00e1is\u00a0los ba\u00f1adores ehhhhhhhhhhhh.<\/strong><\/p>\n<p><strong>Os paso estos mapas previstos de temperatura a 850 hpa ( 1500 m) y a continuaci\u00f3n hablamos del milagro.<\/strong><\/p>\n<p>&nbsp;<\/p>\n<p><a href=\"https:\/\/blogs.diariosur.es\/tormentas-y-rayos\/2015\/01\/23\/prevision-del-tiempo-fin-de-semana-que-factores-meteorologicos-se-tienen-que-dar-para-que-nieve-en-malaga-capital-primero-un-milagro-y-segundo-seguir-leyendo\/h-3\/\" rel=\"attachment wp-att-10987\"><img loading=\"lazy\" class=\"aligncenter size-medium wp-image-10987\" title=\"h\" src=\"\/tormentas-y-rayos\/wp-content\/uploads\/sites\/12\/2015\/01\/h.jpg\" alt=\"\" width=\"558\" height=\"400\" srcset=\"https:\/\/static-blogs.diariosur.es\/wp-content\/uploads\/sites\/12\/2015\/01\/h.jpg 749w, https:\/\/static-blogs.diariosur.es\/wp-content\/uploads\/sites\/12\/2015\/01\/h-559x400.jpg 559w\" sizes=\"(max-width: 558px) 100vw, 558px\" \/><\/a><\/p>\n<p>&nbsp;<\/p>\n<p>&nbsp;<\/p>\n<p><a href=\"https:\/\/blogs.diariosur.es\/tormentas-y-rayos\/2015\/01\/23\/prevision-del-tiempo-fin-de-semana-que-factores-meteorologicos-se-tienen-que-dar-para-que-nieve-en-malaga-capital-primero-un-milagro-y-segundo-seguir-leyendo\/h1-2\/\" rel=\"attachment wp-att-10989\"><img loading=\"lazy\" class=\"aligncenter size-medium wp-image-10989\" title=\"h1\" src=\"\/tormentas-y-rayos\/wp-content\/uploads\/sites\/12\/2015\/01\/h11.jpg\" alt=\"\" width=\"559\" height=\"400\" srcset=\"https:\/\/static-blogs.diariosur.es\/wp-content\/uploads\/sites\/12\/2015\/01\/h11.jpg 761w, https:\/\/static-blogs.diariosur.es\/wp-content\/uploads\/sites\/12\/2015\/01\/h11-560x400.jpg 560w\" sizes=\"(max-width: 559px) 100vw, 559px\" \/><\/a><\/p>\n<p>&nbsp;<\/p>\n<p><a href=\"https:\/\/blogs.diariosur.es\/tormentas-y-rayos\/2015\/01\/23\/prevision-del-tiempo-fin-de-semana-que-factores-meteorologicos-se-tienen-que-dar-para-que-nieve-en-malaga-capital-primero-un-milagro-y-segundo-seguir-leyendo\/h3\/\" rel=\"attachment wp-att-10990\"><img loading=\"lazy\" class=\"aligncenter size-medium wp-image-10990\" title=\"h3\" src=\"\/tormentas-y-rayos\/wp-content\/uploads\/sites\/12\/2015\/01\/h3.jpg\" alt=\"\" width=\"532\" height=\"400\" srcset=\"https:\/\/static-blogs.diariosur.es\/wp-content\/uploads\/sites\/12\/2015\/01\/h3.jpg 764w, https:\/\/static-blogs.diariosur.es\/wp-content\/uploads\/sites\/12\/2015\/01\/h3-532x400.jpg 532w\" sizes=\"(max-width: 532px) 100vw, 532px\" \/><\/a><\/p>\n<p>&nbsp;<\/p>\n<p>&nbsp;<\/p>\n<p><em><strong>\u00bfQue factores meteorol\u00f3gicos se tienen que dar para que nieve en M\u00e1laga Capital?<\/strong><\/em><\/p>\n<p><strong>Bueno amigos de la meteo, intentare explicar de forma sencilla que factores se tienen que dar para que nieve en M\u00e1laga Capital.\u00a0<\/strong><\/p>\n<p><b>Como todos\u00a0sab\u00e9is no nieva en M\u00e1laga Capital <\/b><strong style=\"font-weight: bold;\">\u00a0desde el a\u00f1o 1954<\/strong><b>, concretamente lo hizo una madrugada del 3 de Febrero. Aunque hace tan solo 10 a\u00f1os estuvo a puntito de que volviera a nevar, esto\u00a0sucedi\u00f3\u00a0un 27 de Enero\u00a0del 2005, ese\u00a0d\u00eda\u00a0nev\u00f3\u00a0en la Costa Tropical Granadina. \u00a0Motril, Almu\u00f1ecar y Salobre\u00f1a se vistieron de blanco.\u00a0En\u00a0 la Costa Almeriense tambi\u00e9n nev\u00f3\u00a0en las playas del Ejido y Balerna. Incleso en Nerja y Melilla vieron este bonito meteoro.\u00a0<\/b><\/p>\n<p><strong>Foto Alfredo Aguilar, fuente el ideal de Granada.<\/strong><\/p>\n<p>&nbsp;<\/p>\n<p><a href=\"https:\/\/blogs.diariosur.es\/tormentas-y-rayos\/2015\/01\/23\/prevision-del-tiempo-fin-de-semana-que-factores-meteorologicos-se-tienen-que-dar-para-que-nieve-en-malaga-capital-primero-un-milagro-y-segundo-seguir-leyendo\/nieve-playa-647x231\/\" rel=\"attachment wp-att-10974\"><img loading=\"lazy\" class=\"aligncenter size-medium wp-image-10974\" title=\"nieve-playa--647x231\" src=\"\/tormentas-y-rayos\/wp-content\/uploads\/sites\/12\/2015\/01\/nieve-playa-647x231.jpg\" alt=\"\" width=\"600\" height=\"214\" srcset=\"https:\/\/static-blogs.diariosur.es\/wp-content\/uploads\/sites\/12\/2015\/01\/nieve-playa-647x231.jpg 647w, https:\/\/static-blogs.diariosur.es\/wp-content\/uploads\/sites\/12\/2015\/01\/nieve-playa-647x231-640x229.jpg 640w\" sizes=\"(max-width: 600px) 100vw, 600px\" \/><\/a><\/p>\n<p>&nbsp;<\/p>\n<p><b>Os paso algunas fotos de mis amigos Jorge Urbano y Sol Santana del \u00a0Spa Para\u00edso\u00a0del Agua que tomaron ese dia en Nerja. Impresionante.<\/b><\/p>\n<p>&nbsp;<\/p>\n<p>&nbsp;<\/p>\n<p><a href=\"https:\/\/blogs.diariosur.es\/tormentas-y-rayos\/2015\/01\/23\/prevision-del-tiempo-fin-de-semana-que-factores-meteorologicos-se-tienen-que-dar-para-que-nieve-en-malaga-capital-primero-un-milagro-y-segundo-seguir-leyendo\/page-14\/\" rel=\"attachment wp-att-10993\"><img loading=\"lazy\" class=\"aligncenter size-full wp-image-10993\" title=\"page\" src=\"\/tormentas-y-rayos\/wp-content\/uploads\/sites\/12\/2015\/01\/page.jpg\" alt=\"\" width=\"600\" height=\"404\" srcset=\"https:\/\/static-blogs.diariosur.es\/wp-content\/uploads\/sites\/12\/2015\/01\/page.jpg 600w, https:\/\/static-blogs.diariosur.es\/wp-content\/uploads\/sites\/12\/2015\/01\/page-594x400.jpg 594w\" sizes=\"(max-width: 600px) 100vw, 600px\" \/><\/a><\/p>\n<p><strong>V\u00eddeo<\/strong><strong>\u00a0de Melilla nevando.<\/strong><\/p>\n<p>&nbsp;<\/p>\n<p>&nbsp;<\/p>\n<p><iframe loading=\"lazy\" src=\"\/\/www.youtube.com\/embed\/aenSDlwdHNs\" width=\"640\" height=\"480\" frameborder=\"0\"><\/iframe><\/p>\n<p><strong>A que muchos no os\u00a0acordabais\u00a0de ese\u00a0d\u00eda\u00a0? , ese jueves 27 de Enero yo libraba y me\u00a0com\u00eda\u00a0las u\u00f1as viendo que estuvo a punto de nevar en la Capital Malague\u00f1a, pero no se produjo el milagro. En algunos puntos de la Costa se acumulo 6 cm<\/strong><\/p>\n<p><strong><span style=\"color: #ff0000;\">Os explico porque\u00a0nev\u00f3\u00a0el 3 de febrero del 1954 en M\u00e1laga Capital y seguidamente la del 27 de Enero del 2005. Con estas dos explicaciones\u00a0sabr\u00e9is\u00a0que factores se tienen que dar para ver la nieve en nuestra Capital\u00a0Malague\u00f1a.<\/span><\/strong><\/p>\n<p><strong>Para que nieve en M\u00e1laga Capital primeramente se tiene que situar unos \u00a0cuantos\u00a0d\u00edas\u00a0antes un potente \u00a0anticicl\u00f3n en la\u00a0pen\u00ednsula\u00a0Escandinava y una borrasca \u00a0en el\u00a0Mediterr\u00e1neo\u00a0 cerca de Italia, este anticicl\u00f3n \u00a0y la\u00a0borrasca\u00a0sirven de\u00a0extractor\u00a0para que nos visite una siberiana, estas masas de aire a 850 hpa son muy\u00a0fr\u00edas\u00a0y secas en la mayor parte de la\u00a0pen\u00ednsula. Una vez instalada esta masa de aire fr\u00edo se tiene que\u00a0producir el milagro, ese milagro viene dado por el movimiento del anticl\u00f3n mas al noreste, esto favorece que\u00a0alg\u00fan\u00a0frente fr\u00edo generado por una borrasca \u00a0logre llegar hasta Andaluc\u00eda. Para que se cumpla el milagro total jijijiji, es conveniente que el frente entre por la noche o de madrugada. Os paso unos mapas de esos dias.<\/strong><\/p>\n<p><img loading=\"lazy\" class=\"aligncenter size-large wp-image-19458\" src=\"https:\/\/static-blogs.diariosur.es\/wp-content\/uploads\/sites\/12\/2015\/01\/01-603x400.jpg\" alt=\"01\" width=\"603\" height=\"400\" srcset=\"https:\/\/static-blogs.diariosur.es\/wp-content\/uploads\/sites\/12\/2015\/01\/01-603x400.jpg 603w, https:\/\/static-blogs.diariosur.es\/wp-content\/uploads\/sites\/12\/2015\/01\/01-768x510.jpg 768w, https:\/\/static-blogs.diariosur.es\/wp-content\/uploads\/sites\/12\/2015\/01\/01.jpg 773w\" sizes=\"(max-width: 603px) 100vw, 603px\" \/><\/p>\n<p>&nbsp;<\/p>\n<p><img loading=\"lazy\" class=\"aligncenter size-large wp-image-19459\" src=\"https:\/\/static-blogs.diariosur.es\/wp-content\/uploads\/sites\/12\/2015\/01\/1-1-602x400.jpg\" alt=\"1\" width=\"602\" height=\"400\" srcset=\"https:\/\/static-blogs.diariosur.es\/wp-content\/uploads\/sites\/12\/2015\/01\/1-1-602x400.jpg 602w, https:\/\/static-blogs.diariosur.es\/wp-content\/uploads\/sites\/12\/2015\/01\/1-1-768x511.jpg 768w, https:\/\/static-blogs.diariosur.es\/wp-content\/uploads\/sites\/12\/2015\/01\/1-1.jpg 770w\" sizes=\"(max-width: 602px) 100vw, 602px\" \/><\/p>\n<p>&nbsp;<\/p>\n<p><img loading=\"lazy\" class=\"aligncenter size-large wp-image-19460\" src=\"https:\/\/static-blogs.diariosur.es\/wp-content\/uploads\/sites\/12\/2015\/01\/2-1-601x400.jpg\" alt=\"2\" width=\"601\" height=\"400\" srcset=\"https:\/\/static-blogs.diariosur.es\/wp-content\/uploads\/sites\/12\/2015\/01\/2-1-601x400.jpg 601w, https:\/\/static-blogs.diariosur.es\/wp-content\/uploads\/sites\/12\/2015\/01\/2-1.jpg 763w\" sizes=\"(max-width: 601px) 100vw, 601px\" \/><\/p>\n<p>En este ultimo mapa se ve claramente la borrasca.<\/p>\n<p>&nbsp;<\/p>\n<p><img loading=\"lazy\" class=\"aligncenter size-large wp-image-19457\" src=\"https:\/\/static-blogs.diariosur.es\/wp-content\/uploads\/sites\/12\/2015\/01\/0-599x400.jpg\" alt=\"0\" width=\"599\" height=\"400\" srcset=\"https:\/\/static-blogs.diariosur.es\/wp-content\/uploads\/sites\/12\/2015\/01\/0-599x400.jpg 599w, https:\/\/static-blogs.diariosur.es\/wp-content\/uploads\/sites\/12\/2015\/01\/0.jpg 767w\" sizes=\"(max-width: 599px) 100vw, 599px\" \/><\/p>\n<p>&nbsp;<\/p>\n<p>&nbsp;<\/p>\n<p>&nbsp;<\/p>\n<p><strong>Y el milagro se produce durante la madrugada.<\/strong><\/p>\n<p><a href=\"https:\/\/blogs.diariosur.es\/tormentas-y-rayos\/2015\/01\/23\/prevision-del-tiempo-fin-de-semana-que-factores-meteorologicos-se-tienen-que-dar-para-que-nieve-en-malaga-capital-primero-un-milagro-y-segundo-seguir-leyendo\/z-46\/\" rel=\"attachment wp-att-10980\"><img loading=\"lazy\" class=\"aligncenter size-medium wp-image-10980\" title=\"z\" src=\"\/tormentas-y-rayos\/wp-content\/uploads\/sites\/12\/2015\/01\/z2.jpg\" alt=\"\" width=\"572\" height=\"400\" srcset=\"https:\/\/static-blogs.diariosur.es\/wp-content\/uploads\/sites\/12\/2015\/01\/z2.jpg 671w, https:\/\/static-blogs.diariosur.es\/wp-content\/uploads\/sites\/12\/2015\/01\/z2-572x400.jpg 572w\" sizes=\"(max-width: 572px) 100vw, 572px\" \/><\/a><\/p>\n<p>&nbsp;<\/p>\n<p><a href=\"https:\/\/blogs.diariosur.es\/tormentas-y-rayos\/2015\/01\/23\/prevision-del-tiempo-fin-de-semana-que-factores-meteorologicos-se-tienen-que-dar-para-que-nieve-en-malaga-capital-primero-un-milagro-y-segundo-seguir-leyendo\/z1-26\/\" rel=\"attachment wp-att-10981\"><img loading=\"lazy\" class=\"aligncenter size-full wp-image-10981\" title=\"z1\" src=\"\/tormentas-y-rayos\/wp-content\/uploads\/sites\/12\/2015\/01\/z11.jpg\" alt=\"\" width=\"635\" height=\"469\" srcset=\"https:\/\/static-blogs.diariosur.es\/wp-content\/uploads\/sites\/12\/2015\/01\/z11.jpg 635w, https:\/\/static-blogs.diariosur.es\/wp-content\/uploads\/sites\/12\/2015\/01\/z11-542x400.jpg 542w\" sizes=\"(max-width: 635px) 100vw, 635px\" \/><\/a><\/p>\n<p>&nbsp;<\/p>\n<p><a href=\"https:\/\/blogs.diariosur.es\/tormentas-y-rayos\/2015\/01\/23\/prevision-del-tiempo-fin-de-semana-que-factores-meteorologicos-se-tienen-que-dar-para-que-nieve-en-malaga-capital-primero-un-milagro-y-segundo-seguir-leyendo\/z3-8\/\" rel=\"attachment wp-att-10982\"><img loading=\"lazy\" class=\"aligncenter size-medium wp-image-10982\" title=\"z3\" src=\"\/tormentas-y-rayos\/wp-content\/uploads\/sites\/12\/2015\/01\/z3.jpg\" alt=\"\" width=\"549\" height=\"400\" srcset=\"https:\/\/static-blogs.diariosur.es\/wp-content\/uploads\/sites\/12\/2015\/01\/z3.jpg 647w, https:\/\/static-blogs.diariosur.es\/wp-content\/uploads\/sites\/12\/2015\/01\/z3-549x400.jpg 549w\" sizes=\"(max-width: 549px) 100vw, 549px\" \/><\/a><\/p>\n<p>&nbsp;<\/p>\n<p><strong>Ahora os explico que paso ese 27 de Enero del 2005 para que never\u00e1 en la Costa Granadina, Almeriense, Melilla y Nerja.<\/strong><\/p>\n<p>&nbsp;<\/p>\n<p><strong>Si os\u00a0fij\u00e1is\u00a0en este mapa de temperaturas a 850 hpa es parecido al del 2 de febrero del 1954 que os he puesto mas arriba. Una siberiana era la protagonista en la\u00a0Pen\u00ednsula.<\/strong><\/p>\n<p><img loading=\"lazy\" class=\"aligncenter size-large wp-image-19461\" src=\"https:\/\/static-blogs.diariosur.es\/wp-content\/uploads\/sites\/12\/2015\/01\/enero1-602x400.jpg\" alt=\"enero1\" width=\"602\" height=\"400\" srcset=\"https:\/\/static-blogs.diariosur.es\/wp-content\/uploads\/sites\/12\/2015\/01\/enero1-602x400.jpg 602w, https:\/\/static-blogs.diariosur.es\/wp-content\/uploads\/sites\/12\/2015\/01\/enero1.jpg 765w\" sizes=\"(max-width: 602px) 100vw, 602px\" \/><\/p>\n<p>&nbsp;<\/p>\n<p>&nbsp;<\/p>\n<p><strong>En este segundo mapa que os pongo a continuaci\u00f3n tambi\u00e9n se parece \u00a0al del 1954, pero se os\u00a0fij\u00e1is hay dos factores distintos, el primero que no se ve una borrasca y el segundo que los vientos entran casi de levante\u00a0, es decir vientos\u00a0h\u00famedos\u00a0que trajeron nubes que se reactivaron en el mar de Albor\u00e1n. Estas nubes llegaron desde Almer\u00eda hasta Nerja dejando esas bonitas estampas de nieve a nivel del mar, en algunos puntos hasta 6 cm. En la Ciudad de \u00a0Melilla como\u00a0hab\u00e9is\u00a0visto en el\u00a0v\u00eddeo\u00a0tambi\u00e9n\u00a0nev\u00f3.\u00a0<\/strong><\/p>\n<p><img loading=\"lazy\" class=\"aligncenter size-large wp-image-19462\" src=\"https:\/\/static-blogs.diariosur.es\/wp-content\/uploads\/sites\/12\/2015\/01\/enero-1-606x400.jpg\" alt=\"enero\" width=\"606\" height=\"400\" srcset=\"https:\/\/static-blogs.diariosur.es\/wp-content\/uploads\/sites\/12\/2015\/01\/enero-1-606x400.jpg 606w, https:\/\/static-blogs.diariosur.es\/wp-content\/uploads\/sites\/12\/2015\/01\/enero-1-768x507.jpg 768w, https:\/\/static-blogs.diariosur.es\/wp-content\/uploads\/sites\/12\/2015\/01\/enero-1.jpg 770w\" sizes=\"(max-width: 606px) 100vw, 606px\" \/><\/p>\n<p><strong>Foto Alfredo Aguilar, fuente el ideal de Granada.<\/strong><\/p>\n<p>&nbsp;<\/p>\n<p><img loading=\"lazy\" class=\"aligncenter size-large wp-image-19463\" src=\"https:\/\/static-blogs.diariosur.es\/wp-content\/uploads\/sites\/12\/2015\/01\/alfredo-aguilar-640x229.jpg\" alt=\"alfredo-aguilar\" width=\"640\" height=\"229\" srcset=\"https:\/\/static-blogs.diariosur.es\/wp-content\/uploads\/sites\/12\/2015\/01\/alfredo-aguilar-640x229.jpg 640w, https:\/\/static-blogs.diariosur.es\/wp-content\/uploads\/sites\/12\/2015\/01\/alfredo-aguilar.jpg 647w\" sizes=\"(max-width: 640px) 100vw, 640px\" \/><\/p>\n<p>&nbsp;<\/p>\n<p><b>Os paso algunas fotos de mis amigos Jorge Urbano y Sol Santana del \u00a0Spa Para\u00edso\u00a0del Agua que tomaron ese dia en Nerja. Impresionante.<\/b><\/p>\n<p><img loading=\"lazy\" class=\"aligncenter size-full wp-image-19464\" src=\"https:\/\/static-blogs.diariosur.es\/wp-content\/uploads\/sites\/12\/2015\/01\/page-1.jpg\" alt=\"page\" width=\"600\" height=\"404\" srcset=\"https:\/\/static-blogs.diariosur.es\/wp-content\/uploads\/sites\/12\/2015\/01\/page-1.jpg 600w, https:\/\/static-blogs.diariosur.es\/wp-content\/uploads\/sites\/12\/2015\/01\/page-1-594x400.jpg 594w\" sizes=\"(max-width: 600px) 100vw, 600px\" \/><\/p>\n<p>&nbsp;<\/p>\n<p><strong>Esperemos que de nuevo se produzcan estos factores para ver nevar en M\u00e1laga.\u00a0<\/strong><\/p>\n<p>&nbsp;<\/p>\n<p><strong>Os dejo con las fotos del amanecer que tuvimos ayer jueves en M\u00e1laga. Por cierto pase tela de\u00a0fr\u00edo\u00a0debido al viento jijijij, sensaci\u00f3n\u00a0t\u00e9rmica\u00a0de casi 0 grados.<\/strong><\/p>\n<p>&nbsp;<\/p>\n<p><img loading=\"lazy\" class=\"aligncenter\" src=\"https:\/\/farm9.staticflickr.com\/8622\/16155696160_11c3df6e32_z.jpg\" alt=\"\" width=\"640\" height=\"373\" \/><\/p>\n<p>&nbsp;<\/p>\n<p>&nbsp;<\/p>\n<p><img loading=\"lazy\" class=\"aligncenter\" src=\"https:\/\/farm9.staticflickr.com\/8604\/16339597375_07591e44fc_z.jpg\" alt=\"\" width=\"640\" height=\"346\" \/><\/p>\n<p>&nbsp;<\/p>\n<p>&nbsp;<\/p>\n","protected":false},"excerpt":{"rendered":"<p>Buenos dias amigos de la meteo, son las seis de la ma\u00f1ana, registro 6,9 grados, los cielos de la Capital Malague\u00f1a est\u00e1n despejados y el viento esta en calma. En el\u00a0interior\u00a0oriental \u00a0de nuestra\u00a0regi\u00f3n\u00a0tienen nubes altas y posibles bancos de\u00a0niebla. En estos\u00a0momentos el viento de terral de invierno esta en calma, si soplara como ayer la [&hellip;]<\/p>\n","protected":false},"author":16,"featured_media":10981,"comment_status":"open","ping_status":"open","sticky":false,"template":"","format":"standard","meta":[],"categories":[2],"tags":[400,412,587,646,701,809,980],"_links":{"self":[{"href":"https:\/\/blogs.diariosur.es\/tormentas-y-rayos\/wp-json\/wp\/v2\/posts\/10973"}],"collection":[{"href":"https:\/\/blogs.diariosur.es\/tormentas-y-rayos\/wp-json\/wp\/v2\/posts"}],"about":[{"href":"https:\/\/blogs.diariosur.es\/tormentas-y-rayos\/wp-json\/wp\/v2\/types\/post"}],"author":[{"embeddable":true,"href":"https:\/\/blogs.diariosur.es\/tormentas-y-rayos\/wp-json\/wp\/v2\/users\/16"}],"replies":[{"embeddable":true,"href":"https:\/\/blogs.diariosur.es\/tormentas-y-rayos\/wp-json\/wp\/v2\/comments?post=10973"}],"version-history":[{"count":2,"href":"https:\/\/blogs.diariosur.es\/tormentas-y-rayos\/wp-json\/wp\/v2\/posts\/10973\/revisions"}],"predecessor-version":[{"id":19474,"href":"https:\/\/blogs.diariosur.es\/tormentas-y-rayos\/wp-json\/wp\/v2\/posts\/10973\/revisions\/19474"}],"wp:featuredmedia":[{"embeddable":true,"href":"https:\/\/blogs.diariosur.es\/tormentas-y-rayos\/wp-json\/wp\/v2\/media\/10981"}],"wp:attachment":[{"href":"https:\/\/blogs.diariosur.es\/tormentas-y-rayos\/wp-json\/wp\/v2\/media?parent=10973"}],"wp:term":[{"taxonomy":"category","embeddable":true,"href":"https:\/\/blogs.diariosur.es\/tormentas-y-rayos\/wp-json\/wp\/v2\/categories?post=10973"},{"taxonomy":"post_tag","embeddable":true,"href":"https:\/\/blogs.diariosur.es\/tormentas-y-rayos\/wp-json\/wp\/v2\/tags?post=10973"}],"curies":[{"name":"wp","href":"https:\/\/api.w.org\/{rel}","templated":true}]}}