{"id":10994,"date":"2015-01-28T07:07:42","date_gmt":"2015-01-28T06:07:42","guid":{"rendered":"http:\/\/blogs.diariosur.es\/tormentas-y-rayos\/?p=10994"},"modified":"2015-01-28T07:07:42","modified_gmt":"2015-01-28T06:07:42","slug":"prevision-del-tiempo-temporal-de-viento-mar-lluvia-y-nieve-en-la-peninsula-el-domingo-el-frio-sera-el-protagonista-en-toda-andalucia","status":"publish","type":"post","link":"https:\/\/blogs.diariosur.es\/tormentas-y-rayos\/2015\/01\/28\/prevision-del-tiempo-temporal-de-viento-mar-lluvia-y-nieve-en-la-peninsula-el-domingo-el-frio-sera-el-protagonista-en-toda-andalucia\/","title":{"rendered":"Previsi\u00f3n del tiempo. Temporal de viento, mar, lluvia y nieve en la pen\u00ednsula. El domingo el fr\u00edo sera el protagonista en toda Andaluc\u00eda."},"content":{"rendered":"<p style=\"text-align: center;\"><img loading=\"lazy\" class=\"aligncenter\" src=\"https:\/\/farm8.staticflickr.com\/7336\/16182814178_4cf0d6f219_q.jpg\" alt=\"\" width=\"150\" height=\"150\" \/><\/p>\n<p>&nbsp;<\/p>\n<p>&nbsp;<\/p>\n<p>&nbsp;<\/p>\n<p><a href=\"https:\/\/blogs.diariosur.es\/tormentas-y-rayos\/2015\/01\/29\/prevision-del-tiempo-seguimiento-especial-temporal-en-la-peninsula-aviso-amarillo-por-viento-y-olas-en-andalucia-precaucion-en-el-mar-de-alboran\/\">\u00a0<strong>ACTUALIZACI\u00d3N JUEVES 29 PINCHAR EN EL ENLACE<\/strong><\/a><\/p>\n<p>&nbsp;<\/p>\n<p>&nbsp;<\/p>\n<p><strong>Buenos\u00a0d\u00edas\u00a0amigos amigos de la meteo, antes de nada daros las gracias por las muestras de cari\u00f1o que\u00a0hab\u00e9is\u00a0tenido conmigo. Me encuentro un poco mejor.<\/strong><\/p>\n<p>&nbsp;<\/p>\n<p><strong>El terral de invierno soplara hoy en M\u00e1laga Capital hasta el\u00a0mediod\u00eda, esto\u00a0har\u00e1\u00a0que la\u00a0m\u00e1xima\u00a0sobrepase los 20 grados, ya que la\u00a0temperatura\u00a0a 850 hpa ( 1500 m) ronda los 9 grados. El viento amainara y rolara a levante flojo por la tarde. Durante la madrugada del jueves girara nuevamente a terral de invierno, tendiendo a arreciar sobre el\u00a0mediod\u00eda\u00a0con rachas fuertes.<\/strong><\/p>\n<p>&nbsp;<\/p>\n<p><strong>Ayer las\u00a0m\u00e1ximas\u00a0de la\u00a0pen\u00ednsula y\u00a0Andaluc\u00eda\u00a0se dieron\u00a0en\u00a0la\u00a0provincia malague\u00f1a, destaca Torremolinos con mas de 21. Las\u00a0m\u00e1ximas\u00a0de Espa\u00f1a se dieron en las Islas Canarias. Fuente Aemet<\/strong><\/p>\n<p>&nbsp;<\/p>\n<p><a href=\"https:\/\/blogs.diariosur.es\/tormentas-y-rayos\/2015\/01\/28\/prevision-del-tiempo-temporal-de-viento-mar-lluvia-y-nieve-en-la-peninsula-el-domingo-el-frio-sera-el-protagonista-en-toda-andalucia\/maximas-11\/\" rel=\"attachment wp-att-10997\"><img loading=\"lazy\" class=\"aligncenter size-medium wp-image-10997\" title=\"maximas\" src=\"\/tormentas-y-rayos\/wp-content\/uploads\/sites\/12\/2015\/01\/maximas1.jpg\" alt=\"\" width=\"600\" height=\"200\" srcset=\"https:\/\/static-blogs.diariosur.es\/wp-content\/uploads\/sites\/12\/2015\/01\/maximas1.jpg 774w, https:\/\/static-blogs.diariosur.es\/wp-content\/uploads\/sites\/12\/2015\/01\/maximas1-640x213.jpg 640w, https:\/\/static-blogs.diariosur.es\/wp-content\/uploads\/sites\/12\/2015\/01\/maximas1-768x256.jpg 768w\" sizes=\"(max-width: 600px) 100vw, 600px\" \/><\/a><\/p>\n<p><strong>\u00a0<\/strong><\/p>\n<p><span style=\"color: #ff0000;\"><strong>\u00a0TEMPORAL DE VIENTO, MAR, LLUVIA Y NIEVE A PARTIR DEL JUEVES.<\/strong><\/span><\/p>\n<p>&nbsp;<\/p>\n<p>&nbsp;<\/p>\n<p><strong>Intentare explicar como siempre y de forma sencilla \u00a0el\u00a0temporal que empezara ma\u00f1ana jueves en la\u00a0pen\u00ednsula.\u00a0<\/strong><\/p>\n<p><strong>Una profunda y potente borrasca que ahora mismo se encuentra sobre Islandia, se situara ma\u00f1ana en el Mar del Norte, abarcando con su radio de acci\u00f3n a \u00a0Europa Central y casi el Mediterr\u00e1neo. A todo esto hay que unirle un potente anticicl\u00f3n que se encuentra en las Islas Azores. Estos dos factores\u00a0har\u00e1n\u00a0que el gradiente de la presi\u00f3n sea muy grade, con lo cual el viento del noroeste soplara con rachas muy fuertes.\u00a0<\/strong><\/p>\n<p><strong>Os paso un mapa previsto para ma\u00f1ana jueves del modelo gfs fuente meteociel.<\/strong><\/p>\n<p>&nbsp;<\/p>\n<p><a href=\"https:\/\/blogs.diariosur.es\/tormentas-y-rayos\/2015\/01\/28\/prevision-del-tiempo-temporal-de-viento-mar-lluvia-y-nieve-en-la-peninsula-el-domingo-el-frio-sera-el-protagonista-en-toda-andalucia\/tempopral\/\" rel=\"attachment wp-att-10998\"><img loading=\"lazy\" class=\"aligncenter size-medium wp-image-10998\" title=\"tempopral\" src=\"\/tormentas-y-rayos\/wp-content\/uploads\/sites\/12\/2015\/01\/tempopral.jpg\" alt=\"\" width=\"593\" height=\"400\" srcset=\"https:\/\/static-blogs.diariosur.es\/wp-content\/uploads\/sites\/12\/2015\/01\/tempopral.jpg 771w, https:\/\/static-blogs.diariosur.es\/wp-content\/uploads\/sites\/12\/2015\/01\/tempopral-593x400.jpg 593w, https:\/\/static-blogs.diariosur.es\/wp-content\/uploads\/sites\/12\/2015\/01\/tempopral-768x518.jpg 768w\" sizes=\"(max-width: 593px) 100vw, 593px\" \/><\/a><\/p>\n<p>&nbsp;<\/p>\n<p><strong>Ma\u00f1ana jueves el Litoral\u00a0Mediterr\u00e1neo\u00a0Andaluz ya empezara a notar los vientos fuertes a partir de la tarde noche. Sera el viernes y madrugada del\u00a0s\u00e1bado\u00a0cuando las rachas\u00a0ser\u00e1n\u00a0muy fuertes en el Mar de Albor\u00e1n. <span style=\"color: #ff0000;\">Mucha precauci\u00f3n si\u00a0sal\u00eds\u00a0a faenar o navegar, se espera mar gruesa, es decir olas de 6 metros.<\/span><\/strong><\/p>\n<p><strong>La aemet activa el aviso amarillo el viernes por\u00a0fen\u00f3menos\u00a0costeros en las costas malague\u00f1as y naranja en Granada y Almer\u00eda<\/strong>. <strong>Fuente aemet<\/strong><\/p>\n<p>&nbsp;<\/p>\n<p><a href=\"https:\/\/blogs.diariosur.es\/tormentas-y-rayos\/2015\/01\/28\/prevision-del-tiempo-temporal-de-viento-mar-lluvia-y-nieve-en-la-peninsula-el-domingo-el-frio-sera-el-protagonista-en-toda-andalucia\/20150128060000_avi_pmna\/\" rel=\"attachment wp-att-11005\"><img loading=\"lazy\" class=\"aligncenter size-full wp-image-11005\" title=\"20150128060000_avi_pmna\" src=\"\/tormentas-y-rayos\/wp-content\/uploads\/sites\/12\/2015\/01\/20150128060000_avi_pmna.png\" alt=\"\" width=\"500\" height=\"334\" \/><\/a><\/p>\n<p>&nbsp;<\/p>\n<p>&nbsp;<\/p>\n<p>&nbsp;<\/p>\n<p><a href=\"https:\/\/blogs.diariosur.es\/tormentas-y-rayos\/2015\/01\/28\/prevision-del-tiempo-temporal-de-viento-mar-lluvia-y-nieve-en-la-peninsula-el-domingo-el-frio-sera-el-protagonista-en-toda-andalucia\/v-5\/\" rel=\"attachment wp-att-10999\"><img loading=\"lazy\" class=\"aligncenter size-large wp-image-10999\" title=\"v\" src=\"\/tormentas-y-rayos\/wp-content\/uploads\/sites\/12\/2015\/01\/v.jpg\" alt=\"\" width=\"599\" height=\"600\" srcset=\"https:\/\/static-blogs.diariosur.es\/wp-content\/uploads\/sites\/12\/2015\/01\/v.jpg 767w, https:\/\/static-blogs.diariosur.es\/wp-content\/uploads\/sites\/12\/2015\/01\/v-150x150.jpg 150w, https:\/\/static-blogs.diariosur.es\/wp-content\/uploads\/sites\/12\/2015\/01\/v-399x400.jpg 399w\" sizes=\"(max-width: 599px) 100vw, 599px\" \/><\/a><\/p>\n<p>&nbsp;<\/p>\n<p>&nbsp;<\/p>\n<p>&nbsp;<\/p>\n<p>&nbsp;<\/p>\n<p><a href=\"https:\/\/blogs.diariosur.es\/tormentas-y-rayos\/2015\/01\/28\/prevision-del-tiempo-temporal-de-viento-mar-lluvia-y-nieve-en-la-peninsula-el-domingo-el-frio-sera-el-protagonista-en-toda-andalucia\/rachas-muy-fuertes\/\" rel=\"attachment wp-att-11002\"><img loading=\"lazy\" class=\"aligncenter size-large wp-image-11002\" title=\"rachas muy fuertes\" src=\"\/tormentas-y-rayos\/wp-content\/uploads\/sites\/12\/2015\/01\/rachas-muy-fuertes.jpg\" alt=\"\" width=\"618\" height=\"600\" srcset=\"https:\/\/static-blogs.diariosur.es\/wp-content\/uploads\/sites\/12\/2015\/01\/rachas-muy-fuertes.jpg 777w, https:\/\/static-blogs.diariosur.es\/wp-content\/uploads\/sites\/12\/2015\/01\/rachas-muy-fuertes-412x400.jpg 412w, https:\/\/static-blogs.diariosur.es\/wp-content\/uploads\/sites\/12\/2015\/01\/rachas-muy-fuertes-768x745.jpg 768w\" sizes=\"(max-width: 618px) 100vw, 618px\" \/><\/a><\/p>\n<p>&nbsp;<\/p>\n<p><strong>Esta borrasca generara varios frentes, el primero afectara ma\u00f1ana por la tarde noche al norte peninsular y el viernes al resto de la\u00a0pen\u00ednsula\u00a0, la verdad que aun no tengo muy claro como afectara a Andaluc\u00eda y a nuestra\u00a0provincia malague\u00f1a. No creo que deje mucha agua, solo algunas gotas. El segundo frente que se espera el\u00a0s\u00e1bado\u00a0si\u00a0podr\u00eda\u00a0dejar algo mas de agua, sobre todo por el interior.<\/strong><\/p>\n<p><strong>Si me\u00a0permit\u00eds, ma\u00f1ana jueves seguiremos hablando de esto y sobre todo del fr\u00edo que se espera el domingo.\u00a0<\/strong><\/p>\n<p><a href=\"https:\/\/blogs.diariosur.es\/tormentas-y-rayos\/2015\/01\/28\/prevision-del-tiempo-temporal-de-viento-mar-lluvia-y-nieve-en-la-peninsula-el-domingo-el-frio-sera-el-protagonista-en-toda-andalucia\/captura-574\/\" rel=\"attachment wp-att-11001\"><img loading=\"lazy\" class=\"aligncenter size-medium wp-image-11001\" title=\"Captura\" src=\"\/tormentas-y-rayos\/wp-content\/uploads\/sites\/12\/2015\/01\/Captura22.jpg\" alt=\"\" width=\"344\" height=\"400\" srcset=\"https:\/\/static-blogs.diariosur.es\/wp-content\/uploads\/sites\/12\/2015\/01\/Captura22.jpg 764w, https:\/\/static-blogs.diariosur.es\/wp-content\/uploads\/sites\/12\/2015\/01\/Captura22-345x400.jpg 345w\" sizes=\"(max-width: 344px) 100vw, 344px\" \/><\/a><\/p>\n<p>&nbsp;<\/p>\n<p>&nbsp;<\/p>\n<p><strong>Me encanta estas\u00a0im\u00e1genes\u00a0que os pongo \u00a0amigos de la meteo, son del\u00a0sat\u00e9lite\u00a0Acua, las zonas que veis rojas son nieve.\u00a0<\/strong><\/p>\n<p>&nbsp;<\/p>\n<p><a href=\"https:\/\/blogs.diariosur.es\/tormentas-y-rayos\/2015\/01\/28\/prevision-del-tiempo-temporal-de-viento-mar-lluvia-y-nieve-en-la-peninsula-el-domingo-el-frio-sera-el-protagonista-en-toda-andalucia\/europe_3_01-2015025-terra-367-1km\/\" rel=\"attachment wp-att-10995\"><img loading=\"lazy\" class=\"aligncenter size-full wp-image-10995\" title=\"Europe_3_01.2015025.terra.367.1km\" src=\"\/tormentas-y-rayos\/wp-content\/uploads\/sites\/12\/2015\/01\/Europe_3_01.2015025.terra_.367.1km.jpg\" alt=\"\" width=\"640\" height=\"723\" srcset=\"https:\/\/static-blogs.diariosur.es\/wp-content\/uploads\/sites\/12\/2015\/01\/Europe_3_01.2015025.terra_.367.1km.jpg 640w, https:\/\/static-blogs.diariosur.es\/wp-content\/uploads\/sites\/12\/2015\/01\/Europe_3_01.2015025.terra_.367.1km-354x400.jpg 354w\" sizes=\"(max-width: 640px) 100vw, 640px\" \/><\/a><\/p>\n<p>&nbsp;<\/p>\n<p><a href=\"https:\/\/blogs.diariosur.es\/tormentas-y-rayos\/2015\/01\/28\/prevision-del-tiempo-temporal-de-viento-mar-lluvia-y-nieve-en-la-peninsula-el-domingo-el-frio-sera-el-protagonista-en-toda-andalucia\/m-11\/\" rel=\"attachment wp-att-10996\"><img loading=\"lazy\" class=\"aligncenter size-full wp-image-10996\" title=\"m\" src=\"\/tormentas-y-rayos\/wp-content\/uploads\/sites\/12\" alt=\"\" width=\"640\" height=\"424\" \/><\/a><\/p>\n<p>&nbsp;<\/p>\n<p>&nbsp;<\/p>\n<p><strong>Os dejo con estas dos fotos del martes pasado.<\/strong><\/p>\n<p>&nbsp;<\/p>\n<p><img loading=\"lazy\" class=\"aligncenter\" src=\"https:\/\/farm8.staticflickr.com\/7314\/16379214485_6563367a58_z.jpg\" alt=\"\" width=\"640\" height=\"348\" \/><\/p>\n<p>&nbsp;<\/p>\n<p><img loading=\"lazy\" class=\"aligncenter\" src=\"https:\/\/farm8.staticflickr.com\/7402\/15733336183_f53df07b88_z.jpg\" alt=\"\" width=\"640\" height=\"285\" \/><\/p>\n","protected":false},"excerpt":{"rendered":"<p>&nbsp; &nbsp; &nbsp; \u00a0ACTUALIZACI\u00d3N JUEVES 29 PINCHAR EN EL ENLACE &nbsp; &nbsp; Buenos\u00a0d\u00edas\u00a0amigos amigos de la meteo, antes de nada daros las gracias por las muestras de cari\u00f1o que\u00a0hab\u00e9is\u00a0tenido conmigo. Me encuentro un poco mejor. &nbsp; El terral de invierno soplara hoy en M\u00e1laga Capital hasta el\u00a0mediod\u00eda, esto\u00a0har\u00e1\u00a0que la\u00a0m\u00e1xima\u00a0sobrepase los 20 grados, ya que la\u00a0temperatura\u00a0a [&hellip;]<\/p>\n","protected":false},"author":16,"featured_media":11003,"comment_status":"open","ping_status":"open","sticky":false,"template":"","format":"standard","meta":[],"categories":[2],"tags":[100,569,701,769,809,966,980,1059],"_links":{"self":[{"href":"https:\/\/blogs.diariosur.es\/tormentas-y-rayos\/wp-json\/wp\/v2\/posts\/10994"}],"collection":[{"href":"https:\/\/blogs.diariosur.es\/tormentas-y-rayos\/wp-json\/wp\/v2\/posts"}],"about":[{"href":"https:\/\/blogs.diariosur.es\/tormentas-y-rayos\/wp-json\/wp\/v2\/types\/post"}],"author":[{"embeddable":true,"href":"https:\/\/blogs.diariosur.es\/tormentas-y-rayos\/wp-json\/wp\/v2\/users\/16"}],"replies":[{"embeddable":true,"href":"https:\/\/blogs.diariosur.es\/tormentas-y-rayos\/wp-json\/wp\/v2\/comments?post=10994"}],"version-history":[{"count":0,"href":"https:\/\/blogs.diariosur.es\/tormentas-y-rayos\/wp-json\/wp\/v2\/posts\/10994\/revisions"}],"wp:featuredmedia":[{"embeddable":true,"href":"https:\/\/blogs.diariosur.es\/tormentas-y-rayos\/wp-json\/wp\/v2\/media\/11003"}],"wp:attachment":[{"href":"https:\/\/blogs.diariosur.es\/tormentas-y-rayos\/wp-json\/wp\/v2\/media?parent=10994"}],"wp:term":[{"taxonomy":"category","embeddable":true,"href":"https:\/\/blogs.diariosur.es\/tormentas-y-rayos\/wp-json\/wp\/v2\/categories?post=10994"},{"taxonomy":"post_tag","embeddable":true,"href":"https:\/\/blogs.diariosur.es\/tormentas-y-rayos\/wp-json\/wp\/v2\/tags?post=10994"}],"curies":[{"name":"wp","href":"https:\/\/api.w.org\/{rel}","templated":true}]}}