{"id":11006,"date":"2015-01-29T08:33:15","date_gmt":"2015-01-29T07:33:15","guid":{"rendered":"http:\/\/blogs.diariosur.es\/tormentas-y-rayos\/?p=11006"},"modified":"2015-01-29T08:33:15","modified_gmt":"2015-01-29T07:33:15","slug":"prevision-del-tiempo-seguimiento-especial-temporal-en-la-peninsula-aviso-amarillo-por-viento-y-olas-en-andalucia-precaucion-en-el-mar-de-alboran","status":"publish","type":"post","link":"https:\/\/blogs.diariosur.es\/tormentas-y-rayos\/2015\/01\/29\/prevision-del-tiempo-seguimiento-especial-temporal-en-la-peninsula-aviso-amarillo-por-viento-y-olas-en-andalucia-precaucion-en-el-mar-de-alboran\/","title":{"rendered":"Ultima hora para el s\u00e1bado. Previsi\u00f3n del tiempo. Seguimiento especial temporal en la pen\u00ednsula jueves 29. Aviso amarillo  por viento y olas en Andaluc\u00eda."},"content":{"rendered":"<p><img loading=\"lazy\" class=\"alignright\" src=\"https:\/\/farm8.staticflickr.com\/7336\/16182814178_4cf0d6f219_q.jpg\" alt=\"\" width=\"150\" height=\"150\" \/><\/p>\n<p><a href=\"https:\/\/blogs.diariosur.es\/tormentas-y-rayos\/2015\/01\/29\/prevision-del-tiempo-seguimiento-especial-temporal-en-la-peninsula-aviso-amarillo-por-viento-y-olas-en-andalucia-precaucion-en-el-mar-de-alboran\/avisos-4\/\" rel=\"attachment wp-att-11015\"><img loading=\"lazy\" class=\"aligncenter size-thumbnail wp-image-11015\" title=\"avisos\" src=\"\/tormentas-y-rayos\/wp-content\/uploads\/sites\/12\/2015\/01\/avisos1.jpg\" alt=\"\" width=\"150\" height=\"150\" \/><\/a><\/p>\n<p>&nbsp;<\/p>\n<p>&nbsp;<\/p>\n<p>&nbsp;<\/p>\n<p>&nbsp;<\/p>\n<p>&nbsp;<\/p>\n<p>&nbsp;<\/p>\n<p><span><span style=\"color: #ff0000;\">\u00a0<\/span><strong><span style=\"color: #ff0000;\">ACTUALIZACI\u00d3N ULTIMA HORA: SE ACTIVA EL AVISO AMARILLO Y NARANJA POR VIENTOS EN TODA LA\u00a0PEN\u00cdNSULA EL\u00a0S\u00c1BADO\u00a031.<\/span><\/strong><\/span><\/p>\n<p>&nbsp;<\/p>\n<p><a href=\"https:\/\/blogs.diariosur.es\/tormentas-y-rayos\/2015\/01\/29\/prevision-del-tiempo-seguimiento-especial-temporal-en-la-peninsula-aviso-amarillo-por-viento-y-olas-en-andalucia-precaucion-en-el-mar-de-alboran\/t-10\/\" rel=\"attachment wp-att-11017\"><img loading=\"lazy\" class=\"aligncenter size-full wp-image-11017\" title=\"T\" src=\"\/tormentas-y-rayos\/wp-content\/uploads\/sites\/12\" alt=\"\" width=\"603\" height=\"431\" \/><\/a><a href=\"https:\/\/blogs.diariosur.es\/tormentas-y-rayos\/2015\/01\/29\/prevision-del-tiempo-seguimiento-especial-temporal-en-la-peninsula-aviso-amarillo-por-viento-y-olas-en-andalucia-precaucion-en-el-mar-de-alboran\/todod\/\" rel=\"attachment wp-att-11018\"><img loading=\"lazy\" class=\"aligncenter size-medium wp-image-11018\" title=\"TODOD\" src=\"\/tormentas-y-rayos\/wp-content\/uploads\/sites\/12\/2015\/01\/TODOD.jpg\" alt=\"\" width=\"545\" height=\"400\" srcset=\"https:\/\/static-blogs.diariosur.es\/wp-content\/uploads\/sites\/12\/2015\/01\/TODOD.jpg 645w, https:\/\/static-blogs.diariosur.es\/wp-content\/uploads\/sites\/12\/2015\/01\/TODOD-545x400.jpg 545w\" sizes=\"(max-width: 545px) 100vw, 545px\" \/><\/a><\/p>\n<p>&nbsp;<\/p>\n<p>&nbsp;<\/p>\n<p>&nbsp;<\/p>\n<p>&nbsp;<\/p>\n<p>&nbsp;<\/p>\n<p><strong>Buenos dias amigos de la meteo, son las ocho de la ma\u00f1ana, registro 12 grados y asi amanece en estos momentos en M\u00e1laga Capital. Distingo un peque\u00f1o altoc\u00famulo lenticular.<\/strong><\/p>\n<p>&nbsp;<\/p>\n<p><a href=\"https:\/\/blogs.diariosur.es\/tormentas-y-rayos\/2015\/01\/29\/prevision-del-tiempo-seguimiento-especial-temporal-en-la-peninsula-aviso-amarillo-por-viento-y-olas-en-andalucia-precaucion-en-el-mar-de-alboran\/_dsc7262\/\" rel=\"attachment wp-att-11011\"><img loading=\"lazy\" class=\"aligncenter size-full wp-image-11011\" title=\"_DSC7262\" src=\"\/tormentas-y-rayos\/wp-content\/uploads\/sites\/12\/2015\/01\/DSC7262.jpg\" alt=\"\" width=\"640\" height=\"427\" srcset=\"https:\/\/static-blogs.diariosur.es\/wp-content\/uploads\/sites\/12\/2015\/01\/DSC7262.jpg 640w, https:\/\/static-blogs.diariosur.es\/wp-content\/uploads\/sites\/12\/2015\/01\/DSC7262-600x400.jpg 600w\" sizes=\"(max-width: 640px) 100vw, 640px\" \/><\/a><\/p>\n<p>&nbsp;<\/p>\n<p>&nbsp;<\/p>\n<p>&nbsp;<\/p>\n<p><strong>Para los que\u00a0entr\u00e1is\u00a0por primera vez os paso el enlace \u00a0donde explicaba el por qu\u00e9 de este cambio tan brusco de tiempo.<\/strong><\/p>\n<p><em><strong><span style=\"color: #ff0000;\"><a href=\"https:\/\/blogs.diariosur.es\/tormentas-y-rayos\/2015\/01\/28\/prevision-del-tiempo-temporal-de-viento-mar-lluvia-y-nieve-en-la-peninsula-el-domingo-el-frio-sera-el-protagonista-en-toda-andalucia\/\">TEMPORAL EN LA PENINSULA<\/a><\/span><\/strong><\/em><\/p>\n<p><strong>Primeramente comentaros que el\u00a0d\u00eda\u00a0de hoy se presenta parecido en cuanto a temperaturas, nuevamente la\u00a0m\u00e1xima\u00a0en M\u00e1laga Capital sobrepasara los 20 grados. Ayer dimos estas\u00a0m\u00e1ximas\u00a0en Andaluc\u00eda. Fuente aemet.<\/strong><\/p>\n<p><strong>Destaca Motril y Torremolinos con 23 y 22 grados. En la gran\u00a0mayor\u00eda\u00a0de Andaluc\u00eda se dieron\u00a0m\u00e1ximas\u00a0nada habituales para las fechas que estamos.<\/strong><\/p>\n<p><a href=\"https:\/\/blogs.diariosur.es\/tormentas-y-rayos\/2015\/01\/29\/prevision-del-tiempo-seguimiento-especial-temporal-en-la-peninsula-aviso-amarillo-por-viento-y-olas-en-andalucia-precaucion-en-el-mar-de-alboran\/captura-575\/\" rel=\"attachment wp-att-11007\"><img loading=\"lazy\" class=\"aligncenter size-medium wp-image-11007\" title=\"Captura\" src=\"\/tormentas-y-rayos\/wp-content\/uploads\/sites\/12\/2015\/01\/Captura23.jpg\" alt=\"\" width=\"600\" height=\"372\" srcset=\"https:\/\/static-blogs.diariosur.es\/wp-content\/uploads\/sites\/12\/2015\/01\/Captura23.jpg 759w, https:\/\/static-blogs.diariosur.es\/wp-content\/uploads\/sites\/12\/2015\/01\/Captura23-640x397.jpg 640w\" sizes=\"(max-width: 600px) 100vw, 600px\" \/><\/a><a href=\"https:\/\/blogs.diariosur.es\/tormentas-y-rayos\/2015\/01\/29\/prevision-del-tiempo-seguimiento-especial-temporal-en-la-peninsula-aviso-amarillo-por-viento-y-olas-en-andalucia-precaucion-en-el-mar-de-alboran\/tem-6\/\" rel=\"attachment wp-att-11008\"><img loading=\"lazy\" class=\"aligncenter size-medium wp-image-11008\" title=\"tem\" src=\"\/tormentas-y-rayos\/wp-content\/uploads\/sites\/12\/2015\/01\/tem.jpg\" alt=\"\" width=\"600\" height=\"181\" srcset=\"https:\/\/static-blogs.diariosur.es\/wp-content\/uploads\/sites\/12\/2015\/01\/tem.jpg 779w, https:\/\/static-blogs.diariosur.es\/wp-content\/uploads\/sites\/12\/2015\/01\/tem-640x193.jpg 640w, https:\/\/static-blogs.diariosur.es\/wp-content\/uploads\/sites\/12\/2015\/01\/tem-768x232.jpg 768w\" sizes=\"(max-width: 600px) 100vw, 600px\" \/><\/a><\/p>\n<p>&nbsp;<\/p>\n<p><strong>El terral de invierno y el poniente\u00a0ir\u00e1n\u00a0tomando protagonismo\u00a0\u00a0en la Costa\u00a0Mediterr\u00e1nea\u00a0Andaluza, asi como por el interior. \u00a0El primer frente \u00a0muy debilitado llegara a Andaluc\u00eda a ultima hora de la tarde,\u00a0traer\u00e1\u00a0nubes altas y medias. Hay probabilidad de que se produzcan\u00a0precipitaciones\u00a0d\u00e9biles\u00a0y dispersas en las Sierras Orientales Andaluzas y en otros puntos de Andaluc\u00eda a ultima hora de la noche y madrugada del viernes.<\/strong><\/p>\n<p><strong>La aemet\u00a0activa\u00a0hoy jueves el aviso amarillo por vientos y\u00a0fen\u00f3menos\u00a0costeros en las provincias de Amer\u00eda y Granada. Os paso el mapa de avisos. Precauci\u00f3n con el viento en la zona levantina y norte de la\u00a0pen\u00ednsula.<\/strong><\/p>\n<p>&nbsp;<\/p>\n<p><a href=\"https:\/\/blogs.diariosur.es\/tormentas-y-rayos\/2015\/01\/29\/prevision-del-tiempo-seguimiento-especial-temporal-en-la-peninsula-aviso-amarillo-por-viento-y-olas-en-andalucia-precaucion-en-el-mar-de-alboran\/avisos-3\/\" rel=\"attachment wp-att-11009\"><img loading=\"lazy\" class=\"aligncenter size-full wp-image-11009\" title=\"avisos\" src=\"\/tormentas-y-rayos\/wp-content\/uploads\/sites\/12\/2015\/01\/avisos.jpg\" alt=\"\" width=\"530\" height=\"400\" \/><\/a><\/p>\n<p>&nbsp;<\/p>\n<p><strong>Ma\u00f1ana viernes los avisos se\u00a0ampl\u00edan\u00a0a la costa malague\u00f1a por olas. Subiendo el nivel de aviso en muchos puntos de la\u00a0pen\u00ednsula.<\/strong><\/p>\n<p>&nbsp;<\/p>\n<p><a href=\"https:\/\/blogs.diariosur.es\/tormentas-y-rayos\/2015\/01\/29\/prevision-del-tiempo-seguimiento-especial-temporal-en-la-peninsula-aviso-amarillo-por-viento-y-olas-en-andalucia-precaucion-en-el-mar-de-alboran\/20150129061000_avi_mna\/\" rel=\"attachment wp-att-11010\"><img loading=\"lazy\" class=\"aligncenter size-full wp-image-11010\" title=\"20150129061000_avi_mna\" src=\"\/tormentas-y-rayos\/wp-content\/uploads\/sites\/12\/2015\/01\/20150129061000_avi_mna.png\" alt=\"\" width=\"500\" height=\"334\" \/><\/a><\/p>\n<p>&nbsp;<\/p>\n<p><strong>Ma\u00f1ana viernes y el\u00a0s\u00e1bado\u00a0hay que tener mucha precauci\u00f3n si\u00a0sal\u00eds\u00a0a faenar o navegar sobre todo por la zona del Mar de Alboran, se esperan rachas muy fuertes de viento y mar gruesa. Las olas pueden superar los 6 metros.<\/strong><\/p>\n<p><a href=\"https:\/\/blogs.diariosur.es\/tormentas-y-rayos\/2015\/01\/29\/prevision-del-tiempo-seguimiento-especial-temporal-en-la-peninsula-aviso-amarillo-por-viento-y-olas-en-andalucia-precaucion-en-el-mar-de-alboran\/z-48\/\" rel=\"attachment wp-att-11012\"><img loading=\"lazy\" class=\"aligncenter size-medium wp-image-11012\" title=\"z\" src=\"\/tormentas-y-rayos\/wp-content\/uploads\/sites\/12\/2015\/01\/z5.jpg\" alt=\"\" width=\"568\" height=\"400\" srcset=\"https:\/\/static-blogs.diariosur.es\/wp-content\/uploads\/sites\/12\/2015\/01\/z5.jpg 781w, https:\/\/static-blogs.diariosur.es\/wp-content\/uploads\/sites\/12\/2015\/01\/z5-568x400.jpg 568w, https:\/\/static-blogs.diariosur.es\/wp-content\/uploads\/sites\/12\/2015\/01\/z5-768x541.jpg 768w\" sizes=\"(max-width: 568px) 100vw, 568px\" \/><\/a><a href=\"https:\/\/blogs.diariosur.es\/tormentas-y-rayos\/2015\/01\/29\/prevision-del-tiempo-seguimiento-especial-temporal-en-la-peninsula-aviso-amarillo-por-viento-y-olas-en-andalucia-precaucion-en-el-mar-de-alboran\/z1-27\/\" rel=\"attachment wp-att-11013\"><img loading=\"lazy\" class=\"aligncenter size-medium wp-image-11013\" title=\"z1\" src=\"\/tormentas-y-rayos\/wp-content\/uploads\/sites\/12\/2015\/01\/z12.jpg\" alt=\"\" width=\"556\" height=\"400\" srcset=\"https:\/\/static-blogs.diariosur.es\/wp-content\/uploads\/sites\/12\/2015\/01\/z12.jpg 778w, https:\/\/static-blogs.diariosur.es\/wp-content\/uploads\/sites\/12\/2015\/01\/z12-557x400.jpg 557w, https:\/\/static-blogs.diariosur.es\/wp-content\/uploads\/sites\/12\/2015\/01\/z12-768x552.jpg 768w\" sizes=\"(max-width: 556px) 100vw, 556px\" \/><\/a><\/p>\n<p>&nbsp;<\/p>\n<p>&nbsp;<\/p>\n<p><strong>\u00a0Si alguno me\u00a0le\u00e9is desde Bilbao, comentaros que durante el partido puede llover.\u00a0<\/strong><\/p>\n<p>&nbsp;<\/p>\n<p>&nbsp;<\/p>\n<p>&nbsp;<\/p>\n<p>&nbsp;<\/p>\n<p><strong>Por ultimo comentaros que sera el domingo cuando notemos mucho \u00a0mas el fr\u00edo en Andaluc\u00eda, pero de esto hablaremos el\u00a0s\u00e1bado.\u00a0\u00a0<\/strong><\/p>\n<p><strong>Os dejo con este mapa de superficie previsto para ma\u00f1ana. Impresionante<\/strong><\/p>\n<p>&nbsp;<\/p>\n<p><strong>Fuente Metoffice.<\/strong><\/p>\n<p>&nbsp;<\/p>\n<p><a href=\"https:\/\/blogs.diariosur.es\/tormentas-y-rayos\/2015\/01\/29\/prevision-del-tiempo-seguimiento-especial-temporal-en-la-peninsula-aviso-amarillo-por-viento-y-olas-en-andalucia-precaucion-en-el-mar-de-alboran\/met-office-5\/\" rel=\"attachment wp-att-11014\"><img loading=\"lazy\" class=\"aligncenter size-medium wp-image-11014\" title=\"met office\" src=\"\/tormentas-y-rayos\/wp-content\/uploads\/sites\/12\/2015\/01\/met-office.gif\" alt=\"\" width=\"498\" height=\"400\" \/><\/a><\/p>\n","protected":false},"excerpt":{"rendered":"<p>&nbsp; &nbsp; &nbsp; &nbsp; &nbsp; &nbsp; \u00a0ACTUALIZACI\u00d3N ULTIMA HORA: SE ACTIVA EL AVISO AMARILLO Y NARANJA POR VIENTOS EN TODA LA\u00a0PEN\u00cdNSULA EL\u00a0S\u00c1BADO\u00a031. &nbsp; &nbsp; &nbsp; &nbsp; &nbsp; &nbsp; Buenos dias amigos de la meteo, son las ocho de la ma\u00f1ana, registro 12 grados y asi amanece en estos momentos en M\u00e1laga Capital. Distingo un peque\u00f1o [&hellip;]<\/p>\n","protected":false},"author":16,"featured_media":11014,"comment_status":"open","ping_status":"open","sticky":false,"template":"","format":"standard","meta":[],"categories":[2],"tags":[63,91,100,151,179,376,441,587,760,769,809,901,966,980,1059],"_links":{"self":[{"href":"https:\/\/blogs.diariosur.es\/tormentas-y-rayos\/wp-json\/wp\/v2\/posts\/11006"}],"collection":[{"href":"https:\/\/blogs.diariosur.es\/tormentas-y-rayos\/wp-json\/wp\/v2\/posts"}],"about":[{"href":"https:\/\/blogs.diariosur.es\/tormentas-y-rayos\/wp-json\/wp\/v2\/types\/post"}],"author":[{"embeddable":true,"href":"https:\/\/blogs.diariosur.es\/tormentas-y-rayos\/wp-json\/wp\/v2\/users\/16"}],"replies":[{"embeddable":true,"href":"https:\/\/blogs.diariosur.es\/tormentas-y-rayos\/wp-json\/wp\/v2\/comments?post=11006"}],"version-history":[{"count":0,"href":"https:\/\/blogs.diariosur.es\/tormentas-y-rayos\/wp-json\/wp\/v2\/posts\/11006\/revisions"}],"wp:featuredmedia":[{"embeddable":true,"href":"https:\/\/blogs.diariosur.es\/tormentas-y-rayos\/wp-json\/wp\/v2\/media\/11014"}],"wp:attachment":[{"href":"https:\/\/blogs.diariosur.es\/tormentas-y-rayos\/wp-json\/wp\/v2\/media?parent=11006"}],"wp:term":[{"taxonomy":"category","embeddable":true,"href":"https:\/\/blogs.diariosur.es\/tormentas-y-rayos\/wp-json\/wp\/v2\/categories?post=11006"},{"taxonomy":"post_tag","embeddable":true,"href":"https:\/\/blogs.diariosur.es\/tormentas-y-rayos\/wp-json\/wp\/v2\/tags?post=11006"}],"curies":[{"name":"wp","href":"https:\/\/api.w.org\/{rel}","templated":true}]}}