{"id":11020,"date":"2015-01-30T06:13:04","date_gmt":"2015-01-30T05:13:04","guid":{"rendered":"http:\/\/blogs.diariosur.es\/tormentas-y-rayos\/?p=11020"},"modified":"2015-01-30T06:13:04","modified_gmt":"2015-01-30T05:13:04","slug":"seguimiento-especial-temporal-de-viento-aviso-amarillo-y-naranja-en-toda-la-peninsula-manana-sabado-ultima-hora-ya-soy-abuelo","status":"publish","type":"post","link":"https:\/\/blogs.diariosur.es\/tormentas-y-rayos\/2015\/01\/30\/seguimiento-especial-temporal-de-viento-aviso-amarillo-y-naranja-en-toda-la-peninsula-manana-sabado-ultima-hora-ya-soy-abuelo\/","title":{"rendered":"Seguimiento especial temporal de viento. Aviso amarillo y naranja en toda la pen\u00ednsula ma\u00f1ana sabado. Ultima hora: ya soy abuelo."},"content":{"rendered":"<p><img loading=\"lazy\" class=\"alignright\" src=\"https:\/\/farm8.staticflickr.com\/7336\/16182814178_4cf0d6f219_q.jpg\" alt=\"\" width=\"150\" height=\"150\" \/><\/p>\n<p>&nbsp;<\/p>\n<p><a href=\"https:\/\/blogs.diariosur.es\/tormentas-y-rayos\/2015\/01\/30\/seguimiento-especial-temporal-de-viento-aviso-amarillo-y-naranja-en-toda-la-peninsula-manana-sabado-ultima-hora-ya-soy-abuelo\/10931462_10204538287676137_1910997887546049047_o\/\" rel=\"attachment wp-att-11023\"><img loading=\"lazy\" class=\"aligncenter size-full wp-image-11023\" title=\"10931462_10204538287676137_1910997887546049047_o\" src=\"\/tormentas-y-rayos\/wp-content\/uploads\/sites\/12\/2015\/01\/10931462_10204538287676137_1910997887546049047_o.jpg\" alt=\"\" width=\"400\" height=\"299\" \/><\/a><\/p>\n<p>&nbsp;<\/p>\n<p>&nbsp;<\/p>\n<p>&nbsp;<\/p>\n<p>&nbsp;<\/p>\n<p>&nbsp;<\/p>\n<p><span style=\"color: #ff0000; font-size: medium;\"><strong>ACTUALIZACI\u00d3N VIERNES 30 DE ENERO.<\/strong><\/span><\/p>\n<p>&nbsp;<\/p>\n<p><span style=\"font-size: medium;\"><strong>Buenos\u00a0d\u00edas\u00a0amigos de la meteo, son las cinco de la ma\u00f1ana, registro 16 grados y el terral de invierno y el poniente son protagonistas. Y si amigos, desde las dos de la ma\u00f1ana soy \u00a0abuelo, Leila es preciosa y mi hija Lidia esta\u00a0estupendamente. Asi que hoy el post sera muy cortito, en unos segundos tiro de nuevo para el hospital.\u00a0<\/strong><\/span><\/p>\n<p><span style=\"font-size: medium;\"><strong>Comentaros que el viento de terral de invierno y el poniente sera el protagonista hoy en toda\u00a0Andaluc\u00eda, de momento no\u00a0har\u00e1\u00a0fr\u00edo, fijaros en la temperatura que damos cuando son casi las seis de la ma\u00f1ana, nada mas y nada menos que 16 grados. Puede caer algunas gotas, pero con mayor probabilidad en los sistemas monta\u00f1osos. La zona de la axarqu\u00eda malague\u00f1a tambi\u00e9n entra hoy en aviso amarillo por vientos.<\/strong><\/span><\/p>\n<p><span style=\"font-size: medium;\"><strong>Os paso los aviso para hoy viernes.<\/strong><\/span><\/p>\n<p>&nbsp;<\/p>\n<p>&nbsp;<\/p>\n<p><span style=\"font-size: medium;\"><a href=\"https:\/\/blogs.diariosur.es\/tormentas-y-rayos\/2015\/01\/30\/seguimiento-especial-temporal-de-viento-aviso-amarillo-y-naranja-en-toda-la-peninsula-manana-sabado-ultima-hora-ya-soy-abuelo\/viernes-23\/\" rel=\"attachment wp-att-11021\"><img loading=\"lazy\" class=\"aligncenter size-full wp-image-11021\" title=\"viernes\" src=\"\/tormentas-y-rayos\/wp-content\/uploads\/sites\/12\/2015\/01\/viernes.png\" alt=\"\" width=\"500\" height=\"334\" \/><\/a><\/span><\/p>\n<p>&nbsp;<\/p>\n<p>&nbsp;<\/p>\n<p><span style=\"font-size: medium;\"><strong>Ma\u00f1ana\u00a0s\u00e1bado\u00a0sera el dia mas fuerte del temporal, por este motivo la aemet ha activado los avisos en casi toda la\u00a0pen\u00ednsula, en\u00a0Andaluc\u00eda\u00a0ser\u00e1n\u00a0por vientos y\u00a0fen\u00f3menos\u00a0costeros.<\/strong><\/span><\/p>\n<p>&nbsp;<\/p>\n<p>&nbsp;<\/p>\n<p><span style=\"font-size: medium;\"><a href=\"https:\/\/blogs.diariosur.es\/tormentas-y-rayos\/2015\/01\/30\/seguimiento-especial-temporal-de-viento-aviso-amarillo-y-naranja-en-toda-la-peninsula-manana-sabado-ultima-hora-ya-soy-abuelo\/todod-2\/\" rel=\"attachment wp-att-11022\"><img loading=\"lazy\" class=\"aligncenter size-medium wp-image-11022\" title=\"TODOD\" src=\"\/tormentas-y-rayos\/wp-content\/uploads\/sites\/12\/2015\/01\/TODOD1.jpg\" alt=\"\" width=\"545\" height=\"400\" srcset=\"https:\/\/static-blogs.diariosur.es\/wp-content\/uploads\/sites\/12\/2015\/01\/TODOD1.jpg 645w, https:\/\/static-blogs.diariosur.es\/wp-content\/uploads\/sites\/12\/2015\/01\/TODOD1-545x400.jpg 545w\" sizes=\"(max-width: 545px) 100vw, 545px\" \/><\/a><\/span><\/p>\n<p>&nbsp;<\/p>\n<p><span style=\"font-size: medium;\"><img loading=\"lazy\" class=\"aligncenter\" src=\"\/tormentas-y-rayos\/wp-content\/uploads\/sites\/12\" alt=\"\" width=\"603\" height=\"431\" \/><\/span><\/p>\n<p>&nbsp;<\/p>\n<p>&nbsp;<\/p>\n<p><span style=\"color: #ff0000; font-size: medium;\"><strong>ACTUALIZACI\u00d3N 29 DE ENERO:<\/strong><\/span><\/p>\n<p><span style=\"font-size: medium;\"><strong>Buenos dias amigos de la meteo, son las ocho de la ma\u00f1ana, registro 12 grados y asi amanece en estos momentos en M\u00e1laga Capital. Distingo un peque\u00f1o altoc\u00famulo lenticular.<\/strong><\/span><\/p>\n<p>&nbsp;<\/p>\n<p><span style=\"font-size: medium;\"><a href=\"https:\/\/blogs.diariosur.es\/tormentas-y-rayos\/2015\/01\/29\/prevision-del-tiempo-seguimiento-especial-temporal-en-la-peninsula-aviso-amarillo-por-viento-y-olas-en-andalucia-precaucion-en-el-mar-de-alboran\/_dsc7262\/\" rel=\"attachment wp-att-11011\"><img loading=\"lazy\" title=\"_DSC7262\" src=\"\/tormentas-y-rayos\/wp-content\/uploads\/sites\/12\/2015\/01\/DSC7262.jpg\" alt=\"\" width=\"640\" height=\"427\" \/><\/a><\/span><\/p>\n<p>&nbsp;<\/p>\n<p>&nbsp;<\/p>\n<p>&nbsp;<\/p>\n<p><span style=\"font-size: medium;\"><strong>Para los que\u00a0entr\u00e1is\u00a0por primera vez os paso el enlace \u00a0donde explicaba el por qu\u00e9 de este cambio tan brusco de tiempo.<\/strong><\/span><\/p>\n<p><span style=\"font-size: medium;\"><em><strong><a href=\"https:\/\/blogs.diariosur.es\/tormentas-y-rayos\/2015\/01\/28\/prevision-del-tiempo-temporal-de-viento-mar-lluvia-y-nieve-en-la-peninsula-el-domingo-el-frio-sera-el-protagonista-en-toda-andalucia\/\">TEMPORAL EN LA PENINSULA<\/a><\/strong><\/em><\/span><\/p>\n<p><span style=\"font-size: medium;\"><strong>Primeramente comentaros que el\u00a0d\u00eda\u00a0de hoy se presenta parecido en cuanto a temperaturas, nuevamente la\u00a0m\u00e1xima\u00a0en M\u00e1laga Capital sobrepasara los 20 grados. Ayer dimos estas\u00a0m\u00e1ximas\u00a0en Andaluc\u00eda. Fuente aemet.<\/strong><\/span><\/p>\n<p><span style=\"font-size: medium;\"><strong>Destaca Motril y Torremolinos con 23 y 22 grados. En la gran\u00a0mayor\u00eda\u00a0de Andaluc\u00eda se dieron\u00a0m\u00e1ximas\u00a0nada habituales para las fechas que estamos.<\/strong><\/span><\/p>\n<p><span style=\"font-size: medium;\"><a href=\"https:\/\/blogs.diariosur.es\/tormentas-y-rayos\/2015\/01\/29\/prevision-del-tiempo-seguimiento-especial-temporal-en-la-peninsula-aviso-amarillo-por-viento-y-olas-en-andalucia-precaucion-en-el-mar-de-alboran\/captura-575\/\" rel=\"attachment wp-att-11007\"><img loading=\"lazy\" title=\"Captura\" src=\"\/tormentas-y-rayos\/wp-content\/uploads\/sites\/12\/2015\/01\/Captura23.jpg\" alt=\"\" width=\"600\" height=\"372\" \/><\/a><a href=\"https:\/\/blogs.diariosur.es\/tormentas-y-rayos\/2015\/01\/29\/prevision-del-tiempo-seguimiento-especial-temporal-en-la-peninsula-aviso-amarillo-por-viento-y-olas-en-andalucia-precaucion-en-el-mar-de-alboran\/tem-6\/\" rel=\"attachment wp-att-11008\"><img loading=\"lazy\" title=\"tem\" src=\"\/tormentas-y-rayos\/wp-content\/uploads\/sites\/12\/2015\/01\/tem.jpg\" alt=\"\" width=\"600\" height=\"181\" \/><\/a><\/span><\/p>\n<p>&nbsp;<\/p>\n<p><span style=\"font-size: medium;\"><strong>El terral de invierno y el poniente\u00a0ir\u00e1n\u00a0tomando protagonismo\u00a0\u00a0en la Costa\u00a0Mediterr\u00e1nea\u00a0Andaluza, asi como por el interior. \u00a0El primer frente \u00a0muy debilitado llegara a Andaluc\u00eda a ultima hora de la tarde,\u00a0traer\u00e1\u00a0nubes altas y medias. Hay probabilidad de que se produzcan\u00a0precipitaciones\u00a0d\u00e9biles\u00a0y dispersas en las Sierras Orientales Andaluzas y en otros puntos de Andaluc\u00eda a ultima hora de la noche y madrugada del viernes.<\/strong><\/span><\/p>\n<p><span style=\"font-size: medium;\"><strong>La aemet\u00a0activa\u00a0hoy jueves el aviso amarillo por vientos y\u00a0fen\u00f3menos\u00a0costeros en las provincias de Amer\u00eda y Granada. Os paso el mapa de avisos. Precauci\u00f3n con el viento en la zona levantina y norte de la\u00a0pen\u00ednsula.<\/strong><\/span><\/p>\n<p>&nbsp;<\/p>\n<p><span style=\"font-size: medium;\"><a href=\"https:\/\/blogs.diariosur.es\/tormentas-y-rayos\/2015\/01\/29\/prevision-del-tiempo-seguimiento-especial-temporal-en-la-peninsula-aviso-amarillo-por-viento-y-olas-en-andalucia-precaucion-en-el-mar-de-alboran\/avisos-3\/\" rel=\"attachment wp-att-11009\"><img loading=\"lazy\" title=\"avisos\" src=\"\/tormentas-y-rayos\/wp-content\/uploads\/sites\/12\/2015\/01\/avisos.jpg\" alt=\"\" width=\"530\" height=\"400\" \/><\/a><\/span><\/p>\n<p>&nbsp;<\/p>\n<p><span style=\"font-size: medium;\"><strong>Ma\u00f1ana viernes los avisos se\u00a0ampl\u00edan\u00a0a la costa malague\u00f1a por olas. Subiendo el nivel de aviso en muchos puntos de la\u00a0pen\u00ednsula.<\/strong><\/span><\/p>\n<p>&nbsp;<\/p>\n<p><span style=\"font-size: medium;\"><a href=\"https:\/\/blogs.diariosur.es\/tormentas-y-rayos\/2015\/01\/29\/prevision-del-tiempo-seguimiento-especial-temporal-en-la-peninsula-aviso-amarillo-por-viento-y-olas-en-andalucia-precaucion-en-el-mar-de-alboran\/20150129061000_avi_mna\/\" rel=\"attachment wp-att-11010\"><img loading=\"lazy\" title=\"20150129061000_avi_mna\" src=\"\/tormentas-y-rayos\/wp-content\/uploads\/sites\/12\/2015\/01\/20150129061000_avi_mna.png\" alt=\"\" width=\"500\" height=\"334\" \/><\/a><\/span><\/p>\n<p>&nbsp;<\/p>\n<p><span style=\"font-size: medium;\"><strong>Ma\u00f1ana viernes y el\u00a0s\u00e1bado\u00a0hay que tener mucha precauci\u00f3n si\u00a0sal\u00eds\u00a0a faenar o navegar sobre todo por la zona del Mar de Alboran, se esperan rachas muy fuertes de viento y mar gruesa. Las olas pueden superar los 6 metros.<\/strong><\/span><\/p>\n<p><span style=\"font-size: medium;\"><a href=\"https:\/\/blogs.diariosur.es\/tormentas-y-rayos\/2015\/01\/29\/prevision-del-tiempo-seguimiento-especial-temporal-en-la-peninsula-aviso-amarillo-por-viento-y-olas-en-andalucia-precaucion-en-el-mar-de-alboran\/z-48\/\" rel=\"attachment wp-att-11012\"><img loading=\"lazy\" title=\"z\" src=\"\/tormentas-y-rayos\/wp-content\/uploads\/sites\/12\/2015\/01\/z5.jpg\" alt=\"\" width=\"568\" height=\"400\" \/><\/a><a href=\"https:\/\/blogs.diariosur.es\/tormentas-y-rayos\/2015\/01\/29\/prevision-del-tiempo-seguimiento-especial-temporal-en-la-peninsula-aviso-amarillo-por-viento-y-olas-en-andalucia-precaucion-en-el-mar-de-alboran\/z1-27\/\" rel=\"attachment wp-att-11013\"><img loading=\"lazy\" title=\"z1\" src=\"\/tormentas-y-rayos\/wp-content\/uploads\/sites\/12\/2015\/01\/z12.jpg\" alt=\"\" width=\"556\" height=\"400\" \/><\/a><\/span><\/p>\n<p>&nbsp;<\/p>\n<p>&nbsp;<\/p>\n<p><span style=\"font-size: medium;\"><strong>\u00a0Si alguno me\u00a0le\u00e9is desde Bilbao, comentaros que durante el partido puede llover.\u00a0<\/strong><\/span><\/p>\n<p>&nbsp;<\/p>\n<p>&nbsp;<\/p>\n<p>&nbsp;<\/p>\n<p>&nbsp;<\/p>\n<p><strong>Por ultimo comentaros que sera el domingo cuando notemos mucho \u00a0mas el fr\u00edo en Andaluc\u00eda, pero de esto hablaremos el\u00a0s\u00e1bado.\u00a0\u00a0<\/strong><\/p>\n<p><span style=\"font-size: medium;\"><strong>Os dejo con este mapa de superficie previsto para ma\u00f1ana. Impresionante<\/strong><\/span><\/p>\n<p>&nbsp;<\/p>\n<p><span style=\"font-size: medium;\"><strong>Fuente Metoffice.<\/strong><\/span><\/p>\n<p>&nbsp;<\/p>\n<p><a href=\"https:\/\/blogs.diariosur.es\/tormentas-y-rayos\/2015\/01\/29\/prevision-del-tiempo-seguimiento-especial-temporal-en-la-peninsula-aviso-amarillo-por-viento-y-olas-en-andalucia-precaucion-en-el-mar-de-alboran\/met-office-5\/\" rel=\"attachment wp-att-11014\"><img loading=\"lazy\" title=\"met office\" src=\"\/tormentas-y-rayos\/wp-content\/uploads\/sites\/12\/2015\/01\/met-office.gif\" alt=\"\" width=\"498\" height=\"400\" \/><\/a><\/p>\n","protected":false},"excerpt":{"rendered":"<p>&nbsp; &nbsp; &nbsp; &nbsp; &nbsp; &nbsp; ACTUALIZACI\u00d3N VIERNES 30 DE ENERO. &nbsp; Buenos\u00a0d\u00edas\u00a0amigos de la meteo, son las cinco de la ma\u00f1ana, registro 16 grados y el terral de invierno y el poniente son protagonistas. Y si amigos, desde las dos de la ma\u00f1ana soy \u00a0abuelo, Leila es preciosa y mi hija Lidia esta\u00a0estupendamente. Asi [&hellip;]<\/p>\n","protected":false},"author":16,"featured_media":11022,"comment_status":"open","ping_status":"open","sticky":false,"template":"","format":"standard","meta":[],"categories":[2],"tags":[63,100,151,769,966,1059],"_links":{"self":[{"href":"https:\/\/blogs.diariosur.es\/tormentas-y-rayos\/wp-json\/wp\/v2\/posts\/11020"}],"collection":[{"href":"https:\/\/blogs.diariosur.es\/tormentas-y-rayos\/wp-json\/wp\/v2\/posts"}],"about":[{"href":"https:\/\/blogs.diariosur.es\/tormentas-y-rayos\/wp-json\/wp\/v2\/types\/post"}],"author":[{"embeddable":true,"href":"https:\/\/blogs.diariosur.es\/tormentas-y-rayos\/wp-json\/wp\/v2\/users\/16"}],"replies":[{"embeddable":true,"href":"https:\/\/blogs.diariosur.es\/tormentas-y-rayos\/wp-json\/wp\/v2\/comments?post=11020"}],"version-history":[{"count":0,"href":"https:\/\/blogs.diariosur.es\/tormentas-y-rayos\/wp-json\/wp\/v2\/posts\/11020\/revisions"}],"wp:featuredmedia":[{"embeddable":true,"href":"https:\/\/blogs.diariosur.es\/tormentas-y-rayos\/wp-json\/wp\/v2\/media\/11022"}],"wp:attachment":[{"href":"https:\/\/blogs.diariosur.es\/tormentas-y-rayos\/wp-json\/wp\/v2\/media?parent=11020"}],"wp:term":[{"taxonomy":"category","embeddable":true,"href":"https:\/\/blogs.diariosur.es\/tormentas-y-rayos\/wp-json\/wp\/v2\/categories?post=11020"},{"taxonomy":"post_tag","embeddable":true,"href":"https:\/\/blogs.diariosur.es\/tormentas-y-rayos\/wp-json\/wp\/v2\/tags?post=11020"}],"curies":[{"name":"wp","href":"https:\/\/api.w.org\/{rel}","templated":true}]}}