{"id":11024,"date":"2015-01-31T07:28:14","date_gmt":"2015-01-31T06:28:14","guid":{"rendered":"http:\/\/blogs.diariosur.es\/tormentas-y-rayos\/?p=11024"},"modified":"2015-01-31T07:28:14","modified_gmt":"2015-01-31T06:28:14","slug":"temporal-en-la-peninsula-aviso-amarillo-y-naranja-por-viento-y-nevadas-en-andalucia-explicacion-malaga-registra-la-madrugada-mas-calida-para-un-mes-de-enero-manana-llega-el-frio","status":"publish","type":"post","link":"https:\/\/blogs.diariosur.es\/tormentas-y-rayos\/2015\/01\/31\/temporal-en-la-peninsula-aviso-amarillo-y-naranja-por-viento-y-nevadas-en-andalucia-explicacion-malaga-registra-la-madrugada-mas-calida-para-un-mes-de-enero-manana-llega-el-frio\/","title":{"rendered":"Temporal en la pen\u00ednsula. Aviso amarillo y naranja por viento y nevadas en Andaluc\u00eda ( explicaci\u00f3n). M\u00e1laga registra la madrugada mas c\u00e1lida para un mes de Enero. Ma\u00f1ana llega el fr\u00edo."},"content":{"rendered":"<p><img loading=\"lazy\" class=\"alignright\" src=\"https:\/\/farm8.staticflickr.com\/7336\/16182814178_4cf0d6f219_q.jpg\" alt=\"\" width=\"150\" height=\"150\" \/><\/p>\n<p>&nbsp;<\/p>\n<p>&nbsp;<\/p>\n<p>&nbsp;<\/p>\n<p>&nbsp;<\/p>\n<p>&nbsp;<\/p>\n<p>&nbsp;<\/p>\n<p><img loading=\"lazy\" class=\"aligncenter\" src=\"https:\/\/farm8.staticflickr.com\/7448\/15787738163_85b21907db_z.jpg\" alt=\"\" width=\"640\" height=\"427\" \/><\/p>\n<p>&nbsp;<\/p>\n<p>&nbsp;<\/p>\n<p>&nbsp;<\/p>\n<p>&nbsp;<\/p>\n<p>&nbsp;<\/p>\n<p>&nbsp;<\/p>\n<p>&nbsp;<\/p>\n<p><strong>Buenos dias amigos de la meteo, son la seis de la ma\u00f1ana, registro en mi estaci\u00f3n 17,4 grados y los cielos\u00a0est\u00e1n\u00a0nubosos. A las cinco de la madruga se ha registrado un peque\u00f1o chubasco en la Capital Malague\u00f1a. El viento de terral de invierno y el poniente tomaran protagonismo dentro de unas horas. Tambi\u00e9n se pueden dar chubascos.\u00a0<\/strong><\/p>\n<p><strong>Pero lo mas destacado ha sido la temperatura que hemos tenido durante toda la madrugada, no hemos bajado de 18 grados hasta las cuatro de la ma\u00f1ana, a partir de esa hora hemos registrado sobre los 17 y 16.\u00a0<\/strong><\/p>\n<p><strong><span style=\"color: #ff0000;\">Seg\u00fan\u00a0datos que tengo guardados, pienso que ha sido la madrugada mas\u00a0c\u00e1lida\u00a0desde que\u00a0tengo registros para un mes de Enero. De todas formas aun no es un dato oficial.<\/span><\/strong><\/p>\n<p><a href=\"https:\/\/blogs.diariosur.es\/tormentas-y-rayos\/2015\/01\/31\/temporal-en-la-peninsula-aviso-amarillo-y-naranja-por-viento-y-nevadas-en-andalucia-explicacion-malaga-registra-la-madrugada-mas-calida-para-un-mes-de-enero-manana-llega-el-frio\/bestiallll\/\" rel=\"attachment wp-att-11030\"><img loading=\"lazy\" class=\"aligncenter size-medium wp-image-11030\" title=\"bestiallll\" src=\"\/tormentas-y-rayos\/wp-content\/uploads\/sites\/12\/2015\/01\/bestiallll.jpg\" alt=\"\" width=\"600\" height=\"254\" srcset=\"https:\/\/static-blogs.diariosur.es\/wp-content\/uploads\/sites\/12\/2015\/01\/bestiallll.jpg 727w, https:\/\/static-blogs.diariosur.es\/wp-content\/uploads\/sites\/12\/2015\/01\/bestiallll-640x271.jpg 640w\" sizes=\"(max-width: 600px) 100vw, 600px\" \/><\/a><\/p>\n<p>&nbsp;<\/p>\n<p>&nbsp;<\/p>\n<p><strong>La Aemet ha activado hasta las ocho de la ma\u00f1ana de hoy el aviso rojo por vientos en Almeria Capital y poniente Almeriense. De momento el viento no ha soplado muy fuerte en la Capital Malague\u00f1a, donde mas se ha notado esta madrugada es en las Costas de Marbella y\u00a0Estepona\u00a0y \u00a0en Torrox y V\u00e9lez M\u00e1laga. Os paso el mapa de avisos previstos para hoy. \u00a0Destacan los naranjas por nevadas en Granada y Ja\u00e9n. En esta zona se activan a\u00a0partir\u00a0de las seis de la tarde por nevadas a partir de 600 metros.<\/strong><\/p>\n<p>&nbsp;<\/p>\n<p><strong>Fuente aemet.<\/strong><\/p>\n<p>&nbsp;<\/p>\n<p><a href=\"https:\/\/blogs.diariosur.es\/tormentas-y-rayos\/2015\/01\/31\/temporal-en-la-peninsula-aviso-amarillo-y-naranja-por-viento-y-nevadas-en-andalucia-explicacion-malaga-registra-la-madrugada-mas-calida-para-un-mes-de-enero-manana-llega-el-frio\/rojo-3\/\" rel=\"attachment wp-att-11026\"><img loading=\"lazy\" class=\"aligncenter size-full wp-image-11026\" title=\"rojo\" src=\"\/tormentas-y-rayos\/wp-content\/uploads\/sites\/12\/2015\/01\/rojo.jpg\" alt=\"\" width=\"570\" height=\"414\" srcset=\"https:\/\/static-blogs.diariosur.es\/wp-content\/uploads\/sites\/12\/2015\/01\/rojo.jpg 570w, https:\/\/static-blogs.diariosur.es\/wp-content\/uploads\/sites\/12\/2015\/01\/rojo-551x400.jpg 551w\" sizes=\"(max-width: 570px) 100vw, 570px\" \/><\/a><\/p>\n<p>&nbsp;<\/p>\n<p>&nbsp;<\/p>\n<p><strong>Avisos actualizados.<\/strong><\/p>\n<p>&nbsp;<\/p>\n<p><a href=\"https:\/\/blogs.diariosur.es\/tormentas-y-rayos\/2015\/01\/31\/temporal-en-la-peninsula-aviso-amarillo-y-naranja-por-viento-y-nevadas-en-andalucia-explicacion-malaga-registra-la-madrugada-mas-calida-para-un-mes-de-enero-manana-llega-el-frio\/20150131070000_avi_hoy\/\" rel=\"attachment wp-att-11034\"><img loading=\"lazy\" class=\"aligncenter size-full wp-image-11034\" title=\"20150131070000_avi_hoy\" src=\"\/tormentas-y-rayos\/wp-content\/uploads\/sites\/12\/2015\/01\/20150131070000_avi_hoy.png\" alt=\"\" width=\"500\" height=\"334\" \/><\/a><\/p>\n<p>&nbsp;<\/p>\n<p>&nbsp;<\/p>\n<p><strong>Muchos os\u00a0estar\u00e9is\u00a0preguntando \u00bf pero Jose con las temperaturas tal altas que hacen como que va a nevar y a bajar tanto las\u00a0temperaturas? Muy\u00a0f\u00e1cil\u00a0amigos, la potente borrasca que esta centrada en Centro Europa nos\u00a0env\u00eda\u00a0una masa de aire polar que empezara a entrar hoy por el norte peninsular. En esta imagen de masas de aire se puede ver perfectamente. Fuente aemet, eumetsat<\/strong><\/p>\n<p>&nbsp;<\/p>\n<p><a href=\"https:\/\/blogs.diariosur.es\/tormentas-y-rayos\/2015\/01\/31\/temporal-en-la-peninsula-aviso-amarillo-y-naranja-por-viento-y-nevadas-en-andalucia-explicacion-malaga-registra-la-madrugada-mas-calida-para-un-mes-de-enero-manana-llega-el-frio\/masa-de-aire\/\" rel=\"attachment wp-att-11027\"><img loading=\"lazy\" class=\"aligncenter size-medium wp-image-11027\" title=\"masa de aire\" src=\"\/tormentas-y-rayos\/wp-content\/uploads\/sites\/12\/2015\/01\/masa-de-aire.jpg\" alt=\"\" width=\"439\" height=\"400\" srcset=\"https:\/\/static-blogs.diariosur.es\/wp-content\/uploads\/sites\/12\/2015\/01\/masa-de-aire.jpg 661w, https:\/\/static-blogs.diariosur.es\/wp-content\/uploads\/sites\/12\/2015\/01\/masa-de-aire-439x400.jpg 439w\" sizes=\"(max-width: 439px) 100vw, 439px\" \/><\/a><\/p>\n<p>&nbsp;<\/p>\n<p>&nbsp;<\/p>\n<p><strong>En estos mapas de temperaturas a 850 hpa ( 1500 m ) previstos para hoy sabado \u00a0y ma\u00f1ana domingo \u00a0lo\u00a0pod\u00e9is\u00a0ver tambi\u00e9n.<\/strong><\/p>\n<p>&nbsp;<\/p>\n<p><a href=\"https:\/\/blogs.diariosur.es\/tormentas-y-rayos\/2015\/01\/31\/temporal-en-la-peninsula-aviso-amarillo-y-naranja-por-viento-y-nevadas-en-andalucia-explicacion-malaga-registra-la-madrugada-mas-calida-para-un-mes-de-enero-manana-llega-el-frio\/1-horz-6\/\" rel=\"attachment wp-att-11028\"><img loading=\"lazy\" class=\"aligncenter size-full wp-image-11028\" title=\"1-horz\" src=\"\/tormentas-y-rayos\/wp-content\/uploads\/sites\/12\/2015\/01\/1-horz.jpg\" alt=\"\" width=\"635\" height=\"226\" \/><\/a><a href=\"https:\/\/blogs.diariosur.es\/tormentas-y-rayos\/2015\/01\/31\/temporal-en-la-peninsula-aviso-amarillo-y-naranja-por-viento-y-nevadas-en-andalucia-explicacion-malaga-registra-la-madrugada-mas-calida-para-un-mes-de-enero-manana-llega-el-frio\/3-horz-4\/\" rel=\"attachment wp-att-11029\"><img loading=\"lazy\" class=\"aligncenter size-full wp-image-11029\" title=\"3-horz\" src=\"\/tormentas-y-rayos\/wp-content\/uploads\/sites\/12\/2015\/01\/3-horz.jpg\" alt=\"\" width=\"618\" height=\"226\" \/><\/a><\/p>\n<p>&nbsp;<\/p>\n<p><strong>La\u00a0pr\u00f3xima\u00a0madrugada no\u00a0tendr\u00e1\u00a0que ver nada con la que hemos tenido \u00a0hoy\u00a0s\u00e1bado. El domingo tendremos un domingo que &#8230;&#8230;&#8230;. jijijijijiji. La he encontrado por internet, no pone el autor.\u00a0<\/strong><\/p>\n<p>&nbsp;<\/p>\n<p><a href=\"https:\/\/blogs.diariosur.es\/tormentas-y-rayos\/2015\/01\/31\/temporal-en-la-peninsula-aviso-amarillo-y-naranja-por-viento-y-nevadas-en-andalucia-explicacion-malaga-registra-la-madrugada-mas-calida-para-un-mes-de-enero-manana-llega-el-frio\/10623868_10202583033611593_1771157292273336550_o\/\" rel=\"attachment wp-att-11031\"><img loading=\"lazy\" class=\"aligncenter size-medium wp-image-11031\" title=\"10623868_10202583033611593_1771157292273336550_o\" src=\"\/tormentas-y-rayos\/wp-content\/uploads\/sites\/12\/2015\/01\/10623868_10202583033611593_1771157292273336550_o.jpg\" alt=\"\" width=\"600\" height=\"400\" srcset=\"https:\/\/static-blogs.diariosur.es\/wp-content\/uploads\/sites\/12\/2015\/01\/10623868_10202583033611593_1771157292273336550_o.jpg 1132w, https:\/\/static-blogs.diariosur.es\/wp-content\/uploads\/sites\/12\/2015\/01\/10623868_10202583033611593_1771157292273336550_o-601x400.jpg 601w, https:\/\/static-blogs.diariosur.es\/wp-content\/uploads\/sites\/12\/2015\/01\/10623868_10202583033611593_1771157292273336550_o-768x512.jpg 768w\" sizes=\"(max-width: 600px) 100vw, 600px\" \/><\/a><\/p>\n<p>&nbsp;<\/p>\n<p><strong>Aunque sea muy repetitivo, os vuevo a comentar que si\u00a0ten\u00e9is\u00a0que salir a faenar o navegar por el Mar de Albor\u00e1n y Costas de Almer\u00eda\u00a0procur\u00e9is\u00a0extremar la precauci\u00f3n. En estas zonas se esperan hoy olas de 6 a 8 metros.<\/strong><\/p>\n<p><a href=\"https:\/\/blogs.diariosur.es\/tormentas-y-rayos\/2015\/01\/31\/temporal-en-la-peninsula-aviso-amarillo-y-naranja-por-viento-y-nevadas-en-andalucia-explicacion-malaga-registra-la-madrugada-mas-calida-para-un-mes-de-enero-manana-llega-el-frio\/olas-2\/\" rel=\"attachment wp-att-11032\"><img loading=\"lazy\" class=\"aligncenter size-medium wp-image-11032\" title=\"olas\" src=\"\/tormentas-y-rayos\/wp-content\/uploads\/sites\/12\/2015\/01\/olas.jpg\" alt=\"\" width=\"543\" height=\"400\" srcset=\"https:\/\/static-blogs.diariosur.es\/wp-content\/uploads\/sites\/12\/2015\/01\/olas.jpg 772w, https:\/\/static-blogs.diariosur.es\/wp-content\/uploads\/sites\/12\/2015\/01\/olas-544x400.jpg 544w, https:\/\/static-blogs.diariosur.es\/wp-content\/uploads\/sites\/12\/2015\/01\/olas-768x565.jpg 768w\" sizes=\"(max-width: 543px) 100vw, 543px\" \/><\/a><\/p>\n<p><a href=\"https:\/\/blogs.diariosur.es\/tormentas-y-rayos\/2015\/01\/31\/temporal-en-la-peninsula-aviso-amarillo-y-naranja-por-viento-y-nevadas-en-andalucia-explicacion-malaga-registra-la-madrugada-mas-calida-para-un-mes-de-enero-manana-llega-el-frio\/vient\/\" rel=\"attachment wp-att-11033\"><img loading=\"lazy\" class=\"aligncenter size-medium wp-image-11033\" title=\"vient\" src=\"\/tormentas-y-rayos\/wp-content\/uploads\/sites\/12\/2015\/01\/vient.jpg\" alt=\"\" width=\"552\" height=\"400\" srcset=\"https:\/\/static-blogs.diariosur.es\/wp-content\/uploads\/sites\/12\/2015\/01\/vient.jpg 772w, https:\/\/static-blogs.diariosur.es\/wp-content\/uploads\/sites\/12\/2015\/01\/vient-552x400.jpg 552w, https:\/\/static-blogs.diariosur.es\/wp-content\/uploads\/sites\/12\/2015\/01\/vient-768x556.jpg 768w\" sizes=\"(max-width: 552px) 100vw, 552px\" \/><\/a><\/p>\n","protected":false},"excerpt":{"rendered":"<p>&nbsp; &nbsp; &nbsp; &nbsp; &nbsp; &nbsp; &nbsp; &nbsp; &nbsp; &nbsp; &nbsp; &nbsp; &nbsp; Buenos dias amigos de la meteo, son la seis de la ma\u00f1ana, registro en mi estaci\u00f3n 17,4 grados y los cielos\u00a0est\u00e1n\u00a0nubosos. A las cinco de la madruga se ha registrado un peque\u00f1o chubasco en la Capital Malague\u00f1a. El viento de terral de [&hellip;]<\/p>\n","protected":false},"author":16,"featured_media":11026,"comment_status":"open","ping_status":"open","sticky":false,"template":"","format":"standard","meta":[],"categories":[2],"tags":[63,91,100,151,676,690,769,966,1059],"_links":{"self":[{"href":"https:\/\/blogs.diariosur.es\/tormentas-y-rayos\/wp-json\/wp\/v2\/posts\/11024"}],"collection":[{"href":"https:\/\/blogs.diariosur.es\/tormentas-y-rayos\/wp-json\/wp\/v2\/posts"}],"about":[{"href":"https:\/\/blogs.diariosur.es\/tormentas-y-rayos\/wp-json\/wp\/v2\/types\/post"}],"author":[{"embeddable":true,"href":"https:\/\/blogs.diariosur.es\/tormentas-y-rayos\/wp-json\/wp\/v2\/users\/16"}],"replies":[{"embeddable":true,"href":"https:\/\/blogs.diariosur.es\/tormentas-y-rayos\/wp-json\/wp\/v2\/comments?post=11024"}],"version-history":[{"count":0,"href":"https:\/\/blogs.diariosur.es\/tormentas-y-rayos\/wp-json\/wp\/v2\/posts\/11024\/revisions"}],"wp:featuredmedia":[{"embeddable":true,"href":"https:\/\/blogs.diariosur.es\/tormentas-y-rayos\/wp-json\/wp\/v2\/media\/11026"}],"wp:attachment":[{"href":"https:\/\/blogs.diariosur.es\/tormentas-y-rayos\/wp-json\/wp\/v2\/media?parent=11024"}],"wp:term":[{"taxonomy":"category","embeddable":true,"href":"https:\/\/blogs.diariosur.es\/tormentas-y-rayos\/wp-json\/wp\/v2\/categories?post=11024"},{"taxonomy":"post_tag","embeddable":true,"href":"https:\/\/blogs.diariosur.es\/tormentas-y-rayos\/wp-json\/wp\/v2\/tags?post=11024"}],"curies":[{"name":"wp","href":"https:\/\/api.w.org\/{rel}","templated":true}]}}