{"id":11036,"date":"2015-02-01T08:09:40","date_gmt":"2015-02-01T07:09:40","guid":{"rendered":"http:\/\/blogs.diariosur.es\/tormentas-y-rayos\/?p=11036"},"modified":"2015-02-01T08:09:40","modified_gmt":"2015-02-01T07:09:40","slug":"prevision-del-tiempo-andalucia-febrero-comenzara-con-frio-viento-lluvias-y-nevadas-gracias-por-las-31132-visitas-en-el-mes-de-enero","status":"publish","type":"post","link":"https:\/\/blogs.diariosur.es\/tormentas-y-rayos\/2015\/02\/01\/prevision-del-tiempo-andalucia-febrero-comenzara-con-frio-viento-lluvias-y-nevadas-gracias-por-las-31132-visitas-en-el-mes-de-enero\/","title":{"rendered":"Previsi\u00f3n del tiempo Andaluc\u00eda. Febrero comenzara con fr\u00edo, viento, lluvias y nevadas . Gracias por las 31,132 visitas en el mes de Enero."},"content":{"rendered":"<p><img loading=\"lazy\" class=\"alignright\" src=\"https:\/\/farm8.staticflickr.com\/7336\/16182814178_4cf0d6f219_q.jpg\" alt=\"\" width=\"150\" height=\"150\" \/><\/p>\n<p>&nbsp;<\/p>\n<p>&nbsp;<\/p>\n<p>&nbsp;<\/p>\n<p>&nbsp;<\/p>\n<p>&nbsp;<\/p>\n<p>&nbsp;<\/p>\n<p>&nbsp;<\/p>\n<p>&nbsp;<\/p>\n<p><strong>Buenos dias amigos de la meteo,\u00a0incre\u00edble\u00a0la diferencia de temperatura que tenemos hoy\u00a0compar\u00e1ndola\u00a0con la de ayer a la misma hora. Mi estaci\u00f3n ayer\u00a0s\u00e1bado\u00a0marcaba a las siete de la ma\u00f1ana casi 18 grados, hoy domingo 8\u00a0grados. La masa de aire c\u00e1lido que\u00a0ten\u00edamos\u00a0ayer nos abandono por la tarde y en su lugar ha entrado una de origen polar. Os paso de nuevo los mapas de temperatura a 850 hpa (1500 m). Los dos primeros mapas son de ayer, el siguiente es de hoy.<\/strong><\/p>\n<p><strong>Fuente aemet<\/strong><\/p>\n<p><img loading=\"lazy\" class=\"aligncenter\" src=\"\/tormentas-y-rayos\/wp-content\/uploads\/sites\/12\/2015\/01\/1-horz.jpg\" alt=\"\" width=\"635\" height=\"226\" \/><\/p>\n<p>&nbsp;<\/p>\n<p>&nbsp;<\/p>\n<p><a href=\"https:\/\/blogs.diariosur.es\/tormentas-y-rayos\/2015\/02\/01\/prevision-del-tiempo-andalucia-febrero-comenzara-con-frio-viento-lluvias-y-nevadas-gracias-por-las-31132-visitas-en-el-mes-de-enero\/b-36\/\" rel=\"attachment wp-att-11038\"><img loading=\"lazy\" class=\"aligncenter size-medium wp-image-11038\" title=\"b\" src=\"\/tormentas-y-rayos\/wp-content\/uploads\/sites\/12\/2015\/02\/b.jpg\" alt=\"\" width=\"554\" height=\"400\" srcset=\"https:\/\/static-blogs.diariosur.es\/wp-content\/uploads\/sites\/12\/2015\/02\/b.jpg 748w, https:\/\/static-blogs.diariosur.es\/wp-content\/uploads\/sites\/12\/2015\/02\/b-554x400.jpg 554w\" sizes=\"(max-width: 554px) 100vw, 554px\" \/><\/a><\/p>\n<p><strong>Hoy seguiremos con viento de noroeste en las Costas\u00a0Mediterr\u00e1neas y\u00a0Atl\u00e1nticas\u00a0\u00a0Andaluzas, asi como por el interior de nuestra regi\u00f3n, de todas formas soplara mas flojo que ayer. Cuando se\u00a0acerque\u00a0la noche ira\u00a0amainando. Pero no os hagais ilusiones que el lunes por la noche y el martes nuevamente soplara fuerte en la Costa Oriental Andaluza, pero de esto hablaremos ma\u00f1ana.<\/strong><\/p>\n<p><strong>A partir del\u00a0mi\u00e9rcoles la meteo se presentara entretenida en toda la\u00a0pen\u00ednsula y asi\u00a0seguir\u00e1\u00a0hasta el fin de semana, ya iremos viendo lo que pueda pasar, los modelos en su gran\u00a0mayor\u00eda\u00a0est\u00e1n confusos.<\/strong><\/p>\n<p><strong>Lo que si se puede confirmar es que a partir del jueves\u00a0har\u00e1\u00a0un fr\u00edo que&#8230;..<\/strong><\/p>\n<p>&nbsp;<\/p>\n<p><img loading=\"lazy\" class=\"aligncenter\" src=\"\/tormentas-y-rayos\/wp-content\/uploads\/sites\/12\/2015\/01\/10623868_10202583033611593_1771157292273336550_o.jpg\" alt=\"\" width=\"600\" height=\"400\" \/><\/p>\n<p>&nbsp;<\/p>\n<p>&nbsp;<\/p>\n<p><strong>Os hago un peque\u00f1o resumen de ayer en\u00a0Andaluc\u00eda. Tres cosas destacadas, la primera las fuertes rachas de viento que dieron en Almer\u00eda. Bestial. Fuente Aemet<\/strong><\/p>\n<p>&nbsp;<\/p>\n<p><a href=\"https:\/\/blogs.diariosur.es\/tormentas-y-rayos\/2015\/02\/01\/prevision-del-tiempo-andalucia-febrero-comenzara-con-frio-viento-lluvias-y-nevadas-gracias-por-las-31132-visitas-en-el-mes-de-enero\/almeria-rachas\/\" rel=\"attachment wp-att-11039\"><img loading=\"lazy\" class=\"aligncenter size-full wp-image-11039\" title=\"almeria rachas\" src=\"\/tormentas-y-rayos\/wp-content\/uploads\/sites\/12\/2015\/02\/almeria-rachas.jpg\" alt=\"\" width=\"372\" height=\"194\" \/><\/a><\/p>\n<p>&nbsp;<\/p>\n<p><strong>\u00a0la segunda los 100 litros\u00a0ca\u00eddos\u00a0en Grazalema, una pasada amigos.<\/strong><\/p>\n<p><a href=\"https:\/\/blogs.diariosur.es\/tormentas-y-rayos\/2015\/02\/01\/prevision-del-tiempo-andalucia-febrero-comenzara-con-frio-viento-lluvias-y-nevadas-gracias-por-las-31132-visitas-en-el-mes-de-enero\/grazalema\/\" rel=\"attachment wp-att-11040\"><img loading=\"lazy\" class=\"aligncenter size-full wp-image-11040\" title=\"grazalema\" src=\"\/tormentas-y-rayos\/wp-content\/uploads\/sites\/12\/2015\/02\/grazalema.jpg\" alt=\"\" width=\"364\" height=\"191\" \/><\/a><\/p>\n<p>&nbsp;<\/p>\n<p>&nbsp;<\/p>\n<p><strong>Y por ultimo las\u00a0m\u00e1ximas\u00a0que se dieron.<\/strong><\/p>\n<p>&nbsp;<\/p>\n<p><a href=\"https:\/\/blogs.diariosur.es\/tormentas-y-rayos\/2015\/02\/01\/prevision-del-tiempo-andalucia-febrero-comenzara-con-frio-viento-lluvias-y-nevadas-gracias-por-las-31132-visitas-en-el-mes-de-enero\/maximas-12\/\" rel=\"attachment wp-att-11041\"><img loading=\"lazy\" class=\"aligncenter size-full wp-image-11041\" title=\"maximas\" src=\"\/tormentas-y-rayos\/wp-content\/uploads\/sites\/12\/2015\/02\/maximas.jpg\" alt=\"\" width=\"384\" height=\"232\" \/><\/a><\/p>\n<p><strong>Como ultimo apunte, el Aeropuerto Malague\u00f1o registro una racha de viento de 74 km\/h.<\/strong><\/p>\n<p>&nbsp;<\/p>\n<p><a href=\"https:\/\/blogs.diariosur.es\/tormentas-y-rayos\/2015\/02\/01\/prevision-del-tiempo-andalucia-febrero-comenzara-con-frio-viento-lluvias-y-nevadas-gracias-por-las-31132-visitas-en-el-mes-de-enero\/racha-7\/\" rel=\"attachment wp-att-11042\"><img loading=\"lazy\" class=\"aligncenter size-medium wp-image-11042\" title=\"racha\" src=\"\/tormentas-y-rayos\/wp-content\/uploads\/sites\/12\/2015\/02\/racha.jpg\" alt=\"\" width=\"600\" height=\"263\" srcset=\"https:\/\/static-blogs.diariosur.es\/wp-content\/uploads\/sites\/12\/2015\/02\/racha.jpg 730w, https:\/\/static-blogs.diariosur.es\/wp-content\/uploads\/sites\/12\/2015\/02\/racha-640x281.jpg 640w\" sizes=\"(max-width: 600px) 100vw, 600px\" \/><\/a><\/p>\n<p><strong>Poco mas que contar, os dejo con estos dos fotones que tomaron ayer unos amigos<\/strong><\/p>\n<p>&nbsp;<\/p>\n<p><strong>La primera es de Ana Gonfer. Fotografio el chubasco que se dio pasado el\u00a0mediod\u00eda.<\/strong><\/p>\n<p>&nbsp;<\/p>\n<p><a href=\"https:\/\/blogs.diariosur.es\/tormentas-y-rayos\/2015\/02\/01\/prevision-del-tiempo-andalucia-febrero-comenzara-con-frio-viento-lluvias-y-nevadas-gracias-por-las-31132-visitas-en-el-mes-de-enero\/ana-gonfer-5\/\" rel=\"attachment wp-att-11043\"><img loading=\"lazy\" class=\"aligncenter size-full wp-image-11043\" title=\"ana gonfer\" src=\"\/tormentas-y-rayos\/wp-content\/uploads\/sites\/12\/2015\/02\/ana-gonfer.jpg\" alt=\"\" width=\"640\" height=\"480\" srcset=\"https:\/\/static-blogs.diariosur.es\/wp-content\/uploads\/sites\/12\/2015\/02\/ana-gonfer.jpg 640w, https:\/\/static-blogs.diariosur.es\/wp-content\/uploads\/sites\/12\/2015\/02\/ana-gonfer-533x400.jpg 533w\" sizes=\"(max-width: 640px) 100vw, 640px\" \/><\/a><\/p>\n<p>&nbsp;<\/p>\n<p><strong>Isabel Mar\u00eda Sanchez cazo este bonito arcoiris en Ist\u00e1n.<\/strong><\/p>\n<p>&nbsp;<\/p>\n<p>&nbsp;<\/p>\n<p>&nbsp;<\/p>\n<p>&nbsp;<\/p>\n<p><a href=\"https:\/\/blogs.diariosur.es\/tormentas-y-rayos\/2015\/02\/01\/prevision-del-tiempo-andalucia-febrero-comenzara-con-frio-viento-lluvias-y-nevadas-gracias-por-las-31132-visitas-en-el-mes-de-enero\/isabel-maria-sanchez\/\" rel=\"attachment wp-att-11044\"><img loading=\"lazy\" class=\"aligncenter size-full wp-image-11044\" title=\"isabel Maria sanchez\" src=\"\/tormentas-y-rayos\/wp-content\/uploads\/sites\/12\/2015\/02\/isabel-Maria-sanchez.jpg\" alt=\"\" width=\"640\" height=\"640\" srcset=\"https:\/\/static-blogs.diariosur.es\/wp-content\/uploads\/sites\/12\/2015\/02\/isabel-Maria-sanchez.jpg 640w, https:\/\/static-blogs.diariosur.es\/wp-content\/uploads\/sites\/12\/2015\/02\/isabel-Maria-sanchez-150x150.jpg 150w, https:\/\/static-blogs.diariosur.es\/wp-content\/uploads\/sites\/12\/2015\/02\/isabel-Maria-sanchez-400x400.jpg 400w\" sizes=\"(max-width: 640px) 100vw, 640px\" \/><\/a><\/p>\n<p>&nbsp;<\/p>\n<p>&nbsp;<\/p>\n<p><strong>\u00a0 Y \u00a0 \u00a0John Dunford desde Competa nos manda esta\u00a0impresionante\u00a0cielo.<\/strong><\/p>\n<p>&nbsp;<\/p>\n<p>&nbsp;<\/p>\n<p style=\"text-align: center;\"><a href=\"https:\/\/blogs.diariosur.es\/tormentas-y-rayos\/2015\/02\/01\/prevision-del-tiempo-andalucia-febrero-comenzara-con-frio-viento-lluvias-y-nevadas-gracias-por-las-31132-visitas-en-el-mes-de-enero\/10835372_10152693581693295_5182308727388117046_o\/\" rel=\"attachment wp-att-11046\"><img loading=\"lazy\" class=\"size-full wp-image-11046 aligncenter\" title=\"10835372_10152693581693295_5182308727388117046_o\" src=\"\/tormentas-y-rayos\/wp-content\/uploads\/sites\/12\/2015\/02\/10835372_10152693581693295_5182308727388117046_o.jpg\" alt=\"\" width=\"640\" height=\"426\" srcset=\"https:\/\/static-blogs.diariosur.es\/wp-content\/uploads\/sites\/12\/2015\/02\/10835372_10152693581693295_5182308727388117046_o.jpg 640w, https:\/\/static-blogs.diariosur.es\/wp-content\/uploads\/sites\/12\/2015\/02\/10835372_10152693581693295_5182308727388117046_o-601x400.jpg 601w\" sizes=\"(max-width: 640px) 100vw, 640px\" \/><\/a><\/p>\n<p>&nbsp;<\/p>\n<p>&nbsp;<\/p>\n<p>&nbsp;<\/p>\n<p>&nbsp;<\/p>\n<p>&nbsp;<\/p>\n<p>&nbsp;<\/p>\n<p>&nbsp;<\/p>\n<p>&nbsp;<\/p>\n<p>&nbsp;<\/p>\n<p>&nbsp;<\/p>\n<p>&nbsp;<\/p>\n<p>&nbsp;<\/p>\n<p>&nbsp;<\/p>\n<p>&nbsp;<\/p>\n<p>&nbsp;<\/p>\n<p>&nbsp;<\/p>\n<p><strong>Muchas gracias por las visitas que ha tenido el blog el pasado mes de Enero.<\/strong><\/p>\n<p>&nbsp;<\/p>\n<p>&nbsp;<\/p>\n","protected":false},"excerpt":{"rendered":"<p>&nbsp; &nbsp; &nbsp; &nbsp; &nbsp; &nbsp; &nbsp; &nbsp; Buenos dias amigos de la meteo,\u00a0incre\u00edble\u00a0la diferencia de temperatura que tenemos hoy\u00a0compar\u00e1ndola\u00a0con la de ayer a la misma hora. Mi estaci\u00f3n ayer\u00a0s\u00e1bado\u00a0marcaba a las siete de la ma\u00f1ana casi 18 grados, hoy domingo 8\u00a0grados. La masa de aire c\u00e1lido que\u00a0ten\u00edamos\u00a0ayer nos abandono por la tarde y en [&hellip;]<\/p>\n","protected":false},"author":16,"featured_media":11046,"comment_status":"open","ping_status":"open","sticky":false,"template":"","format":"standard","meta":[],"categories":[2],"tags":[100,403,432,569,690,809,980,1059],"_links":{"self":[{"href":"https:\/\/blogs.diariosur.es\/tormentas-y-rayos\/wp-json\/wp\/v2\/posts\/11036"}],"collection":[{"href":"https:\/\/blogs.diariosur.es\/tormentas-y-rayos\/wp-json\/wp\/v2\/posts"}],"about":[{"href":"https:\/\/blogs.diariosur.es\/tormentas-y-rayos\/wp-json\/wp\/v2\/types\/post"}],"author":[{"embeddable":true,"href":"https:\/\/blogs.diariosur.es\/tormentas-y-rayos\/wp-json\/wp\/v2\/users\/16"}],"replies":[{"embeddable":true,"href":"https:\/\/blogs.diariosur.es\/tormentas-y-rayos\/wp-json\/wp\/v2\/comments?post=11036"}],"version-history":[{"count":0,"href":"https:\/\/blogs.diariosur.es\/tormentas-y-rayos\/wp-json\/wp\/v2\/posts\/11036\/revisions"}],"wp:featuredmedia":[{"embeddable":true,"href":"https:\/\/blogs.diariosur.es\/tormentas-y-rayos\/wp-json\/wp\/v2\/media\/11046"}],"wp:attachment":[{"href":"https:\/\/blogs.diariosur.es\/tormentas-y-rayos\/wp-json\/wp\/v2\/media?parent=11036"}],"wp:term":[{"taxonomy":"category","embeddable":true,"href":"https:\/\/blogs.diariosur.es\/tormentas-y-rayos\/wp-json\/wp\/v2\/categories?post=11036"},{"taxonomy":"post_tag","embeddable":true,"href":"https:\/\/blogs.diariosur.es\/tormentas-y-rayos\/wp-json\/wp\/v2\/tags?post=11036"}],"curies":[{"name":"wp","href":"https:\/\/api.w.org\/{rel}","templated":true}]}}