{"id":11074,"date":"2015-02-04T08:52:08","date_gmt":"2015-02-04T07:52:08","guid":{"rendered":"http:\/\/blogs.diariosur.es\/tormentas-y-rayos\/?p=11074"},"modified":"2015-02-04T08:52:08","modified_gmt":"2015-02-04T07:52:08","slug":"la-ola-de-frio-polar-ya-es-la-protagonista-en-la-peninsula-y-baleares-posibles-sorpresas-el-domingo-viendo-los-mapas-me-ha-subido-la-adrenalina","status":"publish","type":"post","link":"https:\/\/blogs.diariosur.es\/tormentas-y-rayos\/2015\/02\/04\/la-ola-de-frio-polar-ya-es-la-protagonista-en-la-peninsula-y-baleares-posibles-sorpresas-el-domingo-viendo-los-mapas-me-ha-subido-la-adrenalina\/","title":{"rendered":"La ola de fr\u00edo polar ya es la protagonista en la Pen\u00ednsula y Baleares. \u00bfPosibles sorpresas el domingo? Viendo los mapas me ha subido la adrenalina &#8230;.."},"content":{"rendered":"<p>&nbsp;<\/p>\n<p>&nbsp;<\/p>\n<p><img loading=\"lazy\" class=\"aligncenter\" src=\"https:\/\/farm8.staticflickr.com\/7336\/16182814178_4cf0d6f219_q.jpg\" alt=\"\" width=\"150\" height=\"150\" \/><\/p>\n<p>&nbsp;<\/p>\n<p>&nbsp;<\/p>\n<p>&nbsp;<\/p>\n<p><span style=\"color: #ff0000;\"><strong>ULTIMA HORA:<\/strong><\/span><\/p>\n<p><span style=\"color: #ff0000;\">\u00a0<strong>SE ACTIVA EL AVISO NARANJA POR VIENTOS MA\u00d1ANA JUEVES EN LA AXARQU\u00cdA MALAGUE\u00d1A.<\/strong><\/span><\/p>\n<p>&nbsp;<\/p>\n<p><a href=\"https:\/\/blogs.diariosur.es\/tormentas-y-rayos\/2015\/02\/04\/la-ola-de-frio-polar-ya-es-la-protagonista-en-la-peninsula-y-baleares-posibles-sorpresas-el-domingo-viendo-los-mapas-me-ha-subido-la-adrenalina\/axarqucia\/\" rel=\"attachment wp-att-11089\"><img loading=\"lazy\" class=\"aligncenter size-full wp-image-11089\" title=\"axarqu\u00e7\u00eda\" src=\"\/tormentas-y-rayos\/wp-content\/uploads\/sites\/12\/2015\/02\/axarqu\u00e7\u00eda.jpg\" alt=\"\" width=\"538\" height=\"396\" \/><\/a><a href=\"https:\/\/blogs.diariosur.es\/tormentas-y-rayos\/2015\/02\/04\/la-ola-de-frio-polar-ya-es-la-protagonista-en-la-peninsula-y-baleares-posibles-sorpresas-el-domingo-viendo-los-mapas-me-ha-subido-la-adrenalina\/naranja-10\/\" rel=\"attachment wp-att-11090\"><img loading=\"lazy\" class=\"aligncenter size-full wp-image-11090\" title=\"naranja\" src=\"\/tormentas-y-rayos\/wp-content\/uploads\/sites\/12\/2015\/02\/naranja.jpg\" alt=\"\" width=\"582\" height=\"199\" \/><\/a><\/p>\n<p>&nbsp;<\/p>\n<p>&nbsp;<\/p>\n<p>&nbsp;<\/p>\n<p><strong>Buenos\u00a0d\u00edas\u00a0amigos de la meteo, son las ocho de la ma\u00f1ana y\u00a0as\u00ed\u00a0amanece desde mi terraza. Espero que el fresquito me espabile, los relajantes me tienen\u00a0atontado jijijij.<\/strong><\/p>\n<p>&nbsp;<\/p>\n<p><a href=\"https:\/\/blogs.diariosur.es\/tormentas-y-rayos\/2015\/02\/04\/la-ola-de-frio-polar-ya-es-la-protagonista-en-la-peninsula-y-baleares-posibles-sorpresas-el-domingo-viendo-los-mapas-me-ha-subido-la-adrenalina\/_dsc7329\/\" rel=\"attachment wp-att-11086\"><img loading=\"lazy\" class=\"aligncenter size-full wp-image-11086\" title=\"_DSC7329\" src=\"\/tormentas-y-rayos\/wp-content\/uploads\/sites\/12\/2015\/02\/DSC7329.jpg\" alt=\"\" width=\"640\" height=\"427\" srcset=\"https:\/\/static-blogs.diariosur.es\/wp-content\/uploads\/sites\/12\/2015\/02\/DSC7329.jpg 640w, https:\/\/static-blogs.diariosur.es\/wp-content\/uploads\/sites\/12\/2015\/02\/DSC7329-600x400.jpg 600w\" sizes=\"(max-width: 640px) 100vw, 640px\" \/><\/a><\/p>\n<p>&nbsp;<\/p>\n<p>&nbsp;<\/p>\n<p><strong>A lo que\u00a0\u00edbamos,\u00a0\u00a0registro 10 grados pero debido al viento de terral de invierno la sensaci\u00f3n\u00a0t\u00e9rmica\u00a0es de 4. Esta pasada madrugada se han registrado precipitaciones en la Provincia\u00a0Malague\u00f1a, en casi toda Andaluc\u00eda. Donde mas ha llovido ha sido en Grazalema con 14 litros, Alfarnatejo con 11 y Cortes de la Frontera con 8.7. En M\u00e1laga Capital como mucho tres\u00a0d\u00e9cimas\u00a0de litro.<\/strong><\/p>\n<p><strong>El terral de invierno y el poniente\u00a0seguir\u00e1n\u00a0de protagonistas en la Costa\u00a0Mediterr\u00e1nea\u00a0Andaluza. A medida que pasen las horas\u00a0har\u00e1\u00a0mas fr\u00edo, si se producen chubascos esta tarde en\u00a0Andaluc\u00eda\u00a0podr\u00edan\u00a0ser de nieve a\u00a0partir de 500 metros.<\/strong><\/p>\n<p><strong>La masa de aire polar continental ya es la protagonista en toda la\u00a0Pen\u00ednsula\u00a0y las Baleares,\u00a0aqu\u00ed\u00a0pod\u00e9is\u00a0ver en la imagen de masas de aire del\u00a0sat\u00e9lite\u00a0eumetsat a la susodicha jijij. Fuente aemet<\/strong><\/p>\n<p>&nbsp;<\/p>\n<p><a href=\"https:\/\/blogs.diariosur.es\/tormentas-y-rayos\/2015\/02\/04\/la-ola-de-frio-polar-ya-es-la-protagonista-en-la-peninsula-y-baleares-posibles-sorpresas-el-domingo-viendo-los-mapas-me-ha-subido-la-adrenalina\/850-4\/\" rel=\"attachment wp-att-11075\"><img loading=\"lazy\" class=\"aligncenter size-medium wp-image-11075\" title=\"850\" src=\"\/tormentas-y-rayos\/wp-content\/uploads\/sites\/12\/2015\/02\/850.jpg\" alt=\"\" width=\"600\" height=\"385\" srcset=\"https:\/\/static-blogs.diariosur.es\/wp-content\/uploads\/sites\/12\/2015\/02\/850.jpg 779w, https:\/\/static-blogs.diariosur.es\/wp-content\/uploads\/sites\/12\/2015\/02\/850-623x400.jpg 623w, https:\/\/static-blogs.diariosur.es\/wp-content\/uploads\/sites\/12\/2015\/02\/850-768x493.jpg 768w\" sizes=\"(max-width: 600px) 100vw, 600px\" \/><\/a><\/p>\n<p>&nbsp;<\/p>\n<p>&nbsp;<\/p>\n<p>&nbsp;<\/p>\n<p><a href=\"https:\/\/blogs.diariosur.es\/tormentas-y-rayos\/2015\/02\/04\/la-ola-de-frio-polar-ya-es-la-protagonista-en-la-peninsula-y-baleares-posibles-sorpresas-el-domingo-viendo-los-mapas-me-ha-subido-la-adrenalina\/201502040700_s91g\/\" rel=\"attachment wp-att-11087\"><img loading=\"lazy\" class=\"aligncenter size-full wp-image-11087\" title=\"201502040700_s91g\" src=\"\/tormentas-y-rayos\/wp-content\/uploads\/sites\/12\/2015\/02\/201502040700_s91g.jpg\" alt=\"\" width=\"550\" height=\"488\" srcset=\"https:\/\/static-blogs.diariosur.es\/wp-content\/uploads\/sites\/12\/2015\/02\/201502040700_s91g.jpg 550w, https:\/\/static-blogs.diariosur.es\/wp-content\/uploads\/sites\/12\/2015\/02\/201502040700_s91g-451x400.jpg 451w\" sizes=\"(max-width: 550px) 100vw, 550px\" \/><\/a><\/p>\n<p>&nbsp;<\/p>\n<p><strong>La principal protagonista de que esta masa de aire fr\u00edo haya llegado a la\u00a0pen\u00ednsula \u00a0es esta borrasca que se\u00a0encuentra\u00a0en estos momento encima de las Islas Baleares y que podeis ver en las imagenes que os pongo a continuaci\u00f3n..\u00a0<\/strong><\/p>\n<p><strong>Os paso este mapa de superficie del hirlam \u00a0fuente aemet y la imagen del sat\u00e9lite eumetsat fuente meteogalicia.<\/strong><\/p>\n<p>&nbsp;<\/p>\n<p>&nbsp;<\/p>\n<p><a href=\"https:\/\/blogs.diariosur.es\/tormentas-y-rayos\/2015\/02\/04\/la-ola-de-frio-polar-ya-es-la-protagonista-en-la-peninsula-y-baleares-posibles-sorpresas-el-domingo-viendo-los-mapas-me-ha-subido-la-adrenalina\/bb-12\/\" rel=\"attachment wp-att-11077\"><img loading=\"lazy\" class=\"aligncenter size-medium wp-image-11077\" title=\"bb\" src=\"\/tormentas-y-rayos\/wp-content\/uploads\/sites\/12\/2015\/02\/bb.jpg\" alt=\"\" width=\"569\" height=\"400\" srcset=\"https:\/\/static-blogs.diariosur.es\/wp-content\/uploads\/sites\/12\/2015\/02\/bb.jpg 744w, https:\/\/static-blogs.diariosur.es\/wp-content\/uploads\/sites\/12\/2015\/02\/bb-569x400.jpg 569w\" sizes=\"(max-width: 569px) 100vw, 569px\" \/><\/a><\/p>\n<p>&nbsp;<\/p>\n<p><a href=\"https:\/\/blogs.diariosur.es\/tormentas-y-rayos\/2015\/02\/04\/la-ola-de-frio-polar-ya-es-la-protagonista-en-la-peninsula-y-baleares-posibles-sorpresas-el-domingo-viendo-los-mapas-me-ha-subido-la-adrenalina\/sate-7\/\" rel=\"attachment wp-att-11078\"><img loading=\"lazy\" class=\"aligncenter size-medium wp-image-11078\" title=\"sate\" src=\"\/tormentas-y-rayos\/wp-content\/uploads\/sites\/12\/2015\/02\/sate.jpg\" alt=\"\" width=\"535\" height=\"400\" srcset=\"https:\/\/static-blogs.diariosur.es\/wp-content\/uploads\/sites\/12\/2015\/02\/sate.jpg 742w, https:\/\/static-blogs.diariosur.es\/wp-content\/uploads\/sites\/12\/2015\/02\/sate-536x400.jpg 536w\" sizes=\"(max-width: 535px) 100vw, 535px\" \/><\/a><\/p>\n<p>&nbsp;<\/p>\n<p><strong>Antes os comentaba que esta borrasca es la principal protagonista, el otro protagonista es el anticicl\u00f3n que se ha\u00a0desplazado\u00a0hacia las Islas\u00a0Brit\u00e1nicas.<\/strong><\/p>\n<p><strong> Para los que\u00a0entr\u00e1is\u00a0por primera vez al blog, os paso el enlace donde explico el por qu\u00e9 de esta situaci\u00f3n y tambi\u00e9n\u00a0ver\u00e9is\u00a0unas fotos del a\u00f1o 2005 cuando\u00a0nev\u00f3\u00a0en Nerja, Almu\u00f1ecar, Salobre\u00f1a, Motril.<\/strong><\/p>\n<p><strong><a href=\"https:\/\/blogs.diariosur.es\/tormentas-y-rayos\/2015\/02\/03\/ola-de-frio-polar-continental-en-la-peninsula-seguimiento-especial-porque-se-dara-esta-situacion\/\">ENLACE DONDE EXPLICO LA OLA DE FR\u00cdO POLAR<\/a><\/strong><\/p>\n<p><span style=\"color: #ff0000;\"><strong>\u00bf POSIBLES SORPRESAS EL DOMINGO?<\/strong><\/span><\/p>\n<p><strong>Viendo estos mapas previstos para el domingo me \u00a0ha subido \u00a0la\u00a0adrenalina\u00a0jijijij. Se\u00a0formar\u00eda\u00a0como una peque\u00f1a baja cerca del Golfo de C\u00e1diz, y los vientos\u00a0entrar\u00edan\u00a0de levante, ya\u00a0sab\u00e9is\u00a0que estos vientos son\u00a0mas\u00a0h\u00famedos. La temperatura a 850 hpa \u00a0como la de 500 hpa en la madrugada del domingo bastantes bajas.<\/strong><\/p>\n<p>&nbsp;<\/p>\n<p>&nbsp;<\/p>\n<p><strong>\u00a0Fuente \u00a0gfs, meteociel.<\/strong><\/p>\n<p><strong>\u00a0<a href=\"https:\/\/blogs.diariosur.es\/tormentas-y-rayos\/2015\/02\/04\/la-ola-de-frio-polar-ya-es-la-protagonista-en-la-peninsula-y-baleares-posibles-sorpresas-el-domingo-viendo-los-mapas-me-ha-subido-la-adrenalina\/bbbbb-horz\/\" rel=\"attachment wp-att-11084\"><img loading=\"lazy\" class=\"aligncenter size-full wp-image-11084\" title=\"bbbbb-horz\" src=\"\/tormentas-y-rayos\/wp-content\/uploads\/sites\/12\/2015\/02\/bbbbb-horz.jpg\" alt=\"\" width=\"637\" height=\"318\" \/><\/a><a href=\"https:\/\/blogs.diariosur.es\/tormentas-y-rayos\/2015\/02\/04\/la-ola-de-frio-polar-ya-es-la-protagonista-en-la-peninsula-y-baleares-posibles-sorpresas-el-domingo-viendo-los-mapas-me-ha-subido-la-adrenalina\/z-horz-3\/\" rel=\"attachment wp-att-11085\"><img loading=\"lazy\" class=\"aligncenter size-full wp-image-11085\" title=\"z-horz\" src=\"\/tormentas-y-rayos\/wp-content\/uploads\/sites\/12\/2015\/02\/z-horz.jpg\" alt=\"\" width=\"633\" height=\"314\" \/><\/a><\/strong><\/p>\n<p>&nbsp;<\/p>\n<p>&nbsp;<\/p>\n<p>&nbsp;<\/p>\n<p>&nbsp;<\/p>\n<p>&nbsp;<\/p>\n<p><strong>Con esto no quiero decir que\u00a0nevar\u00eda\u00a0en M\u00e1laga Capital, pero si a partir de los 400 metros si se cumple este modelo. Aun quedan muchos\u00a0d\u00edas\u00a0amigos, lo que toca ahora es abrigarse. Ya iremos viendo si se produce el milagro.<\/strong><\/p>\n<p>&nbsp;<\/p>\n<p>&nbsp;<\/p>\n<p>&nbsp;<\/p>\n<p>&nbsp;<\/p>\n<p>&nbsp;<\/p>\n<p>&nbsp;<\/p>\n<p>&nbsp;<\/p>\n","protected":false},"excerpt":{"rendered":"<p>&nbsp; &nbsp; &nbsp; &nbsp; &nbsp; ULTIMA HORA: \u00a0SE ACTIVA EL AVISO NARANJA POR VIENTOS MA\u00d1ANA JUEVES EN LA AXARQU\u00cdA MALAGUE\u00d1A. &nbsp; &nbsp; &nbsp; &nbsp; Buenos\u00a0d\u00edas\u00a0amigos de la meteo, son las ocho de la ma\u00f1ana y\u00a0as\u00ed\u00a0amanece desde mi terraza. Espero que el fresquito me espabile, los relajantes me tienen\u00a0atontado jijijij. &nbsp; &nbsp; &nbsp; A lo que\u00a0\u00edbamos,\u00a0\u00a0registro [&hellip;]<\/p>\n","protected":false},"author":16,"featured_media":11087,"comment_status":"open","ping_status":"open","sticky":false,"template":"","format":"standard","meta":[],"categories":[2],"tags":[167,735,769,787],"_links":{"self":[{"href":"https:\/\/blogs.diariosur.es\/tormentas-y-rayos\/wp-json\/wp\/v2\/posts\/11074"}],"collection":[{"href":"https:\/\/blogs.diariosur.es\/tormentas-y-rayos\/wp-json\/wp\/v2\/posts"}],"about":[{"href":"https:\/\/blogs.diariosur.es\/tormentas-y-rayos\/wp-json\/wp\/v2\/types\/post"}],"author":[{"embeddable":true,"href":"https:\/\/blogs.diariosur.es\/tormentas-y-rayos\/wp-json\/wp\/v2\/users\/16"}],"replies":[{"embeddable":true,"href":"https:\/\/blogs.diariosur.es\/tormentas-y-rayos\/wp-json\/wp\/v2\/comments?post=11074"}],"version-history":[{"count":0,"href":"https:\/\/blogs.diariosur.es\/tormentas-y-rayos\/wp-json\/wp\/v2\/posts\/11074\/revisions"}],"wp:featuredmedia":[{"embeddable":true,"href":"https:\/\/blogs.diariosur.es\/tormentas-y-rayos\/wp-json\/wp\/v2\/media\/11087"}],"wp:attachment":[{"href":"https:\/\/blogs.diariosur.es\/tormentas-y-rayos\/wp-json\/wp\/v2\/media?parent=11074"}],"wp:term":[{"taxonomy":"category","embeddable":true,"href":"https:\/\/blogs.diariosur.es\/tormentas-y-rayos\/wp-json\/wp\/v2\/categories?post=11074"},{"taxonomy":"post_tag","embeddable":true,"href":"https:\/\/blogs.diariosur.es\/tormentas-y-rayos\/wp-json\/wp\/v2\/tags?post=11074"}],"curies":[{"name":"wp","href":"https:\/\/api.w.org\/{rel}","templated":true}]}}