{"id":11092,"date":"2015-02-05T08:27:35","date_gmt":"2015-02-05T07:27:35","guid":{"rendered":"http:\/\/blogs.diariosur.es\/tormentas-y-rayos\/?p=11092"},"modified":"2015-02-05T08:27:35","modified_gmt":"2015-02-05T07:27:35","slug":"seguimiento-ola-de-frio-polar-andalucia-aviso-naranja-por-vientos-en-la-axarquia-la-sensacion-termica-en-la-capital-malaguena-ha-sido-de-0-grados","status":"publish","type":"post","link":"https:\/\/blogs.diariosur.es\/tormentas-y-rayos\/2015\/02\/05\/seguimiento-ola-de-frio-polar-andalucia-aviso-naranja-por-vientos-en-la-axarquia-la-sensacion-termica-en-la-capital-malaguena-ha-sido-de-0-grados\/","title":{"rendered":"Seguimiento ola de fr\u00edo polar Andaluc\u00eda. Aviso amarillo por vientos en la Axarqu\u00eda y naranja en Granada y Almer\u00eda. La sensaci\u00f3n t\u00e9rmica en la capital malague\u00f1a ha sido de 0 grados"},"content":{"rendered":"<p>&nbsp;<\/p>\n<p>&nbsp;<\/p>\n<p>&nbsp;<\/p>\n<p>&nbsp;<\/p>\n<p>&nbsp;<\/p>\n<p style=\"text-align: center;\"><img loading=\"lazy\" class=\"aligncenter\" src=\"https:\/\/farm8.staticflickr.com\/7336\/16182814178_4cf0d6f219_q.jpg\" alt=\"\" width=\"150\" height=\"150\" \/><\/p>\n<p>&nbsp;<\/p>\n<p>&nbsp;<\/p>\n<p><strong>\u00a0ULTIMA HORA \u00a0:<\/strong>\u00a0<strong>SE\u00a0DESACTIVA EL AVISO NARANJA POR VIENTOS EN LA AXARQUIA MALAGUE\u00d1A\u00a0.\u00a0<\/strong><\/p>\n<p>&nbsp;<\/p>\n<p>&nbsp;<\/p>\n<p><strong>Buenos\u00a0d\u00edas\u00a0amigos de la meteo, son las ocho de la ma\u00f1ana, registro 6,6 grados pero la sensaci\u00f3n\u00a0t\u00e9rmica\u00a0debido al viento durante la madrugada ha sido cero grados. En estos momentos no sopla tan fuerte el viento.<\/strong><\/p>\n<p><strong> Si por ejemplo al\u00a0mediod\u00eda\u00a0estamos a 11 grados y las rachas de viento\u00a0son de 30 km\/h la sensaci\u00f3n\u00a0t\u00e9rmica\u00a0seria de un grado.<\/strong><\/p>\n<p><strong> <span style=\"color: #ff0000;\">Pero en donde esta pasada madrugada han tenido que pasar un fr\u00edo de coj&#8230;.. perd\u00f3n, es el L\u00e1ujar de Andarax pueblo de Almer\u00eda. Esta pasada madrugada no han bajado de los cinco grados bajo cero y han tenido una racha de viento de 125 km\/h. Es decir la sensaci\u00f3n\u00a0t\u00e9rmica\u00a0ha sido de &#8230;.. ni viene \u00a0en la tabla de valores. En la tabla pone velocidades superiores a los 65 km\/ produce un peligroso efecto adicional.<\/span><\/strong><\/p>\n<p>&nbsp;<\/p>\n<p><strong>Os paso la tabla.<\/strong><\/p>\n<p>&nbsp;<\/p>\n<p><a href=\"https:\/\/blogs.diariosur.es\/tormentas-y-rayos\/2015\/02\/05\/seguimiento-ola-de-frio-polar-andalucia-aviso-naranja-por-vientos-en-la-axarquia-la-sensacion-termica-en-la-capital-malaguena-ha-sido-de-0-grados\/frio-11\/\" rel=\"attachment wp-att-11094\"><img loading=\"lazy\" class=\"aligncenter size-full wp-image-11094\" title=\"frio\" src=\"\/tormentas-y-rayos\/wp-content\/uploads\/sites\/12\/2015\/02\/frio1.jpg\" alt=\"\" width=\"349\" height=\"376\" \/><\/a><\/p>\n<p>&nbsp;<\/p>\n<p>&nbsp;<\/p>\n<p>&nbsp;<\/p>\n<p>&nbsp;<\/p>\n<p>&nbsp;<\/p>\n<p><a href=\"https:\/\/blogs.diariosur.es\/tormentas-y-rayos\/2015\/02\/05\/seguimiento-ola-de-frio-polar-andalucia-aviso-naranja-por-vientos-en-la-axarquia-la-sensacion-termica-en-la-capital-malaguena-ha-sido-de-0-grados\/captura-576\/\" rel=\"attachment wp-att-11093\"><img loading=\"lazy\" class=\"aligncenter size-medium wp-image-11093\" title=\"Captura\" src=\"\/tormentas-y-rayos\/wp-content\/uploads\/sites\/12\/2015\/02\/Captura.jpg\" alt=\"\" width=\"600\" height=\"318\" srcset=\"https:\/\/static-blogs.diariosur.es\/wp-content\/uploads\/sites\/12\/2015\/02\/Captura.jpg 854w, https:\/\/static-blogs.diariosur.es\/wp-content\/uploads\/sites\/12\/2015\/02\/Captura-640x340.jpg 640w, https:\/\/static-blogs.diariosur.es\/wp-content\/uploads\/sites\/12\/2015\/02\/Captura-768x408.jpg 768w\" sizes=\"(max-width: 600px) 100vw, 600px\" \/><\/a><\/p>\n<p>&nbsp;<\/p>\n<p><strong>En Andaluc\u00eda en estos momentos la temperaturas \u00a0no pasan de 7.5 grados, \u00a0y en muchos puntos esta helando.\u00a0<\/strong><\/p>\n<p><strong>El viento del norte tomara protagonismo en toda Andaluc\u00eda durante el dia de hoy, pero sera la zona de la Axarqu\u00eda Malague\u00f1a donde las rachas sean mas fuertes. Por este motivo la Aemet ha activado el aviso naranja por rachas de 90 km\/h en esta zona y el amarillo en el norte de Almer\u00eda. Los\u00a0dem\u00e1s\u00a0avisos que veis en el mapa son por temperaturas\u00a0m\u00ednimas\u00a0que ya mismo lo quitaran. Fuente aemet<\/strong><\/p>\n<p>&nbsp;<\/p>\n<p><a href=\"https:\/\/blogs.diariosur.es\/tormentas-y-rayos\/2015\/02\/05\/seguimiento-ola-de-frio-polar-andalucia-aviso-naranja-por-vientos-en-la-axarquia-la-sensacion-termica-en-la-capital-malaguena-ha-sido-de-0-grados\/20150205060000_avi_hoy_ccaa61\/\" rel=\"attachment wp-att-11095\"><img loading=\"lazy\" class=\"aligncenter size-full wp-image-11095\" title=\"20150205060000_avi_hoy_ccaa61\" src=\"\/tormentas-y-rayos\/wp-content\/uploads\/sites\/12\/2015\/02\/20150205060000_avi_hoy_ccaa61.png\" alt=\"\" width=\"500\" height=\"334\" \/><\/a><\/p>\n<p>&nbsp;<\/p>\n<p><strong>SE\u00a0DESACTIVA\u00a0EL AVISO NARANJA EN LA AXARQUIA POR EL AMARILLO. LA COSTA GRANADINA Y ALMERIENSE ENTRAN EN AVISO NARANJA POR VIENTOS.<\/strong><\/p>\n<p>&nbsp;<\/p>\n<p>&nbsp;<\/p>\n<p>&nbsp;<\/p>\n<p><a href=\"https:\/\/blogs.diariosur.es\/tormentas-y-rayos\/2015\/02\/05\/seguimiento-ola-de-frio-polar-andalucia-aviso-naranja-por-vientos-en-la-axarquia-la-sensacion-termica-en-la-capital-malaguena-ha-sido-de-0-grados\/20150205083000_avi_hoy_ccaa61-3\/\" rel=\"attachment wp-att-11108\"><img loading=\"lazy\" class=\"aligncenter size-full wp-image-11108\" title=\"20150205083000_avi_hoy_ccaa61\" src=\"\/tormentas-y-rayos\/wp-content\/uploads\/sites\/12\/2015\/02\/20150205083000_avi_hoy_ccaa612.png\" alt=\"\" width=\"500\" height=\"334\" \/><\/a><\/p>\n<p>&nbsp;<\/p>\n<p>&nbsp;<\/p>\n<p>&nbsp;<\/p>\n<p>&nbsp;<\/p>\n<p><strong>La borrasca\u00a0mediterr\u00e1nea\u00a0se ha reforzado y sigue bombeando el aire frio que esta en el Continente Europeo, este reforzamiento de la borrasca unido al anticicl\u00f3n de las Islas Britanicas hace que el gradiente de presi\u00f3n sea muy grande con lo cual el viento es el protagonista. Fuente aemet<\/strong><\/p>\n<p>&nbsp;<\/p>\n<p><a href=\"https:\/\/blogs.diariosur.es\/tormentas-y-rayos\/2015\/02\/05\/seguimiento-ola-de-frio-polar-andalucia-aviso-naranja-por-vientos-en-la-axarquia-la-sensacion-termica-en-la-capital-malaguena-ha-sido-de-0-grados\/hpa-horz\/\" rel=\"attachment wp-att-11098\"><img loading=\"lazy\" class=\"aligncenter size-full wp-image-11098\" title=\"hpa-horz\" src=\"\/tormentas-y-rayos\/wp-content\/uploads\/sites\/12\/2015\/02\/hpa-horz.jpg\" alt=\"\" width=\"623\" height=\"221\" \/><\/a><\/p>\n<p>&nbsp;<\/p>\n<p>&nbsp;<\/p>\n<p><span style=\"color: #ff0000;\"><strong>\u00a0\u00bfPOSIBLES SORPRESAS EL DOMINGO ?<\/strong><\/span><\/p>\n<p>&nbsp;<\/p>\n<p><strong>Algunos modelos siguen dando el cambio de viento a levante en la madrugada del domingo. Pero quiero aclarar una cosa amigos de la meteo, en\u00a0ning\u00fan\u00a0momento he dicho que nevara en M\u00e1laga Capital, simplemente que la cota de nieve ( si le da por caer algo de lluvia) \u00a0puede rondar \u00a0los 400 metros. Luego la meteo puede traer sorpresas, como paso en el a\u00f1o 2005 que\u00a0nev\u00f3\u00a0como todos\u00a0sab\u00e9is\u00a0en la Costa Granadina y\u00a0en\u00a0Melilla, tambi\u00e9n fue debido al cambio de viento a levante. Os aseguro que dos\u00a0d\u00edas\u00a0antes se pronostica que iba a nevar en Salobre\u00f1a \u00a0y nadie se lo hubiera\u00a0cre\u00eddo.<\/strong><\/p>\n<p><strong>Seguiremos pendientes de los modelos para ver si entra algo de lluvia en la madrugada del domingo, y digo madrugada porque en esos momentos la temperatura es mas fr\u00eda y la cota de nieve seria mas baja.<\/strong><\/p>\n<p><strong>Os hago un peque\u00f1o resumen de ayer en Andaluc\u00eda.<\/strong><\/p>\n<p>&nbsp;<\/p>\n<p><strong>Lo mas destacado fue la nevada de Granada Capital y otros puntos de la provincia.<\/strong><\/p>\n<p><strong>Mi amiga Elena Martin me manda esta foto desde la Capital Granadina.\u00a0<\/strong><\/p>\n<p>&nbsp;<\/p>\n<p>&nbsp;<\/p>\n<p><a href=\"https:\/\/blogs.diariosur.es\/tormentas-y-rayos\/2015\/02\/05\/seguimiento-ola-de-frio-polar-andalucia-aviso-naranja-por-vientos-en-la-axarquia-la-sensacion-termica-en-la-capital-malaguena-ha-sido-de-0-grados\/elena-mm-marin-2\/\" rel=\"attachment wp-att-11103\"><img loading=\"lazy\" class=\"aligncenter size-full wp-image-11103\" title=\"elena mm marin\" src=\"\/tormentas-y-rayos\/wp-content\/uploads\/sites\/12\/2015\/02\/elena-mm-marin1.jpg\" alt=\"\" width=\"640\" height=\"480\" srcset=\"https:\/\/static-blogs.diariosur.es\/wp-content\/uploads\/sites\/12\/2015\/02\/elena-mm-marin1.jpg 640w, https:\/\/static-blogs.diariosur.es\/wp-content\/uploads\/sites\/12\/2015\/02\/elena-mm-marin1-533x400.jpg 533w\" sizes=\"(max-width: 640px) 100vw, 640px\" \/><\/a><\/p>\n<p>&nbsp;<\/p>\n<p>&nbsp;<\/p>\n<p>&nbsp;<\/p>\n<p><strong>Os paso algunas fotos del\u00a0peri\u00f3dico\u00a0el Ideal de Granada.<\/strong><\/p>\n<p>&nbsp;<\/p>\n<p><strong>Foto David Holguin en Granada<\/strong><\/p>\n<p><a href=\"https:\/\/blogs.diariosur.es\/tormentas-y-rayos\/2015\/02\/05\/seguimiento-ola-de-frio-polar-andalucia-aviso-naranja-por-vientos-en-la-axarquia-la-sensacion-termica-en-la-capital-malaguena-ha-sido-de-0-grados\/david-holguin\/\" rel=\"attachment wp-att-11099\"><img loading=\"lazy\" class=\"aligncenter size-medium wp-image-11099\" title=\"david holguin\" src=\"\/tormentas-y-rayos\/wp-content\/uploads\/sites\/12\/2015\/02\/david-holguin.jpg\" alt=\"\" width=\"533\" height=\"400\" srcset=\"https:\/\/static-blogs.diariosur.es\/wp-content\/uploads\/sites\/12\/2015\/02\/david-holguin.jpg 1024w, https:\/\/static-blogs.diariosur.es\/wp-content\/uploads\/sites\/12\/2015\/02\/david-holguin-533x400.jpg 533w, https:\/\/static-blogs.diariosur.es\/wp-content\/uploads\/sites\/12\/2015\/02\/david-holguin-768x576.jpg 768w\" sizes=\"(max-width: 533px) 100vw, 533px\" \/><\/a><\/p>\n<p>&nbsp;<\/p>\n<p><strong>Foto Jorge Cantero en Armilla.<\/strong><\/p>\n<p>&nbsp;<\/p>\n<p><a href=\"https:\/\/blogs.diariosur.es\/tormentas-y-rayos\/2015\/02\/05\/seguimiento-ola-de-frio-polar-andalucia-aviso-naranja-por-vientos-en-la-axarquia-la-sensacion-termica-en-la-capital-malaguena-ha-sido-de-0-grados\/jorge-cantero\/\" rel=\"attachment wp-att-11100\"><img loading=\"lazy\" class=\"aligncenter size-medium wp-image-11100\" title=\"jorge cantero\" src=\"\/tormentas-y-rayos\/wp-content\/uploads\/sites\/12\/2015\/02\/jorge-cantero.jpg\" alt=\"\" width=\"533\" height=\"400\" srcset=\"https:\/\/static-blogs.diariosur.es\/wp-content\/uploads\/sites\/12\/2015\/02\/jorge-cantero.jpg 1024w, https:\/\/static-blogs.diariosur.es\/wp-content\/uploads\/sites\/12\/2015\/02\/jorge-cantero-533x400.jpg 533w, https:\/\/static-blogs.diariosur.es\/wp-content\/uploads\/sites\/12\/2015\/02\/jorge-cantero-768x576.jpg 768w\" sizes=\"(max-width: 533px) 100vw, 533px\" \/><\/a><\/p>\n<p><strong>En la provincia malague\u00f1a tambi\u00e9n se vieron copos, aunque la nieve no cuajo. En Comares y el Colmenar nev\u00f3\u00a0sobre las dos de la tarde, por la ma\u00f1ana lo hizo en Cuevas del Becerro , en Alfarnatejo tambi\u00e9n etc etc.<\/strong><\/p>\n<p><strong>Desde mi terraza pude cazar las cortinas de nieve que se daban por detr\u00e1s de los Montes de M\u00e1laga.\u00a0<\/strong><\/p>\n<p>&nbsp;<\/p>\n<p><img loading=\"lazy\" class=\"aligncenter\" src=\"https:\/\/farm8.staticflickr.com\/7373\/16262161587_ea1c0c61c5_z.jpg\" alt=\"\" width=\"640\" height=\"428\" \/><\/p>\n<p>&nbsp;<\/p>\n<p><strong>Poco mas que contar amigos de la meteo, nos vemos ma\u00f1ana.<\/strong><\/p>\n","protected":false},"excerpt":{"rendered":"<p>&nbsp; &nbsp; &nbsp; &nbsp; &nbsp; &nbsp; &nbsp; \u00a0ULTIMA HORA \u00a0:\u00a0SE\u00a0DESACTIVA EL AVISO NARANJA POR VIENTOS EN LA AXARQUIA MALAGUE\u00d1A\u00a0.\u00a0 &nbsp; &nbsp; Buenos\u00a0d\u00edas\u00a0amigos de la meteo, son las ocho de la ma\u00f1ana, registro 6,6 grados pero la sensaci\u00f3n\u00a0t\u00e9rmica\u00a0debido al viento durante la madrugada ha sido cero grados. En estos momentos no sopla tan fuerte el viento. [&hellip;]<\/p>\n","protected":false},"author":16,"featured_media":11102,"comment_status":"open","ping_status":"open","sticky":false,"template":"","format":"standard","meta":[],"categories":[2],"tags":[99,151,155,309,432,676,732,787,1059],"_links":{"self":[{"href":"https:\/\/blogs.diariosur.es\/tormentas-y-rayos\/wp-json\/wp\/v2\/posts\/11092"}],"collection":[{"href":"https:\/\/blogs.diariosur.es\/tormentas-y-rayos\/wp-json\/wp\/v2\/posts"}],"about":[{"href":"https:\/\/blogs.diariosur.es\/tormentas-y-rayos\/wp-json\/wp\/v2\/types\/post"}],"author":[{"embeddable":true,"href":"https:\/\/blogs.diariosur.es\/tormentas-y-rayos\/wp-json\/wp\/v2\/users\/16"}],"replies":[{"embeddable":true,"href":"https:\/\/blogs.diariosur.es\/tormentas-y-rayos\/wp-json\/wp\/v2\/comments?post=11092"}],"version-history":[{"count":0,"href":"https:\/\/blogs.diariosur.es\/tormentas-y-rayos\/wp-json\/wp\/v2\/posts\/11092\/revisions"}],"wp:featuredmedia":[{"embeddable":true,"href":"https:\/\/blogs.diariosur.es\/tormentas-y-rayos\/wp-json\/wp\/v2\/media\/11102"}],"wp:attachment":[{"href":"https:\/\/blogs.diariosur.es\/tormentas-y-rayos\/wp-json\/wp\/v2\/media?parent=11092"}],"wp:term":[{"taxonomy":"category","embeddable":true,"href":"https:\/\/blogs.diariosur.es\/tormentas-y-rayos\/wp-json\/wp\/v2\/categories?post=11092"},{"taxonomy":"post_tag","embeddable":true,"href":"https:\/\/blogs.diariosur.es\/tormentas-y-rayos\/wp-json\/wp\/v2\/tags?post=11092"}],"curies":[{"name":"wp","href":"https:\/\/api.w.org\/{rel}","templated":true}]}}