{"id":11122,"date":"2015-02-07T07:50:40","date_gmt":"2015-02-07T06:50:40","guid":{"rendered":"http:\/\/blogs.diariosur.es\/tormentas-y-rayos\/?p=11122"},"modified":"2015-02-07T07:50:40","modified_gmt":"2015-02-07T06:50:40","slug":"prevision-del-tiempo-probabilidad-de-chubascos-de-nieve-en-la-provincia-malaguena-en-la-fuente-de-la-reina-puede-nevar","status":"publish","type":"post","link":"https:\/\/blogs.diariosur.es\/tormentas-y-rayos\/2015\/02\/07\/prevision-del-tiempo-probabilidad-de-chubascos-de-nieve-en-la-provincia-malaguena-en-la-fuente-de-la-reina-puede-nevar\/","title":{"rendered":"Ultima hora, nieva en Ronda y Benaoj\u00e1n. Previsi\u00f3n del tiempo. Probabilidad  de chubascos de nieve en la Provincia Malague\u00f1a. En la Fuente de la Reina puede nevar."},"content":{"rendered":"<p><img loading=\"lazy\" class=\"aligncenter\" src=\"https:\/\/farm3.staticflickr.com\/2898\/14371881571_bbae3518b1_q.jpg\" alt=\"\" width=\"150\" height=\"150\" \/><\/p>\n<p>&nbsp;<\/p>\n<p>&nbsp;<\/p>\n<p>&nbsp;<\/p>\n<p>&nbsp;<\/p>\n<p>&nbsp;<\/p>\n<p>&nbsp;<\/p>\n<p><img loading=\"lazy\" class=\"aligncenter\" src=\"https:\/\/farm8.staticflickr.com\/7402\/15733336183_f53df07b88_z.jpg\" alt=\"\" width=\"640\" height=\"285\" \/><\/p>\n<p>&nbsp;<\/p>\n<p>&nbsp;<\/p>\n<p>&nbsp;<\/p>\n<p><span style=\"color: #ff0000;\"><strong>ULTIMA HORA: NIEVA EN RONDA, BENAOJAN \u00a0DESDE LAS OCHO DE LA MA\u00d1ANA . LA CARRETERA DE RONDA A SAN PEDRO A LA ALTURA DE NAVASILLO HAY COMPLICACIONES .<\/strong><\/span><\/p>\n<p><span style=\"color: #ff0000;\">\u00a0<strong>LA AEMET ACTIVA HACE UNOS MINUTOS EL AVISO AMARILLO POR NEVADAS EN LA COMARCA DE RONDA. NIEVA SOBRE LOS 500 METROS.<\/strong><\/span><\/p>\n<p><a href=\"https:\/\/blogs.diariosur.es\/tormentas-y-rayos\/2015\/02\/07\/prevision-del-tiempo-probabilidad-de-chubascos-de-nieve-en-la-provincia-malaguena-en-la-fuente-de-la-reina-puede-nevar\/20150207100000_avi_hoy_ccaa61\/\" rel=\"attachment wp-att-11128\"><img loading=\"lazy\" class=\"aligncenter size-full wp-image-11128\" title=\"20150207100000_avi_hoy_ccaa61\" src=\"\/tormentas-y-rayos\/wp-content\/uploads\/sites\/12\/2015\/02\/20150207100000_avi_hoy_ccaa61.png\" alt=\"\" width=\"500\" height=\"334\" \/><\/a><\/p>\n<p>&nbsp;<\/p>\n<p>&nbsp;<\/p>\n<p>&nbsp;<\/p>\n<p><strong>Buenos dias amigos de la meteo, son las siete y media de la ma\u00f1ana, registro 5 grados en mi\u00a0estaci\u00f3n\u00a0y el viento esta en calma. En el\u00a0Aeropuerto\u00a0\u00a0Malague\u00f1o la\u00a0m\u00ednima\u00a0en estos momentos es de 1, 3 grados y de 3 grados en la\u00a0zona de Teatinos. El cielo esta nuboso, asi que lo mas seguro es que\u00a0pod\u00e1is\u00a0fotografiar un bonito candilazo, yo me lo\u00a0<\/strong><strong>perder\u00e9, como mucho lo vere desde la terraza.<\/strong><\/p>\n<p><strong>En la zona del Golfo de C\u00e1diz han tenido sorpresas en forma de tormenta esta pasada madrugada. Aunque la lluvia\u00a0ca\u00edda\u00a0no ha sido tanta.\u00a0<\/strong><\/p>\n<p>&nbsp;<\/p>\n<p><a href=\"https:\/\/blogs.diariosur.es\/tormentas-y-rayos\/2015\/02\/07\/prevision-del-tiempo-probabilidad-de-chubascos-de-nieve-en-la-provincia-malaguena-en-la-fuente-de-la-reina-puede-nevar\/tormenta-5\/\" rel=\"attachment wp-att-11123\"><img loading=\"lazy\" class=\"aligncenter size-full wp-image-11123\" title=\"tormenta\" src=\"\/tormentas-y-rayos\/wp-content\/uploads\/sites\/12\/2015\/02\/tormenta.jpg\" alt=\"\" width=\"538\" height=\"577\" srcset=\"https:\/\/static-blogs.diariosur.es\/wp-content\/uploads\/sites\/12\/2015\/02\/tormenta.jpg 538w, https:\/\/static-blogs.diariosur.es\/wp-content\/uploads\/sites\/12\/2015\/02\/tormenta-373x400.jpg 373w\" sizes=\"(max-width: 538px) 100vw, 538px\" \/><\/a><\/p>\n<p><strong>Los restos de la tormenta est\u00e1n entrando por el oeste de la provincia malague\u00f1a, no me\u00a0extra\u00f1ar\u00eda\u00a0de que Ronda y zonas cercanas \u00a0registren \u00a0alguna nevada, en estos momentos la temperatura \u00a0all\u00ed\u00a0es de 0.9\u00a0<\/strong><strong>grados.<\/strong><\/p>\n<p><a href=\"https:\/\/blogs.diariosur.es\/tormentas-y-rayos\/2015\/02\/07\/prevision-del-tiempo-probabilidad-de-chubascos-de-nieve-en-la-provincia-malaguena-en-la-fuente-de-la-reina-puede-nevar\/201502070550_r8ml\/\" rel=\"attachment wp-att-11124\"><img loading=\"lazy\" class=\"aligncenter size-full wp-image-11124\" title=\"201502070550_r8ml\" src=\"\/tormentas-y-rayos\/wp-content\/uploads\/sites\/12\/2015\/02\/201502070550_r8ml.gif\" alt=\"\" width=\"480\" height=\"530\" \/><\/a><\/p>\n<p>&nbsp;<\/p>\n<p>&nbsp;<\/p>\n<p><strong>Tenemos una bolsa de aire frio inestable sobre Andaluc\u00eda a 500 hpa (5500 m) , esta bolsa es la que ha hecho que se formen esta tormenta cerca de C\u00e1diz.<\/strong><\/p>\n<p>&nbsp;<\/p>\n<p>&nbsp;<\/p>\n<p><a href=\"https:\/\/blogs.diariosur.es\/tormentas-y-rayos\/2015\/02\/07\/prevision-del-tiempo-probabilidad-de-chubascos-de-nieve-en-la-provincia-malaguena-en-la-fuente-de-la-reina-puede-nevar\/1-horz-8\/\" rel=\"attachment wp-att-11125\"><img loading=\"lazy\" class=\"aligncenter size-full wp-image-11125\" title=\"1-horz\" src=\"\/tormentas-y-rayos\/wp-content\/uploads\/sites\/12\/2015\/02\/1-horz1.jpg\" alt=\"\" width=\"629\" height=\"224\" \/><\/a><\/p>\n<p>&nbsp;<\/p>\n<p>&nbsp;<\/p>\n<p><strong>Hoy\u00a0s\u00e1bado\u00a0hay probabilidad de que se produzcan chubascos en la provincia malague\u00f1a, estos chubascos y\u00a0seg\u00fan\u00a0las predicci\u00f3n de la aemet pueden ser ocasionalmente tormentoso. La cota de nieve rondara los 800 metros, pero podemos tener sorpresas y en las zonas donde se den corrientes ascendentes y descendentes debidas a las tormentas la cota de nieve puede bajar hasta los 500. \u00a0<\/strong><\/p>\n<p><strong>Esta tarde a ultima hora empezara a soplar el levante flojo en toda la Costa Mediterr\u00e1nea, durante la madrugada y primeras horas del domingo soplara mas fuerte. Ma\u00f1ana domingo tambi\u00e9n tendremos chubascos.\u00a0<\/strong><\/p>\n<p><strong>Solo un apunte mas y os dejo, estas situaciones de aire fr\u00edo en altura son\u00a0dif\u00edciles\u00a0de modelizar, a ver si hay suerte y en la Fuente de la Reina\u00a0pod\u00e9is\u00a0ver nevar. Yo particularmente lo\u00a0tendr\u00e9\u00a0que ver desde la terraza.<\/strong><\/p>\n<p>&nbsp;<\/p>\n<p><img loading=\"lazy\" class=\"aligncenter\" src=\"https:\/\/farm6.staticflickr.com\/5204\/5380865454_a7b8ca094b_z.jpg\" alt=\"\" width=\"640\" height=\"480\" \/><\/p>\n<p>&nbsp;<\/p>\n<p>&nbsp;<\/p>\n","protected":false},"excerpt":{"rendered":"<p>&nbsp; &nbsp; &nbsp; &nbsp; &nbsp; &nbsp; &nbsp; &nbsp; &nbsp; ULTIMA HORA: NIEVA EN RONDA, BENAOJAN \u00a0DESDE LAS OCHO DE LA MA\u00d1ANA . LA CARRETERA DE RONDA A SAN PEDRO A LA ALTURA DE NAVASILLO HAY COMPLICACIONES . \u00a0LA AEMET ACTIVA HACE UNOS MINUTOS EL AVISO AMARILLO POR NEVADAS EN LA COMARCA DE RONDA. NIEVA SOBRE [&hellip;]<\/p>\n","protected":false},"author":16,"featured_media":11126,"comment_status":"open","ping_status":"open","sticky":false,"template":"","format":"standard","meta":[],"categories":[2],"tags":[553,589,699,701,809,828,980],"_links":{"self":[{"href":"https:\/\/blogs.diariosur.es\/tormentas-y-rayos\/wp-json\/wp\/v2\/posts\/11122"}],"collection":[{"href":"https:\/\/blogs.diariosur.es\/tormentas-y-rayos\/wp-json\/wp\/v2\/posts"}],"about":[{"href":"https:\/\/blogs.diariosur.es\/tormentas-y-rayos\/wp-json\/wp\/v2\/types\/post"}],"author":[{"embeddable":true,"href":"https:\/\/blogs.diariosur.es\/tormentas-y-rayos\/wp-json\/wp\/v2\/users\/16"}],"replies":[{"embeddable":true,"href":"https:\/\/blogs.diariosur.es\/tormentas-y-rayos\/wp-json\/wp\/v2\/comments?post=11122"}],"version-history":[{"count":0,"href":"https:\/\/blogs.diariosur.es\/tormentas-y-rayos\/wp-json\/wp\/v2\/posts\/11122\/revisions"}],"wp:featuredmedia":[{"embeddable":true,"href":"https:\/\/blogs.diariosur.es\/tormentas-y-rayos\/wp-json\/wp\/v2\/media\/11126"}],"wp:attachment":[{"href":"https:\/\/blogs.diariosur.es\/tormentas-y-rayos\/wp-json\/wp\/v2\/media?parent=11122"}],"wp:term":[{"taxonomy":"category","embeddable":true,"href":"https:\/\/blogs.diariosur.es\/tormentas-y-rayos\/wp-json\/wp\/v2\/categories?post=11122"},{"taxonomy":"post_tag","embeddable":true,"href":"https:\/\/blogs.diariosur.es\/tormentas-y-rayos\/wp-json\/wp\/v2\/tags?post=11122"}],"curies":[{"name":"wp","href":"https:\/\/api.w.org\/{rel}","templated":true}]}}