{"id":11129,"date":"2015-02-08T09:51:05","date_gmt":"2015-02-08T08:51:05","guid":{"rendered":"http:\/\/blogs.diariosur.es\/tormentas-y-rayos\/?p=11129"},"modified":"2015-02-08T09:51:05","modified_gmt":"2015-02-08T08:51:05","slug":"prevision-del-tiempo-andalucia-la-masa-de-aire-polar-se-disolvera-lentamente-subida-de-las-maximas-el-levante-tomara-protagonismo","status":"publish","type":"post","link":"https:\/\/blogs.diariosur.es\/tormentas-y-rayos\/2015\/02\/08\/prevision-del-tiempo-andalucia-la-masa-de-aire-polar-se-disolvera-lentamente-subida-de-las-maximas-el-levante-tomara-protagonismo\/","title":{"rendered":"Previsi\u00f3n del tiempo Andaluc\u00eda. La masa de aire polar se disolver\u00e1 lentamente. Subida de las m\u00e1ximas. El levante tomara protagonismo."},"content":{"rendered":"<p><img loading=\"lazy\" class=\"aligncenter\" src=\"https:\/\/farm8.staticflickr.com\/7336\/16182814178_4cf0d6f219_q.jpg\" alt=\"\" width=\"150\" height=\"150\" \/><\/p>\n<p>&nbsp;<\/p>\n<p>&nbsp;<\/p>\n<p>&nbsp;<\/p>\n<p>&nbsp;<\/p>\n<p>&nbsp;<\/p>\n<p>&nbsp;<\/p>\n<p><strong>Buenos dias amigos de la meteo, son las ocho y cuarto \u00a0de la ma\u00f1ana, registro 8.7 grados y los cielos est\u00e1n nubosos. En estos momentos se registran precipitaciones por la costa occidental malague\u00f1a.<\/strong><\/p>\n<p><strong>As\u00ed<\/strong><strong>\u00a0amanece desde mi terraza, cuando me den el alta os prometo un\u00a0mont\u00f3n\u00a0de fotos desde la playa.<\/strong><\/p>\n<p>&nbsp;<\/p>\n<p>&nbsp;<\/p>\n<p><a href=\"https:\/\/blogs.diariosur.es\/tormentas-y-rayos\/2015\/02\/08\/prevision-del-tiempo-andalucia-la-masa-de-aire-polar-se-disolvera-lentamente-subida-de-las-maximas-el-levante-tomara-protagonismo\/_dsc7370\/\" rel=\"attachment wp-att-11130\"><img loading=\"lazy\" class=\"aligncenter size-full wp-image-11130\" title=\"_DSC7370\" src=\"\/tormentas-y-rayos\/wp-content\/uploads\/sites\/12\/2015\/02\/DSC7370.jpg\" alt=\"\" width=\"640\" height=\"427\" srcset=\"https:\/\/static-blogs.diariosur.es\/wp-content\/uploads\/sites\/12\/2015\/02\/DSC7370.jpg 640w, https:\/\/static-blogs.diariosur.es\/wp-content\/uploads\/sites\/12\/2015\/02\/DSC7370-600x400.jpg 600w\" sizes=\"(max-width: 640px) 100vw, 640px\" \/><\/a><\/p>\n<p>&nbsp;<\/p>\n<p>&nbsp;<\/p>\n<p><strong>Paqui Lara Amores \u00a0me manda el amanecer de hoy, que bonito amiga. Gracias.<\/strong><\/p>\n<p>&nbsp;<\/p>\n<p><a href=\"https:\/\/blogs.diariosur.es\/tormentas-y-rayos\/2015\/02\/08\/prevision-del-tiempo-andalucia-la-masa-de-aire-polar-se-disolvera-lentamente-subida-de-las-maximas-el-levante-tomara-protagonismo\/1941484_1029266520421610_6340419729129793231_o\/\" rel=\"attachment wp-att-11147\"><img loading=\"lazy\" class=\"aligncenter size-full wp-image-11147\" title=\"1941484_1029266520421610_6340419729129793231_o\" src=\"\/tormentas-y-rayos\/wp-content\/uploads\/sites\/12\/2015\/02\/1941484_1029266520421610_6340419729129793231_o.jpg\" alt=\"\" width=\"640\" height=\"360\" \/><\/a><\/p>\n<p>&nbsp;<\/p>\n<p>&nbsp;<\/p>\n<p>&nbsp;<\/p>\n<p><strong>Durante el dia de hoy aun se esperan algunos chubascos, pero poco a poco\u00a0ir\u00e1n\u00a0remitiendo. El levante se ha retrasado, pero a lo largo del\u00a0d\u00eda\u00a0empezara\u00a0a soplar en toda la Costa\u00a0Mediterr\u00e1nea\u00a0Andaluza.<\/strong><\/p>\n<p>&nbsp;<\/p>\n<p>&nbsp;<\/p>\n<p><strong>La masa de aire polar \u00a0ira remitiendo,\u00a0subir\u00e1n\u00a0 las\u00a0m\u00e1ximas\u00a0con respecto a estos\u00a0d\u00edas\u00a0pasados, pero las\u00a0m\u00ednimas\u00a0seguir\u00e1n\u00a0bajas. Os paso estos cuatro mapas donde\u00a0pod\u00e9is\u00a0ver como la temperatura a 850\u00a0hpa ( 1500 m ) va subiendo desde hoy domingo y hasta el\u00a0mi\u00e9rcoles.\u00a0<\/strong><\/p>\n<p>&nbsp;<\/p>\n<p>&nbsp;<\/p>\n<p><a href=\"https:\/\/blogs.diariosur.es\/tormentas-y-rayos\/2015\/02\/08\/prevision-del-tiempo-andalucia-la-masa-de-aire-polar-se-disolvera-lentamente-subida-de-las-maximas-el-levante-tomara-protagonismo\/m-horz\/\" rel=\"attachment wp-att-11132\"><img loading=\"lazy\" class=\"aligncenter size-full wp-image-11132\" title=\"m-horz\" src=\"\/tormentas-y-rayos\/wp-content\/uploads\/sites\/12\/2015\/02\/m-horz.jpg\" alt=\"\" width=\"633\" height=\"215\" \/><\/a><\/p>\n<p>&nbsp;<\/p>\n<p>&nbsp;<\/p>\n<p>&nbsp;<\/p>\n<p><a href=\"https:\/\/blogs.diariosur.es\/tormentas-y-rayos\/2015\/02\/08\/prevision-del-tiempo-andalucia-la-masa-de-aire-polar-se-disolvera-lentamente-subida-de-las-maximas-el-levante-tomara-protagonismo\/m2-horz\/\" rel=\"attachment wp-att-11131\"><img loading=\"lazy\" class=\"aligncenter size-full wp-image-11131\" title=\"m2-horz\" src=\"\/tormentas-y-rayos\/wp-content\/uploads\/sites\/12\/2015\/02\/m2-horz.jpg\" alt=\"\" width=\"643\" height=\"219\" srcset=\"https:\/\/static-blogs.diariosur.es\/wp-content\/uploads\/sites\/12\/2015\/02\/m2-horz.jpg 643w, https:\/\/static-blogs.diariosur.es\/wp-content\/uploads\/sites\/12\/2015\/02\/m2-horz-640x218.jpg 640w\" sizes=\"(max-width: 643px) 100vw, 643px\" \/><\/a><\/p>\n<p>&nbsp;<\/p>\n<p>&nbsp;<\/p>\n<p>&nbsp;<\/p>\n<p>&nbsp;<\/p>\n<p><strong>El martes y mi\u00e9rcoles nos podr\u00eda afectar un poco de inestabilidad \u00a0a\u00a0Andaluc\u00eda, seria la zona del Litoral Atl\u00e1ntico y Estrecho donde se pueden dar precipitaciones. Pero de todo esto hablaremos mejor ma\u00f1ana.<\/strong><\/p>\n<p>&nbsp;<\/p>\n<p><strong>Os hago un peque\u00f1o resumen de ayer y os paso las fotos que me\u00a0hab\u00e9is\u00a0mandado.\u00a0<\/strong><\/p>\n<p><strong>La nieve fue la protagonista en la zona occidental malague\u00f1a, nev\u00f3 en algunos puntos a partir de 500 metros. Ronda y muchos pueblos se despertaron con este bonito meteoro dejando estampas muy bonitas.<\/strong><\/p>\n<p><strong>Os paso las fotos que me hab\u00e9is mandado.<\/strong><\/p>\n<p><strong>Alejandro Serrato desde Ronda, gracias amigo.<\/strong><\/p>\n<p>&nbsp;<\/p>\n<p>&nbsp;<\/p>\n<p>&nbsp;<\/p>\n<p><a href=\"https:\/\/blogs.diariosur.es\/tormentas-y-rayos\/2015\/02\/08\/prevision-del-tiempo-andalucia-la-masa-de-aire-polar-se-disolvera-lentamente-subida-de-las-maximas-el-levante-tomara-protagonismo\/alejandro-serrato-2\/\" rel=\"attachment wp-att-11134\"><img loading=\"lazy\" class=\"aligncenter size-full wp-image-11134\" title=\"alejandro serrato\" src=\"\/tormentas-y-rayos\/wp-content\/uploads\/sites\/12\/2015\/02\/alejandro-serrato1.jpg\" alt=\"\" width=\"640\" height=\"480\" srcset=\"https:\/\/static-blogs.diariosur.es\/wp-content\/uploads\/sites\/12\/2015\/02\/alejandro-serrato1.jpg 640w, https:\/\/static-blogs.diariosur.es\/wp-content\/uploads\/sites\/12\/2015\/02\/alejandro-serrato1-533x400.jpg 533w\" sizes=\"(max-width: 640px) 100vw, 640px\" \/><\/a><\/p>\n<p>&nbsp;<\/p>\n<p>&nbsp;<\/p>\n<p>&nbsp;<\/p>\n<p>&nbsp;<\/p>\n<p><strong>Juan Antonio Lopez de Diaz.<\/strong><\/p>\n<p>&nbsp;<\/p>\n<p>&nbsp;<\/p>\n<p>&nbsp;<\/p>\n<p><a href=\"https:\/\/blogs.diariosur.es\/tormentas-y-rayos\/2015\/02\/08\/prevision-del-tiempo-andalucia-la-masa-de-aire-polar-se-disolvera-lentamente-subida-de-las-maximas-el-levante-tomara-protagonismo\/juan-antonio-lopez-de-diaz\/\" rel=\"attachment wp-att-11145\"><img loading=\"lazy\" class=\"aligncenter size-medium wp-image-11145\" title=\"juan antonio lopez de Diaz\" src=\"\/tormentas-y-rayos\/wp-content\/uploads\/sites\/12\/2015\/02\/juan-antonio-lopez-de-Diaz.jpg\" alt=\"\" width=\"534\" height=\"400\" srcset=\"https:\/\/static-blogs.diariosur.es\/wp-content\/uploads\/sites\/12\/2015\/02\/juan-antonio-lopez-de-Diaz.jpg 960w, https:\/\/static-blogs.diariosur.es\/wp-content\/uploads\/sites\/12\/2015\/02\/juan-antonio-lopez-de-Diaz-534x400.jpg 534w, https:\/\/static-blogs.diariosur.es\/wp-content\/uploads\/sites\/12\/2015\/02\/juan-antonio-lopez-de-Diaz-768x575.jpg 768w\" sizes=\"(max-width: 534px) 100vw, 534px\" \/><\/a><\/p>\n<p>&nbsp;<\/p>\n<p><strong>Ascensi\u00f3n Rus, nos manda este bonito mu\u00f1eco de nieve.<\/strong><\/p>\n<p><a href=\"https:\/\/blogs.diariosur.es\/tormentas-y-rayos\/2015\/02\/08\/prevision-del-tiempo-andalucia-la-masa-de-aire-polar-se-disolvera-lentamente-subida-de-las-maximas-el-levante-tomara-protagonismo\/ascencion-rus\/\" rel=\"attachment wp-att-11135\"><img loading=\"lazy\" class=\"aligncenter size-full wp-image-11135\" title=\"ascencion rus\" src=\"\/tormentas-y-rayos\/wp-content\/uploads\/sites\/12\/2015\/02\/ascencion-rus.jpg\" alt=\"\" width=\"350\" height=\"467\" srcset=\"https:\/\/static-blogs.diariosur.es\/wp-content\/uploads\/sites\/12\/2015\/02\/ascencion-rus.jpg 350w, https:\/\/static-blogs.diariosur.es\/wp-content\/uploads\/sites\/12\/2015\/02\/ascencion-rus-300x400.jpg 300w\" sizes=\"(max-width: 350px) 100vw, 350px\" \/><\/a><\/p>\n<p>&nbsp;<\/p>\n<p>&nbsp;<\/p>\n<p>&nbsp;<\/p>\n<p><a href=\"https:\/\/blogs.diariosur.es\/tormentas-y-rayos\/2015\/02\/08\/prevision-del-tiempo-andalucia-la-masa-de-aire-polar-se-disolvera-lentamente-subida-de-las-maximas-el-levante-tomara-protagonismo\/captura-577\/\" rel=\"attachment wp-att-11136\"><img loading=\"lazy\" class=\"aligncenter size-full wp-image-11136\" title=\"Captura\" src=\"\/tormentas-y-rayos\/wp-content\/uploads\/sites\/12\/2015\/02\/Captura1.jpg\" alt=\"\" width=\"675\" height=\"544\" srcset=\"https:\/\/static-blogs.diariosur.es\/wp-content\/uploads\/sites\/12\/2015\/02\/Captura1.jpg 675w, https:\/\/static-blogs.diariosur.es\/wp-content\/uploads\/sites\/12\/2015\/02\/Captura1-496x400.jpg 496w\" sizes=\"(max-width: 675px) 100vw, 675px\" \/><\/a><\/p>\n<p><strong>Cruzado Manuel subiendo a Ronda.<\/strong><\/p>\n<p>&nbsp;<\/p>\n<p>&nbsp;<\/p>\n<p><a href=\"https:\/\/blogs.diariosur.es\/tormentas-y-rayos\/2015\/02\/08\/prevision-del-tiempo-andalucia-la-masa-de-aire-polar-se-disolvera-lentamente-subida-de-las-maximas-el-levante-tomara-protagonismo\/cruzado-manuel-subiendo-a-ronda\/\" rel=\"attachment wp-att-11137\"><img loading=\"lazy\" class=\"aligncenter size-full wp-image-11137\" title=\"cruzado manuel subiendo a ronda\" src=\"\/tormentas-y-rayos\/wp-content\/uploads\/sites\/12\/2015\/02\/cruzado-manuel-subiendo-a-ronda.jpg\" alt=\"\" width=\"640\" height=\"360\" \/><\/a><\/p>\n<p><strong>Diego y Kati desde Arriate.<\/strong><\/p>\n<p>&nbsp;<\/p>\n<p><a href=\"https:\/\/blogs.diariosur.es\/tormentas-y-rayos\/2015\/02\/08\/prevision-del-tiempo-andalucia-la-masa-de-aire-polar-se-disolvera-lentamente-subida-de-las-maximas-el-levante-tomara-protagonismo\/diego-cati-arriate\/\" rel=\"attachment wp-att-11138\"><img loading=\"lazy\" class=\"aligncenter size-full wp-image-11138\" title=\"diego cati arriate\" src=\"\/tormentas-y-rayos\/wp-content\/uploads\/sites\/12\/2015\/02\/diego-cati-arriate.jpg\" alt=\"\" width=\"350\" height=\"467\" srcset=\"https:\/\/static-blogs.diariosur.es\/wp-content\/uploads\/sites\/12\/2015\/02\/diego-cati-arriate.jpg 350w, https:\/\/static-blogs.diariosur.es\/wp-content\/uploads\/sites\/12\/2015\/02\/diego-cati-arriate-300x400.jpg 300w\" sizes=\"(max-width: 350px) 100vw, 350px\" \/><\/a><\/p>\n<p>&nbsp;<\/p>\n<p><strong>Laura Zurita desde lo mas alto del Puerto de la Torre. En esta zona cayo agua nieve.\u00a0<\/strong><\/p>\n<p>&nbsp;<\/p>\n<p><a href=\"https:\/\/blogs.diariosur.es\/tormentas-y-rayos\/2015\/02\/08\/prevision-del-tiempo-andalucia-la-masa-de-aire-polar-se-disolvera-lentamente-subida-de-las-maximas-el-levante-tomara-protagonismo\/laura-zurita_1\/\" rel=\"attachment wp-att-11139\"><img loading=\"lazy\" class=\"aligncenter size-full wp-image-11139\" title=\"laura zurita_1\" src=\"\/tormentas-y-rayos\/wp-content\/uploads\/sites\/12\/2015\/02\/laura-zurita_1.jpg\" alt=\"\" width=\"360\" height=\"480\" srcset=\"https:\/\/static-blogs.diariosur.es\/wp-content\/uploads\/sites\/12\/2015\/02\/laura-zurita_1.jpg 360w, https:\/\/static-blogs.diariosur.es\/wp-content\/uploads\/sites\/12\/2015\/02\/laura-zurita_1-300x400.jpg 300w\" sizes=\"(max-width: 360px) 100vw, 360px\" \/><\/a><\/p>\n<p>&nbsp;<\/p>\n<p>&nbsp;<\/p>\n<p><strong>Maria Otaola desde Cortes de la Frontera.<\/strong><\/p>\n<p>&nbsp;<\/p>\n<p><a href=\"https:\/\/blogs.diariosur.es\/tormentas-y-rayos\/2015\/02\/08\/prevision-del-tiempo-andalucia-la-masa-de-aire-polar-se-disolvera-lentamente-subida-de-las-maximas-el-levante-tomara-protagonismo\/maria-otaola-cortes-de-la-forntera\/\" rel=\"attachment wp-att-11140\"><img loading=\"lazy\" class=\"aligncenter size-full wp-image-11140\" title=\"maria otaola cortes de la forntera\" src=\"\/tormentas-y-rayos\/wp-content\/uploads\/sites\/12\/2015\/02\/maria-otaola-cortes-de-la-forntera.jpg\" alt=\"\" width=\"640\" height=\"360\" \/><\/a><\/p>\n<p>&nbsp;<\/p>\n<p><strong>Roc\u00edo Cabrera.<\/strong><\/p>\n<p><a href=\"https:\/\/blogs.diariosur.es\/tormentas-y-rayos\/2015\/02\/08\/prevision-del-tiempo-andalucia-la-masa-de-aire-polar-se-disolvera-lentamente-subida-de-las-maximas-el-levante-tomara-protagonismo\/rocio-cabrera\/\" rel=\"attachment wp-att-11141\"><img loading=\"lazy\" class=\"aligncenter size-full wp-image-11141\" title=\"rocio cabrera\" src=\"\/tormentas-y-rayos\/wp-content\/uploads\/sites\/12\/2015\/02\/rocio-cabrera.jpg\" alt=\"\" width=\"640\" height=\"384\" \/><\/a><\/p>\n<p>&nbsp;<\/p>\n<p>&nbsp;<\/p>\n<p><strong>Sandra Rodriguez cerca de Archidona.<\/strong><\/p>\n<p><a href=\"https:\/\/blogs.diariosur.es\/tormentas-y-rayos\/2015\/02\/08\/prevision-del-tiempo-andalucia-la-masa-de-aire-polar-se-disolvera-lentamente-subida-de-las-maximas-el-levante-tomara-protagonismo\/sandra-rodriguez-archidona\/\" rel=\"attachment wp-att-11142\"><img loading=\"lazy\" class=\"aligncenter size-full wp-image-11142\" title=\"sandra rodriguez archidona\" src=\"\/tormentas-y-rayos\/wp-content\/uploads\/sites\/12\/2015\/02\/sandra-rodriguez-archidona.jpg\" alt=\"\" width=\"640\" height=\"360\" \/><\/a><\/p>\n","protected":false},"excerpt":{"rendered":"<p>&nbsp; &nbsp; &nbsp; &nbsp; &nbsp; &nbsp; Buenos dias amigos de la meteo, son las ocho y cuarto \u00a0de la ma\u00f1ana, registro 8.7 grados y los cielos est\u00e1n nubosos. En estos momentos se registran precipitaciones por la costa occidental malague\u00f1a. As\u00ed\u00a0amanece desde mi terraza, cuando me den el alta os prometo un\u00a0mont\u00f3n\u00a0de fotos desde la playa. [&hellip;]<\/p>\n","protected":false},"author":16,"featured_media":11146,"comment_status":"open","ping_status":"open","sticky":false,"template":"","format":"standard","meta":[],"categories":[2],"tags":[100,809,980],"_links":{"self":[{"href":"https:\/\/blogs.diariosur.es\/tormentas-y-rayos\/wp-json\/wp\/v2\/posts\/11129"}],"collection":[{"href":"https:\/\/blogs.diariosur.es\/tormentas-y-rayos\/wp-json\/wp\/v2\/posts"}],"about":[{"href":"https:\/\/blogs.diariosur.es\/tormentas-y-rayos\/wp-json\/wp\/v2\/types\/post"}],"author":[{"embeddable":true,"href":"https:\/\/blogs.diariosur.es\/tormentas-y-rayos\/wp-json\/wp\/v2\/users\/16"}],"replies":[{"embeddable":true,"href":"https:\/\/blogs.diariosur.es\/tormentas-y-rayos\/wp-json\/wp\/v2\/comments?post=11129"}],"version-history":[{"count":0,"href":"https:\/\/blogs.diariosur.es\/tormentas-y-rayos\/wp-json\/wp\/v2\/posts\/11129\/revisions"}],"wp:featuredmedia":[{"embeddable":true,"href":"https:\/\/blogs.diariosur.es\/tormentas-y-rayos\/wp-json\/wp\/v2\/media\/11146"}],"wp:attachment":[{"href":"https:\/\/blogs.diariosur.es\/tormentas-y-rayos\/wp-json\/wp\/v2\/media?parent=11129"}],"wp:term":[{"taxonomy":"category","embeddable":true,"href":"https:\/\/blogs.diariosur.es\/tormentas-y-rayos\/wp-json\/wp\/v2\/categories?post=11129"},{"taxonomy":"post_tag","embeddable":true,"href":"https:\/\/blogs.diariosur.es\/tormentas-y-rayos\/wp-json\/wp\/v2\/tags?post=11129"}],"curies":[{"name":"wp","href":"https:\/\/api.w.org\/{rel}","templated":true}]}}