{"id":11149,"date":"2015-02-09T09:09:53","date_gmt":"2015-02-09T08:09:53","guid":{"rendered":"http:\/\/blogs.diariosur.es\/tormentas-y-rayos\/?p=11149"},"modified":"2015-02-09T09:09:53","modified_gmt":"2015-02-09T08:09:53","slug":"prevision-del-tiempo-en-andalucia-aviso-amarillo-por-olas-en-el-litoral-mediterraneo-por-viento-de-levante-en-el-estrecho-y-cadiz","status":"publish","type":"post","link":"https:\/\/blogs.diariosur.es\/tormentas-y-rayos\/2015\/02\/09\/prevision-del-tiempo-en-andalucia-aviso-amarillo-por-olas-en-el-litoral-mediterraneo-por-viento-de-levante-en-el-estrecho-y-cadiz\/","title":{"rendered":"Previsi\u00f3n del tiempo en Andaluc\u00eda. Aviso amarillo por olas en el Litoral Mediterr\u00e1neo. Por viento de levante en el Estrecho y C\u00e1diz."},"content":{"rendered":"<p><img loading=\"lazy\" class=\"aligncenter\" src=\"https:\/\/farm8.staticflickr.com\/7336\/16182814178_4cf0d6f219_q.jpg\" alt=\"\" width=\"150\" height=\"150\" \/><\/p>\n<p>&nbsp;<\/p>\n<p>&nbsp;<\/p>\n<p>&nbsp;<\/p>\n<p>&nbsp;<\/p>\n<p>&nbsp;<\/p>\n<p>&nbsp;<\/p>\n<p>&nbsp;<\/p>\n<p><strong>Buenos dias amigos de la meteo, son las ocho \u00a0y veinte de la ma\u00f1ana, mi estaci\u00f3n registra \u00a06,8 \u00a0 grados y los cielos malague\u00f1os est\u00e1n despejados. Mirando el\u00a0sat\u00e9lite\u00a0creo distinguir bancos de niebla por el\u00a0interior\u00a0oriental.\u00a0<\/strong><\/p>\n<p>&nbsp;<\/p>\n<p><a href=\"https:\/\/blogs.diariosur.es\/tormentas-y-rayos\/2015\/02\/09\/prevision-del-tiempo-en-andalucia-aviso-amarillo-por-olas-en-el-litoral-mediterraneo-por-viento-de-levante-en-el-estrecho-y-cadiz\/_dsc7381\/\" rel=\"attachment wp-att-11157\"><img loading=\"lazy\" class=\"aligncenter size-full wp-image-11157\" title=\"_DSC7381\" src=\"\/tormentas-y-rayos\/wp-content\/uploads\/sites\/12\/2015\/02\/DSC7381.jpg\" alt=\"\" width=\"640\" height=\"427\" srcset=\"https:\/\/static-blogs.diariosur.es\/wp-content\/uploads\/sites\/12\/2015\/02\/DSC7381.jpg 640w, https:\/\/static-blogs.diariosur.es\/wp-content\/uploads\/sites\/12\/2015\/02\/DSC7381-600x400.jpg 600w\" sizes=\"(max-width: 640px) 100vw, 640px\" \/><\/a><\/p>\n<p>&nbsp;<\/p>\n<p><strong>La m\u00ednima en estos momentos en Andaluc\u00eda la esta dando Granada Aeropuerto y Baza con casi seis grados bajo cero, estos datos son de la siete de la ma\u00f1ana. <\/strong><\/p>\n<p><strong>Pero donde si que hace tela de fr\u00edo es en Autilla del Pino ( Palencia) y San Clemente (Cuenca) , manda huevis&#8230;.. -24 \u00a0grados bajo cero \u00a0y -21 .\u00a0<\/strong><\/p>\n<p>&nbsp;<\/p>\n<p>&nbsp;<\/p>\n<p>&nbsp;<\/p>\n<p><a href=\"https:\/\/blogs.diariosur.es\/tormentas-y-rayos\/2015\/02\/09\/prevision-del-tiempo-en-andalucia-aviso-amarillo-por-olas-en-el-litoral-mediterraneo-por-viento-de-levante-en-el-estrecho-y-cadiz\/minimas-lunes\/\" rel=\"attachment wp-att-11153\"><img loading=\"lazy\" class=\"aligncenter size-full wp-image-11153\" title=\"minimas lunes\" src=\"\/tormentas-y-rayos\/wp-content\/uploads\/sites\/12\/2015\/02\/minimas-lunes.jpg\" alt=\"\" width=\"363\" height=\"360\" srcset=\"https:\/\/static-blogs.diariosur.es\/wp-content\/uploads\/sites\/12\/2015\/02\/minimas-lunes.jpg 363w, https:\/\/static-blogs.diariosur.es\/wp-content\/uploads\/sites\/12\/2015\/02\/minimas-lunes-150x150.jpg 150w\" sizes=\"(max-width: 363px) 100vw, 363px\" \/><\/a><\/p>\n<p><strong>Que fuerte, como para salir ha comprar el pan .<\/strong><\/p>\n<p>&nbsp;<\/p>\n<p><strong>ACTUALIZACI\u00d3N DE DATOS<\/strong><\/p>\n<p><span style=\"color: #ff00ff;\"><strong>Comentaros que ayer hubo un fallo en los datos de las\u00a0m\u00ednimas\u00a0que puso aemet. No se\u00a0dieron esos 24 grados bajo cero, ni 21 , mas tarde actualizaron los datos. y fueron estos.<\/strong><\/span><\/p>\n<p><a href=\"https:\/\/blogs.diariosur.es\/tormentas-y-rayos\/2015\/02\/09\/prevision-del-tiempo-en-andalucia-aviso-amarillo-por-olas-en-el-litoral-mediterraneo-por-viento-de-levante-en-el-estrecho-y-cadiz\/nuevo\/\" rel=\"attachment wp-att-11175\"><img loading=\"lazy\" class=\"aligncenter size-full wp-image-11175\" title=\"nuevo\" src=\"\/tormentas-y-rayos\/wp-content\/uploads\/sites\/12\/2015\/02\/nuevo.jpg\" alt=\"\" width=\"370\" height=\"352\" \/><\/a><\/p>\n<p>&nbsp;<\/p>\n<p>&nbsp;<\/p>\n<p><strong>Bueno amigos, la aemet activa el aviso amarillo por\u00a0fen\u00f3menos\u00a0costeros en todo el Litoral\u00a0Mediterr\u00e1neo\u00a0Andaluz,\u00a0ser\u00e1n\u00a0por vientos y\u00a0tambi\u00e9n\u00a0por olas en el Estrecho y C\u00e1diz, estos avisos\u00a0seguir\u00e1n\u00a0vigentes ma\u00f1ana\u00a0martes tambi\u00e9n pero por\u00a0fen\u00f3menos\u00a0costeros.<\/strong><\/p>\n<p><strong>Fuente aemet-<\/strong><\/p>\n<p>&nbsp;<\/p>\n<p><a href=\"https:\/\/blogs.diariosur.es\/tormentas-y-rayos\/2015\/02\/09\/prevision-del-tiempo-en-andalucia-aviso-amarillo-por-olas-en-el-litoral-mediterraneo-por-viento-de-levante-en-el-estrecho-y-cadiz\/20150209071000_avi_hoy_ccaa61\/\" rel=\"attachment wp-att-11154\"><img loading=\"lazy\" class=\"aligncenter size-full wp-image-11154\" title=\"20150209071000_avi_hoy_ccaa61\" src=\"\/tormentas-y-rayos\/wp-content\/uploads\/sites\/12\/2015\/02\/20150209071000_avi_hoy_ccaa61.png\" alt=\"\" width=\"500\" height=\"334\" \/><\/a><\/p>\n<p>&nbsp;<\/p>\n<p>&nbsp;<\/p>\n<p>&nbsp;<\/p>\n<p><a href=\"https:\/\/blogs.diariosur.es\/tormentas-y-rayos\/2015\/02\/09\/prevision-del-tiempo-en-andalucia-aviso-amarillo-por-olas-en-el-litoral-mediterraneo-por-viento-de-levante-en-el-estrecho-y-cadiz\/mar-de-viento-2\/\" rel=\"attachment wp-att-11155\"><img loading=\"lazy\" class=\"aligncenter size-medium wp-image-11155\" title=\"MAR DE VIENTO\" src=\"\/tormentas-y-rayos\/wp-content\/uploads\/sites\/12\/2015\/02\/MAR-DE-VIENTO.jpg\" alt=\"\" width=\"600\" height=\"396\" srcset=\"https:\/\/static-blogs.diariosur.es\/wp-content\/uploads\/sites\/12\/2015\/02\/MAR-DE-VIENTO.jpg 767w, https:\/\/static-blogs.diariosur.es\/wp-content\/uploads\/sites\/12\/2015\/02\/MAR-DE-VIENTO-605x400.jpg 605w\" sizes=\"(max-width: 600px) 100vw, 600px\" \/><\/a><\/p>\n<p>&nbsp;<\/p>\n<p><strong>Las\u00a0m\u00e1ximas\u00a0hoy lunes\u00a0ser\u00e1n\u00a0parecidas a las de ayer, aunque pienso que en el Valle del Guadalquivir\u00a0subir\u00e1n\u00a0un poco mas. El fuerte viento de levante sera el protagonista en el Estrecho y \u00a0en Tarifa.\u00a0<\/strong><\/p>\n<p><strong>A ultima hora de la tarde \u00a0tendera a nuboso en la zona oriental de nuestra Comunidad, hay una peque\u00f1a probabilidad de que se registren precipitaciones d\u00e9biles y ocasionales. Fuente Hirlam Aemet.<\/strong><\/p>\n<p>&nbsp;<\/p>\n<p><a href=\"https:\/\/blogs.diariosur.es\/tormentas-y-rayos\/2015\/02\/09\/prevision-del-tiempo-en-andalucia-aviso-amarillo-por-olas-en-el-litoral-mediterraneo-por-viento-de-levante-en-el-estrecho-y-cadiz\/captura-579\/\" rel=\"attachment wp-att-11156\"><img loading=\"lazy\" class=\"aligncenter size-medium wp-image-11156\" title=\"Captura\" src=\"\/tormentas-y-rayos\/wp-content\/uploads\/sites\/12\/2015\/02\/Captura3.jpg\" alt=\"\" width=\"503\" height=\"400\" srcset=\"https:\/\/static-blogs.diariosur.es\/wp-content\/uploads\/sites\/12\/2015\/02\/Captura3.jpg 789w, https:\/\/static-blogs.diariosur.es\/wp-content\/uploads\/sites\/12\/2015\/02\/Captura3-503x400.jpg 503w, https:\/\/static-blogs.diariosur.es\/wp-content\/uploads\/sites\/12\/2015\/02\/Captura3-768x610.jpg 768w\" sizes=\"(max-width: 503px) 100vw, 503px\" \/><\/a><\/p>\n<p>&nbsp;<\/p>\n<p><strong>Ma\u00f1ana martes hablaremos de las posibles lluvias que se puedan dar en el extremo occidental, esto se debera a la bolsa de aire fr\u00edo que hay en estos momentos cerca de las Islas Madeiras.<\/strong><\/p>\n<p>&nbsp;<\/p>\n<p><strong>Os hago un peque\u00f1o resumen de ayer Domingo.<\/strong><\/p>\n<p><strong>El viento de levante fue el protagonista,\u00a0as\u00ed\u00a0como algunos chubascos \u00a0fuertes \u00a0que\u00a0se dieron por la zona del Estrecho, os paso los datos facilitados por la Red Hidrosur.<\/strong><\/p>\n<p>&nbsp;<\/p>\n<p><a href=\"https:\/\/blogs.diariosur.es\/tormentas-y-rayos\/2015\/02\/09\/prevision-del-tiempo-en-andalucia-aviso-amarillo-por-olas-en-el-litoral-mediterraneo-por-viento-de-levante-en-el-estrecho-y-cadiz\/captura-578\/\" rel=\"attachment wp-att-11151\"><img loading=\"lazy\" class=\"aligncenter size-medium wp-image-11151\" title=\"Captura\" src=\"\/tormentas-y-rayos\/wp-content\/uploads\/sites\/12\/2015\/02\/Captura2.jpg\" alt=\"\" width=\"600\" height=\"70\" srcset=\"https:\/\/static-blogs.diariosur.es\/wp-content\/uploads\/sites\/12\/2015\/02\/Captura2.jpg 971w, https:\/\/static-blogs.diariosur.es\/wp-content\/uploads\/sites\/12\/2015\/02\/Captura2-640x75.jpg 640w, https:\/\/static-blogs.diariosur.es\/wp-content\/uploads\/sites\/12\/2015\/02\/Captura2-768x90.jpg 768w\" sizes=\"(max-width: 600px) 100vw, 600px\" \/><\/a><\/p>\n<p><strong>En el Litoral\u00a0Mediterr\u00e1neo\u00a0destaca Fuengirola con 11 litros,\u00a0aqu\u00ed\u00a0el granizo fue el protagonista.<\/strong><\/p>\n<p>&nbsp;<\/p>\n<p><strong>En M\u00e1laga Capital aunque los cielos estuvieron muy amenazantes, no cayo ni una gota. El viento de levante y la humedad hacia que la sensaci\u00f3n termica fuese de mas fr\u00edo. Os paso una foto que tome desde la terraza sobre las tres de la tarde.<\/strong><\/p>\n<p>&nbsp;<\/p>\n<p><img loading=\"lazy\" class=\"aligncenter\" src=\"https:\/\/farm8.staticflickr.com\/7291\/15857624344_164e50d4af_z.jpg\" alt=\"\" width=\"640\" height=\"428\" \/><\/p>\n<p>&nbsp;<\/p>\n<p><strong>Las\u00a0m\u00e1ximas\u00a0subieron en toda Andaluc\u00eda con respecto al\u00a0s\u00e1bado. \u00a0La\u00a0m\u00e1xima\u00a0se dio en Vel\u00e9z M\u00e1laga con 15.5 grados y la minima en L\u00e1ujar de Andarax con -4.3.<\/strong><\/p>\n<p>&nbsp;<\/p>\n<p><strong>Aunque para\u00a0m\u00ednimas\u00a0las que se dieron por otros puntos de la\u00a0pen\u00ednsula, tela de fr\u00edo.<\/strong><\/p>\n<p>&nbsp;<\/p>\n<p><a href=\"https:\/\/blogs.diariosur.es\/tormentas-y-rayos\/2015\/02\/09\/prevision-del-tiempo-en-andalucia-aviso-amarillo-por-olas-en-el-litoral-mediterraneo-por-viento-de-levante-en-el-estrecho-y-cadiz\/mini-3\/\" rel=\"attachment wp-att-11152\"><img loading=\"lazy\" class=\"aligncenter size-full wp-image-11152\" title=\"mini\" src=\"\/tormentas-y-rayos\/wp-content\/uploads\/sites\/12\/2015\/02\/mini1.jpg\" alt=\"\" width=\"384\" height=\"345\" \/><\/a><\/p>\n<p>&nbsp;<\/p>\n<p>&nbsp;<\/p>\n<p>&nbsp;<\/p>\n<p><strong>Os paso los datos mas destacados fuente aemet<\/strong><\/p>\n<p><strong>\u00a0<\/strong><\/p>\n<p><a href=\"https:\/\/blogs.diariosur.es\/tormentas-y-rayos\/2015\/02\/09\/prevision-del-tiempo-en-andalucia-aviso-amarillo-por-olas-en-el-litoral-mediterraneo-por-viento-de-levante-en-el-estrecho-y-cadiz\/3-vert-2\/\" rel=\"attachment wp-att-11150\"><img loading=\"lazy\" class=\"aligncenter size-full wp-image-11150\" title=\"3-vert\" src=\"\/tormentas-y-rayos\/wp-content\/uploads\/sites\/12\/2015\/02\/3-vert.jpg\" alt=\"\" width=\"624\" height=\"1262\" srcset=\"https:\/\/static-blogs.diariosur.es\/wp-content\/uploads\/sites\/12\/2015\/02\/3-vert.jpg 624w, https:\/\/static-blogs.diariosur.es\/wp-content\/uploads\/sites\/12\/2015\/02\/3-vert-198x400.jpg 198w\" sizes=\"(max-width: 624px) 100vw, 624px\" \/><\/a><\/p>\n<p>&nbsp;<\/p>\n<p><strong>Os dejo con esta impresionante supercelula cazada por Brad Hannon, no se pudo\u00a0resistir\u00a0y hacerse el mismo la foto jijiji.<\/strong><\/p>\n<p>&nbsp;<\/p>\n<p><a href=\"https:\/\/blogs.diariosur.es\/tormentas-y-rayos\/2015\/02\/09\/prevision-del-tiempo-en-andalucia-aviso-amarillo-por-olas-en-el-litoral-mediterraneo-por-viento-de-levante-en-el-estrecho-y-cadiz\/brad-hannon-2\/\" rel=\"attachment wp-att-11158\"><img loading=\"lazy\" class=\"aligncenter size-full wp-image-11158\" title=\"Brad Hannon\" src=\"\/tormentas-y-rayos\/wp-content\/uploads\/sites\/12\/2015\/02\/Brad-Hannon.jpg\" alt=\"\" width=\"640\" height=\"445\" srcset=\"https:\/\/static-blogs.diariosur.es\/wp-content\/uploads\/sites\/12\/2015\/02\/Brad-Hannon.jpg 640w, https:\/\/static-blogs.diariosur.es\/wp-content\/uploads\/sites\/12\/2015\/02\/Brad-Hannon-575x400.jpg 575w\" sizes=\"(max-width: 640px) 100vw, 640px\" \/><\/a><\/p>\n","protected":false},"excerpt":{"rendered":"<p>&nbsp; &nbsp; &nbsp; &nbsp; &nbsp; &nbsp; &nbsp; Buenos dias amigos de la meteo, son las ocho \u00a0y veinte de la ma\u00f1ana, mi estaci\u00f3n registra \u00a06,8 \u00a0 grados y los cielos malague\u00f1os est\u00e1n despejados. Mirando el\u00a0sat\u00e9lite\u00a0creo distinguir bancos de niebla por el\u00a0interior\u00a0oriental.\u00a0 &nbsp; &nbsp; La m\u00ednima en estos momentos en Andaluc\u00eda la esta dando Granada Aeropuerto [&hellip;]<\/p>\n","protected":false},"author":16,"featured_media":11159,"comment_status":"open","ping_status":"open","sticky":false,"template":"","format":"standard","meta":[],"categories":[2],"tags":[94,100,151,389,809,980,1059],"_links":{"self":[{"href":"https:\/\/blogs.diariosur.es\/tormentas-y-rayos\/wp-json\/wp\/v2\/posts\/11149"}],"collection":[{"href":"https:\/\/blogs.diariosur.es\/tormentas-y-rayos\/wp-json\/wp\/v2\/posts"}],"about":[{"href":"https:\/\/blogs.diariosur.es\/tormentas-y-rayos\/wp-json\/wp\/v2\/types\/post"}],"author":[{"embeddable":true,"href":"https:\/\/blogs.diariosur.es\/tormentas-y-rayos\/wp-json\/wp\/v2\/users\/16"}],"replies":[{"embeddable":true,"href":"https:\/\/blogs.diariosur.es\/tormentas-y-rayos\/wp-json\/wp\/v2\/comments?post=11149"}],"version-history":[{"count":0,"href":"https:\/\/blogs.diariosur.es\/tormentas-y-rayos\/wp-json\/wp\/v2\/posts\/11149\/revisions"}],"wp:featuredmedia":[{"embeddable":true,"href":"https:\/\/blogs.diariosur.es\/tormentas-y-rayos\/wp-json\/wp\/v2\/media\/11159"}],"wp:attachment":[{"href":"https:\/\/blogs.diariosur.es\/tormentas-y-rayos\/wp-json\/wp\/v2\/media?parent=11149"}],"wp:term":[{"taxonomy":"category","embeddable":true,"href":"https:\/\/blogs.diariosur.es\/tormentas-y-rayos\/wp-json\/wp\/v2\/categories?post=11149"},{"taxonomy":"post_tag","embeddable":true,"href":"https:\/\/blogs.diariosur.es\/tormentas-y-rayos\/wp-json\/wp\/v2\/tags?post=11149"}],"curies":[{"name":"wp","href":"https:\/\/api.w.org\/{rel}","templated":true}]}}