{"id":11161,"date":"2015-02-10T08:51:36","date_gmt":"2015-02-10T07:51:36","guid":{"rendered":"http:\/\/blogs.diariosur.es\/tormentas-y-rayos\/?p=11161"},"modified":"2015-02-10T08:51:36","modified_gmt":"2015-02-10T07:51:36","slug":"prevision-del-tiempo-en-andalucia-probabilidad-de-chubascos-en-la-comunidad-andaluza-impresionante-imagen-del-satelite-acua-de-la-peninsula-con-nieve","status":"publish","type":"post","link":"https:\/\/blogs.diariosur.es\/tormentas-y-rayos\/2015\/02\/10\/prevision-del-tiempo-en-andalucia-probabilidad-de-chubascos-en-la-comunidad-andaluza-impresionante-imagen-del-satelite-acua-de-la-peninsula-con-nieve\/","title":{"rendered":"Previsi\u00f3n del tiempo en Andaluc\u00eda. Probabilidad de chubascos en la Comunidad Andaluza. Impresionante imagen del sat\u00e9lite Acua de la pen\u00ednsula con nieve"},"content":{"rendered":"<p><img loading=\"lazy\" class=\"aligncenter\" src=\"https:\/\/farm8.staticflickr.com\/7336\/16182814178_4cf0d6f219_q.jpg\" alt=\"\" width=\"150\" height=\"150\" \/><\/p>\n<p>&nbsp;<\/p>\n<p>&nbsp;<\/p>\n<p>&nbsp;<\/p>\n<p>&nbsp;<\/p>\n<p>&nbsp;<\/p>\n<p><strong>Buenos\u00a0d\u00edas\u00a0amigos de la meteo, son las ocho de la ma\u00f1ana, registro 10.5 grados y los cielos andaluces en su mayor\u00eda est\u00e1n nubosos. Nada que ver la imagen de hoy con la de ayer.<\/strong><\/p>\n<p>&nbsp;<\/p>\n<p><a href=\"https:\/\/blogs.diariosur.es\/tormentas-y-rayos\/2015\/02\/10\/prevision-del-tiempo-en-andalucia-probabilidad-de-chubascos-en-la-comunidad-andaluza-impresionante-imagen-del-satelite-acua-de-la-peninsula-con-nieve\/_dsc7382\/\" rel=\"attachment wp-att-11177\"><img loading=\"lazy\" class=\"aligncenter size-full wp-image-11177\" title=\"_DSC7382\" src=\"\/tormentas-y-rayos\/wp-content\/uploads\/sites\/12\/2015\/02\/DSC7382.jpg\" alt=\"\" width=\"640\" height=\"427\" srcset=\"https:\/\/static-blogs.diariosur.es\/wp-content\/uploads\/sites\/12\/2015\/02\/DSC7382.jpg 640w, https:\/\/static-blogs.diariosur.es\/wp-content\/uploads\/sites\/12\/2015\/02\/DSC7382-600x400.jpg 600w\" sizes=\"(max-width: 640px) 100vw, 640px\" \/><\/a><\/p>\n<p>&nbsp;<\/p>\n<p>&nbsp;<\/p>\n<p><strong> Os paso esta bonita imagen del\u00a0sat\u00e9lite\u00a0eumetsat. Fuente Meteogalicia<\/strong><\/p>\n<p>&nbsp;<\/p>\n<p>&nbsp;<\/p>\n<p><a href=\"https:\/\/blogs.diariosur.es\/tormentas-y-rayos\/2015\/02\/10\/prevision-del-tiempo-en-andalucia-probabilidad-de-chubascos-en-la-comunidad-andaluza-impresionante-imagen-del-satelite-acua-de-la-peninsula-con-nieve\/satelite-5\/\" rel=\"attachment wp-att-11176\"><img loading=\"lazy\" class=\"aligncenter size-medium wp-image-11176\" title=\"SATELITE\" src=\"\/tormentas-y-rayos\/wp-content\/uploads\/sites\/12\/2015\/02\/SATELITE.jpg\" alt=\"\" width=\"539\" height=\"400\" srcset=\"https:\/\/static-blogs.diariosur.es\/wp-content\/uploads\/sites\/12\/2015\/02\/SATELITE.jpg 741w, https:\/\/static-blogs.diariosur.es\/wp-content\/uploads\/sites\/12\/2015\/02\/SATELITE-540x400.jpg 540w\" sizes=\"(max-width: 539px) 100vw, 539px\" \/><\/a><\/p>\n<p>&nbsp;<\/p>\n<p><strong>El viento de levante y la mala mar\u00a0seguir\u00e1n\u00a0de protagonistas hoy martes, ma\u00f1ana\u00a0mi\u00e9rcoles\u00a0el levante ira amainando.<\/strong><\/p>\n<p>&nbsp;<\/p>\n<p>&nbsp;<\/p>\n<p><strong>Tanto hoy como ma\u00f1ana hay probabilidad de chubascos en nuestra Comunidad Andaluza. Os explicare de forma sencilla el por qu\u00e9 de esta inestabilizaci\u00f3n que tendremos.<\/strong><\/p>\n<p>&nbsp;<\/p>\n<p><strong>La masa de aire frio polar que nos afecto la semana pasada, ha dejado\u00a0restos\u00a0de aire fr\u00edo en la zona de las Islas Madeiras, a esto hay que unirle la bolsa de aire fr\u00edo que de forma retrograda llego a nuestra comunidad el pasado\u00a0s\u00e1bado\u00a0 y que como todos\u00a0sab\u00e9is\u00a0dejo nevadas a partir de 500 metros por la zona mas occidental. Pues esta bolsa de aire fr\u00edo se acerca a la\u00a0pen\u00ednsula\u00a0por el Golfo de C\u00e1diz, para mas \u00a0tarde\u00a0reintegrase\u00a0a la circulaci\u00f3n general. Os paso estos dos mapas a 500 hpa ( 5500 m) donde la podeis ver perfectamente. Fuente aemet.<\/strong><\/p>\n<p>&nbsp;<\/p>\n<p><a href=\"https:\/\/blogs.diariosur.es\/tormentas-y-rayos\/2015\/02\/10\/prevision-del-tiempo-en-andalucia-probabilidad-de-chubascos-en-la-comunidad-andaluza-impresionante-imagen-del-satelite-acua-de-la-peninsula-con-nieve\/b-horz\/\" rel=\"attachment wp-att-11170\"><img loading=\"lazy\" class=\"aligncenter size-full wp-image-11170\" title=\"b-horz\" src=\"\/tormentas-y-rayos\/wp-content\/uploads\/sites\/12\/2015\/02\/b-horz.jpg\" alt=\"\" width=\"633\" height=\"228\" \/><\/a><\/p>\n<p>&nbsp;<\/p>\n<p><strong>En la imagen de masas de aire\u00a0tambi\u00e9n\u00a0se distingue a la peque\u00f1aja jijiji.<\/strong><\/p>\n<p>&nbsp;<\/p>\n<p><a href=\"https:\/\/blogs.diariosur.es\/tormentas-y-rayos\/2015\/02\/10\/prevision-del-tiempo-en-andalucia-probabilidad-de-chubascos-en-la-comunidad-andaluza-impresionante-imagen-del-satelite-acua-de-la-peninsula-con-nieve\/masa\/\" rel=\"attachment wp-att-11171\"><img loading=\"lazy\" class=\"aligncenter size-full wp-image-11171\" title=\"masa\" src=\"\/tormentas-y-rayos\/wp-content\/uploads\/sites\/12\/2015\/02\/masa.jpg\" alt=\"\" width=\"567\" height=\"499\" srcset=\"https:\/\/static-blogs.diariosur.es\/wp-content\/uploads\/sites\/12\/2015\/02\/masa.jpg 567w, https:\/\/static-blogs.diariosur.es\/wp-content\/uploads\/sites\/12\/2015\/02\/masa-455x400.jpg 455w\" sizes=\"(max-width: 567px) 100vw, 567px\" \/><\/a><\/p>\n<p>&nbsp;<\/p>\n<p>&nbsp;<\/p>\n<p><strong>Como todos sab\u00e9is. estas situaciones son muy\u00a0dif\u00edciles\u00a0de modelizar, pueden caer chubascos el un sitio y en otros no. La probabilidad mas alta sera en\u00a0Andaluc\u00eda\u00a0Occidental, asi como la zona mas occidental de nuestra\u00a0provincia. En estos momentos ya se registran algunas precipitaciones como\u00a0pod\u00e9is\u00a0ver en el radar de lluvias.<\/strong><\/p>\n<p><a href=\"https:\/\/blogs.diariosur.es\/tormentas-y-rayos\/2015\/02\/10\/prevision-del-tiempo-en-andalucia-probabilidad-de-chubascos-en-la-comunidad-andaluza-impresionante-imagen-del-satelite-acua-de-la-peninsula-con-nieve\/r1-horz\/\" rel=\"attachment wp-att-11172\"><img loading=\"lazy\" class=\"aligncenter size-full wp-image-11172\" title=\"r1-horz\" src=\"\/tormentas-y-rayos\/wp-content\/uploads\/sites\/12\/2015\/02\/r1-horz.jpg\" alt=\"\" width=\"622\" height=\"345\" \/><\/a><\/p>\n<p>&nbsp;<\/p>\n<p>&nbsp;<\/p>\n<p><strong>A todo esto hay que unirle el viento de levante que trae nubosidad al litoral\u00a0mediterr\u00e1neo, como es un\u00a0viento muy\u00a0h\u00famedo y con el aire\u00a0fr\u00edo\u00a0en altura que tenemos \u00a0ya deja algunas gotas en la zona del levante\u00a0\u00a0Almeriense.<\/strong><\/p>\n<p>&nbsp;<\/p>\n<p><a href=\"https:\/\/blogs.diariosur.es\/tormentas-y-rayos\/2015\/02\/10\/prevision-del-tiempo-en-andalucia-probabilidad-de-chubascos-en-la-comunidad-andaluza-impresionante-imagen-del-satelite-acua-de-la-peninsula-con-nieve\/r2-2\/\" rel=\"attachment wp-att-11173\"><img loading=\"lazy\" class=\"aligncenter size-full wp-image-11173\" title=\"r2\" src=\"\/tormentas-y-rayos\/wp-content\/uploads\/sites\/12\/2015\/02\/r2.jpg\" alt=\"\" width=\"527\" height=\"575\" srcset=\"https:\/\/static-blogs.diariosur.es\/wp-content\/uploads\/sites\/12\/2015\/02\/r2.jpg 527w, https:\/\/static-blogs.diariosur.es\/wp-content\/uploads\/sites\/12\/2015\/02\/r2-367x400.jpg 367w\" sizes=\"(max-width: 527px) 100vw, 527px\" \/><\/a><\/p>\n<p><strong>Como aun la temperatura \u00a0a 850 hpa ( 1500 m ) es fr\u00eda , estas precipitaciones que se den sera de nieve sobre los 1200 metros. Hay tambi\u00e9n probabilidad de que se puedan producir\u00a0fen\u00f3menos\u00a0tormentosos, que pueden dejar granizos.<\/strong><\/p>\n<p>&nbsp;<\/p>\n<p>&nbsp;<\/p>\n<p><strong>Os hago un peque\u00f1o resumen de ayer lunes.<\/strong><\/p>\n<p><strong>El fuerte viento de levante fue el protagonista en la Costa\u00a0Mediterr\u00e1nea\u00a0Andaluza y\u00a0Atl\u00e1ntica, sobre todo por la zona del Estrecho y C\u00e1diz donde las rachas fueron mas fuertes. Las\u00a0m\u00e1ximas\u00a0tal y como esperaba subieron, \u00a0sobre todo por el Valle del Guadalquivir. Sevilla registro 18.5 grados.<\/strong><\/p>\n<p>&nbsp;<\/p>\n<p><strong>Mi estaci\u00f3n en M\u00e1laga Capital llego a los 14.9 grados, las rachas se aproximaron a los 60 km\/h. La fuerte marejada fue la protagonista en la Costa Malague\u00f1a y en todo el Litoral Andaluz.<\/strong><\/p>\n<p><strong>Mi amigo Paco Mart\u00edn quiere compartir esta bonita foto hecha desde Torremolinos. Como\u00a0pod\u00e9is\u00a0comprobar las olas eran las protagonistas.<\/strong><\/p>\n<p>&nbsp;<\/p>\n<p>&nbsp;<\/p>\n<p><a href=\"https:\/\/blogs.diariosur.es\/tormentas-y-rayos\/2015\/02\/10\/prevision-del-tiempo-en-andalucia-probabilidad-de-chubascos-en-la-comunidad-andaluza-impresionante-imagen-del-satelite-acua-de-la-peninsula-con-nieve\/paco-martin-2\/\" rel=\"attachment wp-att-11168\"><img loading=\"lazy\" class=\"aligncenter size-full wp-image-11168\" title=\"paco martin\" src=\"\/tormentas-y-rayos\/wp-content\/uploads\/sites\/12\/2015\/02\/paco-martin.jpg\" alt=\"\" width=\"640\" height=\"480\" srcset=\"https:\/\/static-blogs.diariosur.es\/wp-content\/uploads\/sites\/12\/2015\/02\/paco-martin.jpg 640w, https:\/\/static-blogs.diariosur.es\/wp-content\/uploads\/sites\/12\/2015\/02\/paco-martin-533x400.jpg 533w\" sizes=\"(max-width: 640px) 100vw, 640px\" \/><\/a><\/p>\n<p>&nbsp;<\/p>\n<p>&nbsp;<\/p>\n<p>&nbsp;<\/p>\n<p>&nbsp;<\/p>\n<p><strong>Fernando Berrocal desde el Espig\u00f3n de la\u00a0T\u00e9rmica, impresionante.<\/strong><\/p>\n<p>&nbsp;<\/p>\n<p><a href=\"https:\/\/blogs.diariosur.es\/tormentas-y-rayos\/2015\/02\/10\/prevision-del-tiempo-en-andalucia-probabilidad-de-chubascos-en-la-comunidad-andaluza-impresionante-imagen-del-satelite-acua-de-la-peninsula-con-nieve\/2015-02-09_13-32-28_725-1\/\" rel=\"attachment wp-att-11179\"><img loading=\"lazy\" class=\"aligncenter size-full wp-image-11179\" title=\"2015-02-09_13-32-28_725 (1)\" src=\"\/tormentas-y-rayos\/wp-content\/uploads\/sites\/12\/2015\/02\/2015-02-09_13-32-28_725-1.jpg\" alt=\"\" width=\"640\" height=\"361\" \/><\/a><\/p>\n<p>&nbsp;<\/p>\n<p>&nbsp;<\/p>\n<p>&nbsp;<\/p>\n<p>&nbsp;<\/p>\n<p><strong>Os paso las\u00a0m\u00e1ximas\u00a0que se dieron ayer y los datos mas destacados del viento. Fuente aemet<\/strong><\/p>\n<p>&nbsp;<\/p>\n<p>&nbsp;<\/p>\n<p><a href=\"https:\/\/blogs.diariosur.es\/tormentas-y-rayos\/2015\/02\/10\/prevision-del-tiempo-en-andalucia-probabilidad-de-chubascos-en-la-comunidad-andaluza-impresionante-imagen-del-satelite-acua-de-la-peninsula-con-nieve\/maximassss-2\/\" rel=\"attachment wp-att-11167\"><img loading=\"lazy\" class=\"aligncenter size-medium wp-image-11167\" title=\"maximassss\" src=\"\/tormentas-y-rayos\/wp-content\/uploads\/sites\/12\/2015\/02\/maximassss.jpg\" alt=\"\" width=\"571\" height=\"400\" srcset=\"https:\/\/static-blogs.diariosur.es\/wp-content\/uploads\/sites\/12\/2015\/02\/maximassss.jpg 746w, https:\/\/static-blogs.diariosur.es\/wp-content\/uploads\/sites\/12\/2015\/02\/maximassss-572x400.jpg 572w\" sizes=\"(max-width: 571px) 100vw, 571px\" \/><\/a><\/p>\n<p>&nbsp;<\/p>\n<p style=\"text-align: center;\">\u00a0<a href=\"https:\/\/blogs.diariosur.es\/tormentas-y-rayos\/2015\/02\/10\/prevision-del-tiempo-en-andalucia-probabilidad-de-chubascos-en-la-comunidad-andaluza-impresionante-imagen-del-satelite-acua-de-la-peninsula-con-nieve\/vientoooooo\/\" rel=\"attachment wp-att-11174\"><img loading=\"lazy\" class=\"aligncenter  wp-image-11174\" title=\"vientoooooo\" src=\"\/tormentas-y-rayos\/wp-content\/uploads\/sites\/12\/2015\/02\/vientoooooo.jpg\" alt=\"\" width=\"541\" height=\"141\" srcset=\"https:\/\/static-blogs.diariosur.es\/wp-content\/uploads\/sites\/12\/2015\/02\/vientoooooo.jpg 751w, https:\/\/static-blogs.diariosur.es\/wp-content\/uploads\/sites\/12\/2015\/02\/vientoooooo-640x167.jpg 640w\" sizes=\"(max-width: 541px) 100vw, 541px\" \/><\/a><\/p>\n<p>&nbsp;<\/p>\n<p>&nbsp;<\/p>\n<p><strong>Poco mas que contar de ayer lunes amigos de la meteo. Os dejo con estos fotones que me\u00a0hab\u00e9is\u00a0mandado.<\/strong><\/p>\n<p>&nbsp;<\/p>\n<p><strong>Mis amigos Juan Fernando Gil y Liz Gomez les pillo el domingo pasado una fuerte nevada en los Reales ( Estepona). Impresionante paisaje. Foto hecha por Liz. <\/strong><\/p>\n<p><strong>A los que\u00a0le\u00e9is\u00a0el blog y no sois de M\u00e1laga comentaros \u00a0los Reales \u00a0se trata del mayor macizo de\u00a0<span style=\"color: #0000ff;\"><a title=\"Peridotita\" href=\"http:\/\/es.wikipedia.org\/wiki\/Peridotita\" rel=\"external nofollow\"><span style=\"color: #0000ff;\">rocas peridot\u00edticas<\/span><\/a><\/span>\u00a0ricas en\u00a0<a title=\"Hierro\" href=\"http:\/\/es.wikipedia.org\/wiki\/Hierro\" rel=\"external nofollow\">hierro<\/a>\u00a0y\u00a0<a title=\"Platino\" href=\"http:\/\/es.wikipedia.org\/wiki\/Platino\" rel=\"external nofollow\">platino<\/a>\u00a0del mundo, sin comparaci\u00f3n alguna en el planeta en cuanto a su composici\u00f3n geol\u00f3gica.<\/strong><\/p>\n<p>&nbsp;<\/p>\n<p><a href=\"https:\/\/blogs.diariosur.es\/tormentas-y-rayos\/2015\/02\/10\/prevision-del-tiempo-en-andalucia-probabilidad-de-chubascos-en-la-comunidad-andaluza-impresionante-imagen-del-satelite-acua-de-la-peninsula-con-nieve\/juan-fernandio-gil-medel-y-liz-gomez\/\" rel=\"attachment wp-att-11162\"><img loading=\"lazy\" class=\"aligncenter size-full wp-image-11162\" title=\"juan fernandio gil medel y liz gomez\" src=\"\/tormentas-y-rayos\/wp-content\/uploads\/sites\/12\/2015\/02\/juan-fernandio-gil-medel-y-liz-gomez.jpg\" alt=\"\" width=\"480\" height=\"640\" srcset=\"https:\/\/static-blogs.diariosur.es\/wp-content\/uploads\/sites\/12\/2015\/02\/juan-fernandio-gil-medel-y-liz-gomez.jpg 480w, https:\/\/static-blogs.diariosur.es\/wp-content\/uploads\/sites\/12\/2015\/02\/juan-fernandio-gil-medel-y-liz-gomez-300x400.jpg 300w\" sizes=\"(max-width: 480px) 100vw, 480px\" \/><\/a><\/p>\n<p>&nbsp;<\/p>\n<p>&nbsp;<\/p>\n<p><strong>Mi amigo \u00c1drian Escobar Burgue\u00f1o me manda estos \u00a0fotones \u00a0del pueblo Portilla de la Reina ( Le\u00f3n) . Una pasada amigo.<\/strong><\/p>\n<p>&nbsp;<\/p>\n<p><a href=\"https:\/\/blogs.diariosur.es\/tormentas-y-rayos\/2015\/02\/10\/prevision-del-tiempo-en-andalucia-probabilidad-de-chubascos-en-la-comunidad-andaluza-impresionante-imagen-del-satelite-acua-de-la-peninsula-con-nieve\/portilla-de-lna-reina\/\" rel=\"attachment wp-att-11165\"><img loading=\"lazy\" class=\"aligncenter size-full wp-image-11165\" title=\"portilla de l\u00f1a reina\" src=\"\/tormentas-y-rayos\/wp-content\/uploads\/sites\/12\/2015\/02\/portilla-de-l\u00f1a-reina.jpg\" alt=\"\" width=\"640\" height=\"359\" \/><\/a><\/p>\n<p>&nbsp;<\/p>\n<p><a href=\"https:\/\/blogs.diariosur.es\/tormentas-y-rayos\/2015\/02\/10\/prevision-del-tiempo-en-andalucia-probabilidad-de-chubascos-en-la-comunidad-andaluza-impresionante-imagen-del-satelite-acua-de-la-peninsula-con-nieve\/10982085_10153095630489289_3669201898679800641_n\/\" rel=\"attachment wp-att-11166\"><img loading=\"lazy\" class=\"aligncenter size-full wp-image-11166\" title=\"10982085_10153095630489289_3669201898679800641_n\" src=\"\/tormentas-y-rayos\/wp-content\/uploads\/sites\/12\/2015\/02\/10982085_10153095630489289_3669201898679800641_n.jpg\" alt=\"\" width=\"640\" height=\"359\" \/><\/a><\/p>\n<p>&nbsp;<\/p>\n<p>&nbsp;<\/p>\n<p>&nbsp;<\/p>\n<p>&nbsp;<\/p>\n<p><strong>Por ultimo os pongo la imagen del\u00a0sat\u00e9lite\u00a0Acua de la\u00a0pen\u00ednsula, como todos\u00a0sab\u00e9is\u00a0el color rojo es la nieve. Una pasada.<\/strong><\/p>\n<p>&nbsp;<\/p>\n<p>&nbsp;<\/p>\n<p><a href=\"https:\/\/blogs.diariosur.es\/tormentas-y-rayos\/2015\/02\/10\/prevision-del-tiempo-en-andalucia-probabilidad-de-chubascos-en-la-comunidad-andaluza-impresionante-imagen-del-satelite-acua-de-la-peninsula-con-nieve\/acua-3\/\" rel=\"attachment wp-att-11163\"><img loading=\"lazy\" class=\"aligncenter size-full wp-image-11163\" title=\"acua\" src=\"\/tormentas-y-rayos\/wp-content\/uploads\/sites\/12\/2015\/02\/acua.jpg\" alt=\"\" width=\"640\" height=\"727\" srcset=\"https:\/\/static-blogs.diariosur.es\/wp-content\/uploads\/sites\/12\/2015\/02\/acua.jpg 640w, https:\/\/static-blogs.diariosur.es\/wp-content\/uploads\/sites\/12\/2015\/02\/acua-352x400.jpg 352w\" sizes=\"(max-width: 640px) 100vw, 640px\" \/><\/a><a href=\"https:\/\/blogs.diariosur.es\/tormentas-y-rayos\/2015\/02\/10\/prevision-del-tiempo-en-andalucia-probabilidad-de-chubascos-en-la-comunidad-andaluza-impresionante-imagen-del-satelite-acua-de-la-peninsula-con-nieve\/nie-2\/\" rel=\"attachment wp-att-11164\"><img loading=\"lazy\" class=\"aligncenter size-medium wp-image-11164\" title=\"nie\" src=\"\/tormentas-y-rayos\/wp-content\/uploads\/sites\/12\/2015\/02\/nie.jpg\" alt=\"\" width=\"576\" height=\"400\" srcset=\"https:\/\/static-blogs.diariosur.es\/wp-content\/uploads\/sites\/12\/2015\/02\/nie.jpg 918w, https:\/\/static-blogs.diariosur.es\/wp-content\/uploads\/sites\/12\/2015\/02\/nie-576x400.jpg 576w, https:\/\/static-blogs.diariosur.es\/wp-content\/uploads\/sites\/12\/2015\/02\/nie-768x533.jpg 768w\" sizes=\"(max-width: 576px) 100vw, 576px\" \/><\/a><\/p>\n<p>&nbsp;<\/p>\n<p>&nbsp;<\/p>\n","protected":false},"excerpt":{"rendered":"<p>&nbsp; &nbsp; &nbsp; &nbsp; &nbsp; Buenos\u00a0d\u00edas\u00a0amigos de la meteo, son las ocho de la ma\u00f1ana, registro 10.5 grados y los cielos andaluces en su mayor\u00eda est\u00e1n nubosos. Nada que ver la imagen de hoy con la de ayer. &nbsp; &nbsp; &nbsp; Os paso esta bonita imagen del\u00a0sat\u00e9lite\u00a0eumetsat. Fuente Meteogalicia &nbsp; &nbsp; &nbsp; El viento de [&hellip;]<\/p>\n","protected":false},"author":16,"featured_media":11163,"comment_status":"open","ping_status":"open","sticky":false,"template":"","format":"standard","meta":[],"categories":[2],"tags":[44,100,249,499,809,892,980],"_links":{"self":[{"href":"https:\/\/blogs.diariosur.es\/tormentas-y-rayos\/wp-json\/wp\/v2\/posts\/11161"}],"collection":[{"href":"https:\/\/blogs.diariosur.es\/tormentas-y-rayos\/wp-json\/wp\/v2\/posts"}],"about":[{"href":"https:\/\/blogs.diariosur.es\/tormentas-y-rayos\/wp-json\/wp\/v2\/types\/post"}],"author":[{"embeddable":true,"href":"https:\/\/blogs.diariosur.es\/tormentas-y-rayos\/wp-json\/wp\/v2\/users\/16"}],"replies":[{"embeddable":true,"href":"https:\/\/blogs.diariosur.es\/tormentas-y-rayos\/wp-json\/wp\/v2\/comments?post=11161"}],"version-history":[{"count":0,"href":"https:\/\/blogs.diariosur.es\/tormentas-y-rayos\/wp-json\/wp\/v2\/posts\/11161\/revisions"}],"wp:featuredmedia":[{"embeddable":true,"href":"https:\/\/blogs.diariosur.es\/tormentas-y-rayos\/wp-json\/wp\/v2\/media\/11163"}],"wp:attachment":[{"href":"https:\/\/blogs.diariosur.es\/tormentas-y-rayos\/wp-json\/wp\/v2\/media?parent=11161"}],"wp:term":[{"taxonomy":"category","embeddable":true,"href":"https:\/\/blogs.diariosur.es\/tormentas-y-rayos\/wp-json\/wp\/v2\/categories?post=11161"},{"taxonomy":"post_tag","embeddable":true,"href":"https:\/\/blogs.diariosur.es\/tormentas-y-rayos\/wp-json\/wp\/v2\/tags?post=11161"}],"curies":[{"name":"wp","href":"https:\/\/api.w.org\/{rel}","templated":true}]}}