{"id":11189,"date":"2015-02-12T08:37:02","date_gmt":"2015-02-12T07:37:02","guid":{"rendered":"http:\/\/blogs.diariosur.es\/tormentas-y-rayos\/?p=11189"},"modified":"2015-02-12T08:37:02","modified_gmt":"2015-02-12T07:37:02","slug":"prevision-del-tiempo-aviso-amarillo-por-nevadas-en-guadix-y-baza-la-nieve-ha-sido-de-nuevo-la-protagonista-en-sierra-tejeda-los-reales-y-sierra-de-las-nieves","status":"publish","type":"post","link":"https:\/\/blogs.diariosur.es\/tormentas-y-rayos\/2015\/02\/12\/prevision-del-tiempo-aviso-amarillo-por-nevadas-en-guadix-y-baza-la-nieve-ha-sido-de-nuevo-la-protagonista-en-sierra-tejeda-los-reales-y-sierra-de-las-nieves\/","title":{"rendered":"Previsi\u00f3n del tiempo. Aviso amarillo por nevadas en Guadix y Baza. La nieve ha sido de nuevo la protagonista en Sierra Tejeda, los Reales y Sierra de las Nieves."},"content":{"rendered":"<p>&nbsp;<\/p>\n<p><img loading=\"lazy\" class=\"aligncenter\" src=\"https:\/\/farm3.staticflickr.com\/2898\/14371881571_bbae3518b1_q.jpg\" alt=\"\" width=\"150\" height=\"150\" \/><\/p>\n<p>&nbsp;<\/p>\n<p>&nbsp;<\/p>\n<p>&nbsp;<\/p>\n<p>&nbsp;<\/p>\n<p>&nbsp;<\/p>\n<p><strong>Buenos\u00a0d\u00edas\u00a0amigos de la meteo, son las ocho de la ma\u00f1ana, registro 11 grados y los cielos est\u00e1n muy nubosos en M\u00e1laga Capital. \u00a0En estos momentos llueve en la capital.<\/strong><\/p>\n<p>&nbsp;<\/p>\n<p><a href=\"https:\/\/blogs.diariosur.es\/tormentas-y-rayos\/2015\/02\/12\/prevision-del-tiempo-aviso-amarillo-por-nevadas-en-guadix-y-baza-la-nieve-ha-sido-de-nuevo-la-protagonista-en-sierra-tejeda-los-reales-y-sierra-de-las-nieves\/_dsc7383\/\" rel=\"attachment wp-att-11194\"><img loading=\"lazy\" class=\"aligncenter size-full wp-image-11194\" title=\"_DSC7383\" src=\"\/tormentas-y-rayos\/wp-content\/uploads\/sites\/12\/2015\/02\/DSC7383.jpg\" alt=\"\" width=\"640\" height=\"427\" srcset=\"https:\/\/static-blogs.diariosur.es\/wp-content\/uploads\/sites\/12\/2015\/02\/DSC7383.jpg 640w, https:\/\/static-blogs.diariosur.es\/wp-content\/uploads\/sites\/12\/2015\/02\/DSC7383-600x400.jpg 600w\" sizes=\"(max-width: 640px) 100vw, 640px\" \/><\/a><\/p>\n<p>&nbsp;<\/p>\n<p>&nbsp;<\/p>\n<p>&nbsp;<\/p>\n<p>&nbsp;<\/p>\n<p><strong>En la provincia de Huelva y de Sevilla los cielos se aclaran, a medida que pasen las horas\u00a0ocurrir\u00e1\u00a0lo mismo en toda Andaluc\u00eda.<\/strong><\/p>\n<p><strong>Nuevamente la nieve ha sido la protagonista en los Reales, Sierra de las Nieves y Sierra Tejeda, ha nevado a partir de los 1300 metros aproximadamente. En cuanto a\u00a0precipitaci\u00f3n, donde mas ha llovido\u00a0\u00a0en la provincia malague\u00f1a ha sido en el Embalse de la Vi\u00f1uela con 12 litros. Mi\u00a0pluvi\u00f3metro\u00a0ha\u00a0contabilizado\u00a0de momento casi 5 litros.\u00a0<\/strong><\/p>\n<p><strong>La aemet ha activado el aviso amarillo por nevadas en la provincia de Granada, concretamente en Guadix y Baza. Este aviso estara vigente hasta las 15:00.<\/strong><\/p>\n<p>&nbsp;<\/p>\n<p><a href=\"https:\/\/blogs.diariosur.es\/tormentas-y-rayos\/2015\/02\/12\/prevision-del-tiempo-aviso-amarillo-por-nevadas-en-guadix-y-baza-la-nieve-ha-sido-de-nuevo-la-protagonista-en-sierra-tejeda-los-reales-y-sierra-de-las-nieves\/captura-581\/\" rel=\"attachment wp-att-11191\"><img loading=\"lazy\" class=\"aligncenter size-medium wp-image-11191\" title=\"Captura\" src=\"\/tormentas-y-rayos\/wp-content\/uploads\/sites\/12\/2015\/02\/Captura5.jpg\" alt=\"\" width=\"600\" height=\"201\" srcset=\"https:\/\/static-blogs.diariosur.es\/wp-content\/uploads\/sites\/12\/2015\/02\/Captura5.jpg 652w, https:\/\/static-blogs.diariosur.es\/wp-content\/uploads\/sites\/12\/2015\/02\/Captura5-640x215.jpg 640w\" sizes=\"(max-width: 600px) 100vw, 600px\" \/><\/a><a href=\"https:\/\/blogs.diariosur.es\/tormentas-y-rayos\/2015\/02\/12\/prevision-del-tiempo-aviso-amarillo-por-nevadas-en-guadix-y-baza-la-nieve-ha-sido-de-nuevo-la-protagonista-en-sierra-tejeda-los-reales-y-sierra-de-las-nieves\/20150212061000_avi_hoy_ccaa61\/\" rel=\"attachment wp-att-11192\"><img loading=\"lazy\" class=\"aligncenter size-full wp-image-11192\" title=\"20150212061000_avi_hoy_ccaa61\" src=\"\/tormentas-y-rayos\/wp-content\/uploads\/sites\/12\/2015\/02\/20150212061000_avi_hoy_ccaa61.png\" alt=\"\" width=\"500\" height=\"334\" \/><\/a><\/p>\n<p>&nbsp;<\/p>\n<p><strong>Os paso esta imagen del sat\u00e9lite eumetsat . Se ve claramente la nubosidad que nos afecta en estos momentos por el paso de la bolsa de aire fr\u00edo, y una borrasca que os se\u00f1alo que esta en estos momentos al norte del Atl\u00e1ntico. Esta borrasca puede traer vientos fuertes y lluvias a muchos puntos de la pen\u00ednsula el pr\u00f3ximo fin de semana. Pero de esto hablaremos mejor ma\u00f1ana viernes, aun no tengo muy claro como afectara a Andaluc\u00eda.<\/strong><\/p>\n<p>&nbsp;<\/p>\n<p><a href=\"https:\/\/blogs.diariosur.es\/tormentas-y-rayos\/2015\/02\/12\/prevision-del-tiempo-aviso-amarillo-por-nevadas-en-guadix-y-baza-la-nieve-ha-sido-de-nuevo-la-protagonista-en-sierra-tejeda-los-reales-y-sierra-de-las-nieves\/captura-580\/\" rel=\"attachment wp-att-11190\"><img loading=\"lazy\" class=\"aligncenter size-medium wp-image-11190\" title=\"Captura\" src=\"\/tormentas-y-rayos\/wp-content\/uploads\/sites\/12\/2015\/02\/Captura4.jpg\" alt=\"\" width=\"545\" height=\"400\" srcset=\"https:\/\/static-blogs.diariosur.es\/wp-content\/uploads\/sites\/12\/2015\/02\/Captura4.jpg 754w, https:\/\/static-blogs.diariosur.es\/wp-content\/uploads\/sites\/12\/2015\/02\/Captura4-545x400.jpg 545w\" sizes=\"(max-width: 545px) 100vw, 545px\" \/><\/a><\/p>\n<p>&nbsp;<\/p>\n<p>&nbsp;<\/p>\n<p><strong>Ma\u00f1ana viernes disfrutar del solecito y de las temperaturas tan agradables que tendremos en toda Andaluc\u00eda, por si el fin de semana se estropea.<\/strong><\/p>\n<p><strong>Os dejo con esta supercelula de mi amiga Valentina Abinanti, impresionantes las fotos que hace.\u00a0<\/strong><\/p>\n<p>&nbsp;<\/p>\n<p><a href=\"https:\/\/blogs.diariosur.es\/tormentas-y-rayos\/2015\/02\/12\/prevision-del-tiempo-aviso-amarillo-por-nevadas-en-guadix-y-baza-la-nieve-ha-sido-de-nuevo-la-protagonista-en-sierra-tejeda-los-reales-y-sierra-de-las-nieves\/1381245_10205596786469271_8783213322400228995_n\/\" rel=\"attachment wp-att-11193\"><img loading=\"lazy\" class=\"aligncenter size-full wp-image-11193\" title=\"1381245_10205596786469271_8783213322400228995_n\" src=\"\/tormentas-y-rayos\/wp-content\/uploads\/sites\/12\/2015\/02\/1381245_10205596786469271_8783213322400228995_n.jpg\" alt=\"\" width=\"640\" height=\"426\" srcset=\"https:\/\/static-blogs.diariosur.es\/wp-content\/uploads\/sites\/12\/2015\/02\/1381245_10205596786469271_8783213322400228995_n.jpg 640w, https:\/\/static-blogs.diariosur.es\/wp-content\/uploads\/sites\/12\/2015\/02\/1381245_10205596786469271_8783213322400228995_n-601x400.jpg 601w\" sizes=\"(max-width: 640px) 100vw, 640px\" \/><\/a><\/p>\n<p>&nbsp;<\/p>\n<p>&nbsp;<\/p>\n<p>&nbsp;<\/p>\n<p>&nbsp;<\/p>\n","protected":false},"excerpt":{"rendered":"<p>&nbsp; &nbsp; &nbsp; &nbsp; &nbsp; &nbsp; Buenos\u00a0d\u00edas\u00a0amigos de la meteo, son las ocho de la ma\u00f1ana, registro 11 grados y los cielos est\u00e1n muy nubosos en M\u00e1laga Capital. \u00a0En estos momentos llueve en la capital. &nbsp; &nbsp; &nbsp; &nbsp; &nbsp; En la provincia de Huelva y de Sevilla los cielos se aclaran, a medida que [&hellip;]<\/p>\n","protected":false},"author":16,"featured_media":11193,"comment_status":"open","ping_status":"open","sticky":false,"template":"","format":"standard","meta":[],"categories":[2],"tags":[63,151,173,471,690,809,980],"_links":{"self":[{"href":"https:\/\/blogs.diariosur.es\/tormentas-y-rayos\/wp-json\/wp\/v2\/posts\/11189"}],"collection":[{"href":"https:\/\/blogs.diariosur.es\/tormentas-y-rayos\/wp-json\/wp\/v2\/posts"}],"about":[{"href":"https:\/\/blogs.diariosur.es\/tormentas-y-rayos\/wp-json\/wp\/v2\/types\/post"}],"author":[{"embeddable":true,"href":"https:\/\/blogs.diariosur.es\/tormentas-y-rayos\/wp-json\/wp\/v2\/users\/16"}],"replies":[{"embeddable":true,"href":"https:\/\/blogs.diariosur.es\/tormentas-y-rayos\/wp-json\/wp\/v2\/comments?post=11189"}],"version-history":[{"count":0,"href":"https:\/\/blogs.diariosur.es\/tormentas-y-rayos\/wp-json\/wp\/v2\/posts\/11189\/revisions"}],"wp:featuredmedia":[{"embeddable":true,"href":"https:\/\/blogs.diariosur.es\/tormentas-y-rayos\/wp-json\/wp\/v2\/media\/11193"}],"wp:attachment":[{"href":"https:\/\/blogs.diariosur.es\/tormentas-y-rayos\/wp-json\/wp\/v2\/media?parent=11189"}],"wp:term":[{"taxonomy":"category","embeddable":true,"href":"https:\/\/blogs.diariosur.es\/tormentas-y-rayos\/wp-json\/wp\/v2\/categories?post=11189"},{"taxonomy":"post_tag","embeddable":true,"href":"https:\/\/blogs.diariosur.es\/tormentas-y-rayos\/wp-json\/wp\/v2\/tags?post=11189"}],"curies":[{"name":"wp","href":"https:\/\/api.w.org\/{rel}","templated":true}]}}