{"id":11201,"date":"2015-02-14T08:07:45","date_gmt":"2015-02-14T07:07:45","guid":{"rendered":"http:\/\/blogs.diariosur.es\/tormentas-y-rayos\/?p=11201"},"modified":"2015-02-14T08:07:45","modified_gmt":"2015-02-14T07:07:45","slug":"prevision-del-tiempo-en-andalucia-aviso-amarillo-por-viento-y-olas-en-granada-y-almeria-malaga-capital-dio-ayer-la-maxima-de-la-peninsula","status":"publish","type":"post","link":"https:\/\/blogs.diariosur.es\/tormentas-y-rayos\/2015\/02\/14\/prevision-del-tiempo-en-andalucia-aviso-amarillo-por-viento-y-olas-en-granada-y-almeria-malaga-capital-dio-ayer-la-maxima-de-la-peninsula\/","title":{"rendered":"Previsi\u00f3n del tiempo en Andaluc\u00eda. Aviso amarillo por viento y olas en Granada y Almer\u00eda.  M\u00e1laga Capital dio ayer la m\u00e1xima de la pen\u00ednsula."},"content":{"rendered":"<p><img loading=\"lazy\" class=\"aligncenter\" src=\"https:\/\/farm6.staticflickr.com\/5566\/14568830453_8e0522e3fc_q.jpg\" alt=\"\" width=\"150\" height=\"150\" \/><\/p>\n<p>&nbsp;<\/p>\n<p>&nbsp;<\/p>\n<p>&nbsp;<\/p>\n<p>&nbsp;<\/p>\n<p>&nbsp;<\/p>\n<p>&nbsp;<\/p>\n<p><strong>Buenos dias amigos de la meteo, son las ocho menos cuarto de la ma\u00f1ana, registro 12,5 grados y los cielos andaluces est\u00e1n nubosos. El candilazo puede ser bonito en muchos puntos de la Comunidad.\u00a0<\/strong><\/p>\n<p><strong>Bonitos altocumulus lenticularis en estos momentos que amanece.<\/strong><\/p>\n<p>&nbsp;<\/p>\n<p><a href=\"https:\/\/blogs.diariosur.es\/tormentas-y-rayos\/2015\/02\/14\/prevision-del-tiempo-en-andalucia-aviso-amarillo-por-viento-y-olas-en-granada-y-almeria-malaga-capital-dio-ayer-la-maxima-de-la-peninsula\/_dsc7390\/\" rel=\"attachment wp-att-11208\"><img loading=\"lazy\" class=\"aligncenter size-full wp-image-11208\" title=\"_DSC7390\" src=\"\/tormentas-y-rayos\/wp-content\/uploads\/sites\/12\/2015\/02\/DSC7390.jpg\" alt=\"\" width=\"640\" height=\"427\" srcset=\"https:\/\/static-blogs.diariosur.es\/wp-content\/uploads\/sites\/12\/2015\/02\/DSC7390.jpg 640w, https:\/\/static-blogs.diariosur.es\/wp-content\/uploads\/sites\/12\/2015\/02\/DSC7390-600x400.jpg 600w\" sizes=\"(max-width: 640px) 100vw, 640px\" \/><\/a><\/p>\n<p>&nbsp;<\/p>\n<p><strong>Debido al nublado, no se registran heladas en\u00a0ning\u00fan\u00a0punto de la Comunidad. En la zona de Archidona han\u00a0ca\u00eddo\u00a0dos gotas, concretamente una\u00a0d\u00e9cima\u00a0de litro. Os paso una imagen del satelite eumetsat.<\/strong><\/p>\n<p><strong>Fuente Meteogalicia.\u00a0<\/strong><\/p>\n<p>&nbsp;<\/p>\n<p>&nbsp;<\/p>\n<p><a href=\"https:\/\/blogs.diariosur.es\/tormentas-y-rayos\/2015\/02\/14\/prevision-del-tiempo-en-andalucia-aviso-amarillo-por-viento-y-olas-en-granada-y-almeria-malaga-capital-dio-ayer-la-maxima-de-la-peninsula\/captura-583\/\" rel=\"attachment wp-att-11202\"><img loading=\"lazy\" class=\"aligncenter size-medium wp-image-11202\" title=\"Captura\" src=\"\/tormentas-y-rayos\/wp-content\/uploads\/sites\/12\/2015\/02\/Captura7.jpg\" alt=\"\" width=\"548\" height=\"400\" srcset=\"https:\/\/static-blogs.diariosur.es\/wp-content\/uploads\/sites\/12\/2015\/02\/Captura7.jpg 754w, https:\/\/static-blogs.diariosur.es\/wp-content\/uploads\/sites\/12\/2015\/02\/Captura7-548x400.jpg 548w\" sizes=\"(max-width: 548px) 100vw, 548px\" \/><\/a><\/p>\n<p>&nbsp;<\/p>\n<p>&nbsp;<\/p>\n<p>&nbsp;<\/p>\n<p><span style=\"color: #ff0000;\"><strong>El abrir un nuevo post hoy es para comentaros que ayer viernes M\u00e1laga Capital dio la m\u00e1xima de la pen\u00ednsula, asi como muchos pueblos expuestos al terral de invierno.<\/strong><\/span><\/p>\n<p>&nbsp;<\/p>\n<p><a href=\"https:\/\/blogs.diariosur.es\/tormentas-y-rayos\/2015\/02\/14\/prevision-del-tiempo-en-andalucia-aviso-amarillo-por-viento-y-olas-en-granada-y-almeria-malaga-capital-dio-ayer-la-maxima-de-la-peninsula\/captura-584\/\" rel=\"attachment wp-att-11203\"><img loading=\"lazy\" class=\"aligncenter size-full wp-image-11203\" title=\"Captura\" src=\"\/tormentas-y-rayos\/wp-content\/uploads\/sites\/12\/2015\/02\/Captura8.jpg\" alt=\"\" width=\"401\" height=\"232\" \/><\/a><\/p>\n<p>&nbsp;<\/p>\n<p><strong><a href=\"https:\/\/blogs.diariosur.es\/tormentas-y-rayos\/2015\/02\/13\/prevision-del-tiempo-fin-de-semana-en-andalucia-tendremos-de-todo-como-en-botica-malaga-manana-sabado-puede-llegar-a-los-20-grados\/\">Con respecto a la predicci\u00f3n de ayer, comentaros que sigue mas o menos igual,<\/a>\u00a0 si\u00a0quer\u00e9is\u00a0verla\u00a0pod\u00e9is\u00a0pinchar en el enlace que os he puesto. Digo mas o menos porque veo que al final tendremos mas nubes medias y altas de lo previsto, ya veremos si sobrepasamos hoy los 20 grados en las zonas expuestas al terral de invierno. En el resto de la Comunidad Andaluza el pronostico sigue siendo mas o menos igual.\u00a0<\/strong><\/p>\n<p><strong>Para ma\u00f1ana domingo\u00a0seguir\u00e1\u00a0casi la misma predicci\u00f3n, solamente a\u00f1adir que la aemet activa el aviso amarillo por viento y\u00a0fen\u00f3menos\u00a0costeros en Andaluc\u00eda y Almer\u00eda. Hoy\u00a0s\u00e1bado\u00a0ser\u00e1n\u00a0por olas en estas mismas\u00a0provincias.<\/strong><\/p>\n<p>&nbsp;<\/p>\n<p><a href=\"https:\/\/blogs.diariosur.es\/tormentas-y-rayos\/2015\/02\/14\/prevision-del-tiempo-en-andalucia-aviso-amarillo-por-viento-y-olas-en-granada-y-almeria-malaga-capital-dio-ayer-la-maxima-de-la-peninsula\/20150214060000_avi_hoy_ccaa61\/\" rel=\"attachment wp-att-11204\"><img loading=\"lazy\" class=\"aligncenter size-full wp-image-11204\" title=\"20150214060000_avi_hoy_ccaa61\" src=\"\/tormentas-y-rayos\/wp-content\/uploads\/sites\/12\/2015\/02\/20150214060000_avi_hoy_ccaa61.png\" alt=\"\" width=\"500\" height=\"334\" \/><\/a><a href=\"https:\/\/blogs.diariosur.es\/tormentas-y-rayos\/2015\/02\/14\/prevision-del-tiempo-en-andalucia-aviso-amarillo-por-viento-y-olas-en-granada-y-almeria-malaga-capital-dio-ayer-la-maxima-de-la-peninsula\/20150214060000_avi_mna_ccaa61\/\" rel=\"attachment wp-att-11205\"><img loading=\"lazy\" class=\"aligncenter size-full wp-image-11205\" title=\"20150214060000_avi_mna_ccaa61\" src=\"\/tormentas-y-rayos\/wp-content\/uploads\/sites\/12\/2015\/02\/20150214060000_avi_mna_ccaa61.png\" alt=\"\" width=\"500\" height=\"334\" \/><\/a><\/p>\n<p>&nbsp;<\/p>\n<p><strong>Poco mas que contar amigos de la meteo, esta proxima madrugada y ma\u00f1ana domingo el viento tomara protagonismo tanto en M\u00e1laga como en la zona oriental de la comunidad.<\/strong><\/p>\n<p><strong>Os dejo con estos dos fotones que me han mandado dos amigos.<\/strong><\/p>\n<p><strong>La primera foto es de Alvaro \u00a0Negrillo, impresionante vistas desde la Sierra de Mijas. Me encanta la amigo.<\/strong><\/p>\n<p>&nbsp;<\/p>\n<p><a href=\"https:\/\/blogs.diariosur.es\/tormentas-y-rayos\/2015\/02\/14\/prevision-del-tiempo-en-andalucia-aviso-amarillo-por-viento-y-olas-en-granada-y-almeria-malaga-capital-dio-ayer-la-maxima-de-la-peninsula\/alvaro-negrillo\/\" rel=\"attachment wp-att-11206\"><img loading=\"lazy\" class=\"aligncenter size-full wp-image-11206\" title=\"alvaro negrillo\" src=\"\/tormentas-y-rayos\/wp-content\/uploads\/sites\/12\/2015\/02\/alvaro-negrillo.jpg\" alt=\"\" width=\"640\" height=\"360\" \/><\/a><\/p>\n<p>&nbsp;<\/p>\n<p><strong>La ultima de mi amigo cazatormentas Antonio Manuel Iglesias.\u00a0Precioso\u00a0candilazo desde tierras Granadinas.<\/strong><\/p>\n<p>&nbsp;<\/p>\n<p><a href=\"https:\/\/blogs.diariosur.es\/tormentas-y-rayos\/2015\/02\/14\/prevision-del-tiempo-en-andalucia-aviso-amarillo-por-viento-y-olas-en-granada-y-almeria-malaga-capital-dio-ayer-la-maxima-de-la-peninsula\/antonio-manuel-iglesias-3\/\" rel=\"attachment wp-att-11207\"><img loading=\"lazy\" class=\"aligncenter size-full wp-image-11207\" title=\"antonio manuel iglesias\" src=\"\/tormentas-y-rayos\/wp-content\/uploads\/sites\/12\/2015\/02\/antonio-manuel-iglesias.jpg\" alt=\"\" width=\"640\" height=\"360\" \/><\/a><\/p>\n<p>&nbsp;<\/p>\n","protected":false},"excerpt":{"rendered":"<p>&nbsp; &nbsp; &nbsp; &nbsp; &nbsp; &nbsp; Buenos dias amigos de la meteo, son las ocho menos cuarto de la ma\u00f1ana, registro 12,5 grados y los cielos andaluces est\u00e1n nubosos. El candilazo puede ser bonito en muchos puntos de la Comunidad.\u00a0 Bonitos altocumulus lenticularis en estos momentos que amanece. &nbsp; &nbsp; Debido al nublado, no se [&hellip;]<\/p>\n","protected":false},"author":16,"featured_media":11206,"comment_status":"open","ping_status":"open","sticky":false,"template":"","format":"standard","meta":[],"categories":[2],"tags":[63,76,91,100,151,464,809,980,1059],"_links":{"self":[{"href":"https:\/\/blogs.diariosur.es\/tormentas-y-rayos\/wp-json\/wp\/v2\/posts\/11201"}],"collection":[{"href":"https:\/\/blogs.diariosur.es\/tormentas-y-rayos\/wp-json\/wp\/v2\/posts"}],"about":[{"href":"https:\/\/blogs.diariosur.es\/tormentas-y-rayos\/wp-json\/wp\/v2\/types\/post"}],"author":[{"embeddable":true,"href":"https:\/\/blogs.diariosur.es\/tormentas-y-rayos\/wp-json\/wp\/v2\/users\/16"}],"replies":[{"embeddable":true,"href":"https:\/\/blogs.diariosur.es\/tormentas-y-rayos\/wp-json\/wp\/v2\/comments?post=11201"}],"version-history":[{"count":0,"href":"https:\/\/blogs.diariosur.es\/tormentas-y-rayos\/wp-json\/wp\/v2\/posts\/11201\/revisions"}],"wp:featuredmedia":[{"embeddable":true,"href":"https:\/\/blogs.diariosur.es\/tormentas-y-rayos\/wp-json\/wp\/v2\/media\/11206"}],"wp:attachment":[{"href":"https:\/\/blogs.diariosur.es\/tormentas-y-rayos\/wp-json\/wp\/v2\/media?parent=11201"}],"wp:term":[{"taxonomy":"category","embeddable":true,"href":"https:\/\/blogs.diariosur.es\/tormentas-y-rayos\/wp-json\/wp\/v2\/categories?post=11201"},{"taxonomy":"post_tag","embeddable":true,"href":"https:\/\/blogs.diariosur.es\/tormentas-y-rayos\/wp-json\/wp\/v2\/tags?post=11201"}],"curies":[{"name":"wp","href":"https:\/\/api.w.org\/{rel}","templated":true}]}}