{"id":11209,"date":"2015-02-16T08:19:32","date_gmt":"2015-02-16T07:19:32","guid":{"rendered":"http:\/\/blogs.diariosur.es\/tormentas-y-rayos\/?p=11209"},"modified":"2015-02-16T08:19:32","modified_gmt":"2015-02-16T07:19:32","slug":"prevision-del-tiempo-aviso-amarillo-por-lluvias-nevadas-y-viento-en-andalucia-oriental-el-martes-os-explico-el-por-que-de-este-cambio-de-tiempo","status":"publish","type":"post","link":"https:\/\/blogs.diariosur.es\/tormentas-y-rayos\/2015\/02\/16\/prevision-del-tiempo-aviso-amarillo-por-lluvias-nevadas-y-viento-en-andalucia-oriental-el-martes-os-explico-el-por-que-de-este-cambio-de-tiempo\/","title":{"rendered":"Previsi\u00f3n del tiempo. Aviso amarillo por lluvias, nevadas y viento en Andaluc\u00eda Oriental y Occidental el martes. Os explico el por qu\u00e9 de este cambio de tiempo."},"content":{"rendered":"<p><img loading=\"lazy\" class=\"aligncenter\" src=\"https:\/\/farm3.staticflickr.com\/2898\/14371881571_bbae3518b1_q.jpg\" alt=\"\" width=\"150\" height=\"150\" \/><\/p>\n<p>&nbsp;<\/p>\n<p>&nbsp;<\/p>\n<p>&nbsp;<\/p>\n<p>&nbsp;<\/p>\n<p><span style=\"color: #ff0000;\"><strong>\u00daLTIMA HORA AMIGOS DE LA METEO.<\/strong><\/span><\/p>\n<p><span style=\"color: #ff0000;\"><strong>AVISO AMARILLO POR NEVADAS EN RONDA<\/strong><\/span><\/p>\n<p><span style=\"color: #ff0000;\"><strong>Y SE AMPL\u00cdA EL DE LLUVIAS A TODA LA<\/strong><\/span><\/p>\n<p><span style=\"color: #ff0000;\"><strong>PROVINCIA MALAGUE\u00d1A.<\/strong><\/span><\/p>\n<p>&nbsp;<\/p>\n<p><a href=\"https:\/\/blogs.diariosur.es\/tormentas-y-rayos\/2015\/02\/16\/prevision-del-tiempo-aviso-amarillo-por-lluvias-nevadas-y-viento-en-andalucia-oriental-el-martes-os-explico-el-por-que-de-este-cambio-de-tiempo\/20150216120000_avi_mna_ccaa61\/\" rel=\"attachment wp-att-11222\"><img loading=\"lazy\" class=\"aligncenter size-full wp-image-11222\" title=\"20150216120000_avi_mna_ccaa61\" src=\"\/tormentas-y-rayos\/wp-content\/uploads\/sites\/12\/2015\/02\/20150216120000_avi_mna_ccaa61.png\" alt=\"\" width=\"503\" height=\"334\" \/><\/a><\/p>\n<p>&nbsp;<\/p>\n<p>&nbsp;<\/p>\n<p><strong style=\"color: #0000ff;\">Buenos\u00a0d\u00edas\u00a0amigos de la meteo, son las ocho de la ma\u00f1ana, registro 13 grados en M\u00e1laga Capital y el viento de momento esta en calma, a medida que pasen las horas soplaran de terral de invierno. La mayoria de los cielos malague\u00f1os registran en estos momentos un candilazo.<\/strong><\/p>\n<p>&nbsp;<\/p>\n<p><a href=\"https:\/\/blogs.diariosur.es\/tormentas-y-rayos\/2015\/02\/16\/prevision-del-tiempo-aviso-amarillo-por-lluvias-nevadas-y-viento-en-andalucia-oriental-el-martes-os-explico-el-por-que-de-este-cambio-de-tiempo\/_dsc7418\/\" rel=\"attachment wp-att-11215\"><img loading=\"lazy\" class=\"aligncenter size-full wp-image-11215\" title=\"_DSC7418\" src=\"\/tormentas-y-rayos\/wp-content\/uploads\/sites\/12\/2015\/02\/DSC7418.jpg\" alt=\"\" width=\"640\" height=\"427\" srcset=\"https:\/\/static-blogs.diariosur.es\/wp-content\/uploads\/sites\/12\/2015\/02\/DSC7418.jpg 640w, https:\/\/static-blogs.diariosur.es\/wp-content\/uploads\/sites\/12\/2015\/02\/DSC7418-600x400.jpg 600w\" sizes=\"(max-width: 640px) 100vw, 640px\" \/><\/a><\/p>\n<p>&nbsp;<\/p>\n<p>&nbsp;<\/p>\n<p>&nbsp;<\/p>\n<p><strong><span style=\"color: #0000ff;\">Las\u00a0m\u00ednimas\u00a0en estos momentos son altas y no creo que se den heladas en Andaluc\u00eda.<\/span><\/strong><\/p>\n<p><span style=\"color: #0000ff;\"><strong>Las\u00a0m\u00e1ximas\u00a0nuevamente\u00a0ser\u00e1n\u00a0altas \u00a0en nuestra\u00a0Comunidad\u00a0 Andaluza para las fechas que estamos, donde se den nieblas y se mantengan hasta el\u00a0mediod\u00eda\u00a0no\u00a0subir\u00e1n\u00a0mucho, como es el caso de algunos puntos del Valle del G<\/strong><strong>uadalquivir.\u00a0<\/strong><strong>En M\u00e1laga Capital y zonas expuestas al terral de invierno se pueden sobrepasar los 20 grados.\u00a0<\/strong><\/span><\/p>\n<p>&nbsp;<\/p>\n<p><span style=\"color: #ff00ff;\"><strong>AVISO AMARILLO POR LLUVIAS, NEVADAS, \u00a0Y VIENTO EN\u00a0ANDALUC\u00cdA\u00a0ORIENTAL MA\u00d1ANA MARTES<\/strong><\/span><\/p>\n<p>&nbsp;<\/p>\n<p><span style=\"color: #008080;\"><strong>En la Provincia malague\u00f1a sera la Axarqu\u00eda donde se active el aviso amarillo por lluvias que pueden sobrepasar los 15 litros en una hora.<\/strong><\/span><\/p>\n<p>&nbsp;<\/p>\n<p><a href=\"https:\/\/blogs.diariosur.es\/tormentas-y-rayos\/2015\/02\/16\/prevision-del-tiempo-aviso-amarillo-por-lluvias-nevadas-y-viento-en-andalucia-oriental-el-martes-os-explico-el-por-que-de-este-cambio-de-tiempo\/20150216055000_avi_mna_ccaa61\/\" rel=\"attachment wp-att-11210\"><img loading=\"lazy\" class=\"aligncenter size-full wp-image-11210\" title=\"20150216055000_avi_mna_ccaa61\" src=\"\/tormentas-y-rayos\/wp-content\/uploads\/sites\/12\/2015\/02\/20150216055000_avi_mna_ccaa61.png\" alt=\"\" width=\"500\" height=\"334\" \/><\/a><\/p>\n<p>&nbsp;<\/p>\n<p>&nbsp;<\/p>\n<p><strong><span style=\"color: #ff0000;\">Bueno amigos de la meteo, intentare explicar de forma sencilla el por qu\u00e9 de este cambio tan brusco de tiempo para ma\u00f1ana.\u00a0<\/span><\/strong><\/p>\n<p><strong><span style=\"color: #ff0000;\">Todo viene dado por el descuelgue de una bolsa de aire fr\u00edo en altura desde el norte del\u00a0Cant\u00e1brico\u00a0hasta el Mar de Albor\u00e1n. En estos mapas que os pongo a 500 hpa que como muchos\u00a0sab\u00e9is\u00a0son a 5500 metros, se ve\u00a0perfectamente el descuelgue de esta bolsa.<\/span><\/strong><\/p>\n<p>&nbsp;<\/p>\n<p><a href=\"https:\/\/blogs.diariosur.es\/tormentas-y-rayos\/2015\/02\/16\/prevision-del-tiempo-aviso-amarillo-por-lluvias-nevadas-y-viento-en-andalucia-oriental-el-martes-os-explico-el-por-que-de-este-cambio-de-tiempo\/1-horz-9\/\" rel=\"attachment wp-att-11211\"><img loading=\"lazy\" class=\"aligncenter size-full wp-image-11211\" title=\"1-horz\" src=\"\/tormentas-y-rayos\/wp-content\/uploads\/sites\/12\/2015\/02\/1-horz2.jpg\" alt=\"\" width=\"630\" height=\"226\" \/><\/a><a href=\"https:\/\/blogs.diariosur.es\/tormentas-y-rayos\/2015\/02\/16\/prevision-del-tiempo-aviso-amarillo-por-lluvias-nevadas-y-viento-en-andalucia-oriental-el-martes-os-explico-el-por-que-de-este-cambio-de-tiempo\/3-horz-5\/\" rel=\"attachment wp-att-11212\"><img loading=\"lazy\" class=\"aligncenter size-full wp-image-11212\" title=\"3-horz\" src=\"\/tormentas-y-rayos\/wp-content\/uploads\/sites\/12\/2015\/02\/3-horz.jpg\" alt=\"\" width=\"642\" height=\"226\" srcset=\"https:\/\/static-blogs.diariosur.es\/wp-content\/uploads\/sites\/12\/2015\/02\/3-horz.jpg 642w, https:\/\/static-blogs.diariosur.es\/wp-content\/uploads\/sites\/12\/2015\/02\/3-horz-640x225.jpg 640w\" sizes=\"(max-width: 642px) 100vw, 642px\" \/><\/a><\/p>\n<p>&nbsp;<\/p>\n<p><strong><span><span style=\"color: #ff0000;\">Una vez se\u00a0situ\u00e9\u00a0esta bolsa de aire fr\u00edo en el\u00a0mar\u00a0de Albor\u00e1n, se formara una baja en esta zona que\u00a0har\u00e1\u00a0que los vientos soplen del este noreste con rachas fuertes,\u00a0<strong>que unido al aire fr\u00edo en altura\u00a0traer\u00e1\u00a0lluvias a casi toda\u00a0la\u00a0Costa\u00a0Andaluza\u00a0Mediterr\u00e1nea.<\/strong><\/span><\/span><\/strong><\/p>\n<p>&nbsp;<\/p>\n<p>&nbsp;<\/p>\n<p><a href=\"https:\/\/blogs.diariosur.es\/tormentas-y-rayos\/2015\/02\/16\/prevision-del-tiempo-aviso-amarillo-por-lluvias-nevadas-y-viento-en-andalucia-oriental-el-martes-os-explico-el-por-que-de-este-cambio-de-tiempo\/isobaras-6\/\" rel=\"attachment wp-att-11213\"><img loading=\"lazy\" class=\"aligncenter size-large wp-image-11213\" title=\"isobaras\" src=\"\/tormentas-y-rayos\/wp-content\/uploads\/sites\/12\/2015\/02\/isobaras.jpg\" alt=\"\" width=\"602\" height=\"600\" srcset=\"https:\/\/static-blogs.diariosur.es\/wp-content\/uploads\/sites\/12\/2015\/02\/isobaras.jpg 774w, https:\/\/static-blogs.diariosur.es\/wp-content\/uploads\/sites\/12\/2015\/02\/isobaras-150x150.jpg 150w, https:\/\/static-blogs.diariosur.es\/wp-content\/uploads\/sites\/12\/2015\/02\/isobaras-402x400.jpg 402w, https:\/\/static-blogs.diariosur.es\/wp-content\/uploads\/sites\/12\/2015\/02\/isobaras-768x765.jpg 768w\" sizes=\"(max-width: 602px) 100vw, 602px\" \/><\/a><\/p>\n<p>&nbsp;<\/p>\n<p><strong><span><span><span style=\"color: #ff0000;\">\u00a0<\/span><\/span><\/span><\/strong><\/p>\n<p>&nbsp;<\/p>\n<p><a href=\"https:\/\/blogs.diariosur.es\/tormentas-y-rayos\/2015\/02\/16\/prevision-del-tiempo-aviso-amarillo-por-lluvias-nevadas-y-viento-en-andalucia-oriental-el-martes-os-explico-el-por-que-de-este-cambio-de-tiempo\/captura-585\/\" rel=\"attachment wp-att-11214\"><img loading=\"lazy\" class=\"aligncenter size-medium wp-image-11214\" title=\"Captura\" src=\"\/tormentas-y-rayos\/wp-content\/uploads\/sites\/12\/2015\/02\/Captura9.jpg\" alt=\"\" width=\"549\" height=\"400\" srcset=\"https:\/\/static-blogs.diariosur.es\/wp-content\/uploads\/sites\/12\/2015\/02\/Captura9.jpg 810w, https:\/\/static-blogs.diariosur.es\/wp-content\/uploads\/sites\/12\/2015\/02\/Captura9-549x400.jpg 549w, https:\/\/static-blogs.diariosur.es\/wp-content\/uploads\/sites\/12\/2015\/02\/Captura9-768x559.jpg 768w\" sizes=\"(max-width: 549px) 100vw, 549px\" \/><\/a><\/p>\n<p>&nbsp;<\/p>\n<p>&nbsp;<\/p>\n<p><strong><span><span><span style=\"color: #ff0000;\">A esto \u00a0ultimo se le suma la temperatura a 850 hpa ( 1500 m) que rondara algo menos de los cero grados, con esto quiero decir que la cota de la nieve rondara entre los 1000 y 1200 metros. Si en algun momento se formara alguna tormenta, la cota de nieve\u00a0bajar\u00eda\u00a0hasta los 800 debido a las corrientes\u00a0ascendentes\u00a0y\u00a0descendentes. La temperatura a 500 hpa estara sobre los -28 grados.<\/span><\/span><\/span><\/strong><\/p>\n<p><span style=\"color: #ff00ff;\"><strong>NOTA IMPORTANTE:<\/strong><\/span><\/p>\n<p><span style=\"color: #0000ff;\"><strong>Al ser una bolsa de aire fr\u00edo \u00a0a \u00a0los modelos les cuesta mucho trabajo modelizar. Para que me\u00a0entend\u00e1is\u00a0mejor,\u00a0seg\u00fan\u00a0donde ponga el huevo\u00a0podr\u00e1\u00a0afectarnos en mayor o menor medida a Andaluc\u00eda.\u00a0\u00a0<\/strong><\/span><\/p>\n<p>&nbsp;<\/p>\n<p><strong>Aclarado esto, os pongo estos fotones que me\u00a0hab\u00e9is\u00a0mandado, son todas las fotos preciosas.<\/strong><\/p>\n<p>&nbsp;<\/p>\n<p><strong>Fuensanta Villalobos.<\/strong><\/p>\n<p>&nbsp;<\/p>\n<p><a href=\"https:\/\/blogs.diariosur.es\/tormentas-y-rayos\/2015\/02\/16\/prevision-del-tiempo-aviso-amarillo-por-lluvias-nevadas-y-viento-en-andalucia-oriental-el-martes-os-explico-el-por-que-de-este-cambio-de-tiempo\/fuensanta-villalobos-6\/\" rel=\"attachment wp-att-11217\"><img loading=\"lazy\" class=\"aligncenter size-full wp-image-11217\" title=\"fuensanta villalobos\" src=\"\/tormentas-y-rayos\/wp-content\/uploads\/sites\/12\/2015\/02\/fuensanta-villalobos.jpg\" alt=\"\" width=\"640\" height=\"427\" srcset=\"https:\/\/static-blogs.diariosur.es\/wp-content\/uploads\/sites\/12\/2015\/02\/fuensanta-villalobos.jpg 640w, https:\/\/static-blogs.diariosur.es\/wp-content\/uploads\/sites\/12\/2015\/02\/fuensanta-villalobos-600x400.jpg 600w\" sizes=\"(max-width: 640px) 100vw, 640px\" \/><\/a><\/p>\n<p>&nbsp;<\/p>\n<p><strong>Jose Luis Gil desde Marbella.<\/strong><\/p>\n<p>&nbsp;<\/p>\n<p><a href=\"https:\/\/blogs.diariosur.es\/tormentas-y-rayos\/2015\/02\/16\/prevision-del-tiempo-aviso-amarillo-por-lluvias-nevadas-y-viento-en-andalucia-oriental-el-martes-os-explico-el-por-que-de-este-cambio-de-tiempo\/jose-luis-gil-34\/\" rel=\"attachment wp-att-11218\"><img loading=\"lazy\" class=\"aligncenter size-full wp-image-11218\" title=\"jose luis gil\" src=\"\/tormentas-y-rayos\/wp-content\/uploads\/sites\/12\/2015\/02\/jose-luis-gil.jpg\" alt=\"\" width=\"640\" height=\"360\" \/><\/a><\/p>\n<p>&nbsp;<\/p>\n<p><strong>Ana Gonfer<\/strong><\/p>\n<p>&nbsp;<\/p>\n<p>&nbsp;<\/p>\n<p><a href=\"https:\/\/blogs.diariosur.es\/tormentas-y-rayos\/2015\/02\/16\/prevision-del-tiempo-aviso-amarillo-por-lluvias-nevadas-y-viento-en-andalucia-oriental-el-martes-os-explico-el-por-que-de-este-cambio-de-tiempo\/ana-gonfer-6\/\" rel=\"attachment wp-att-11219\"><img loading=\"lazy\" class=\"aligncenter size-full wp-image-11219\" title=\"ana gonfer\" src=\"\/tormentas-y-rayos\/wp-content\/uploads\/sites\/12\/2015\/02\/ana-gonfer1.jpg\" alt=\"\" width=\"640\" height=\"360\" \/><\/a><\/p>\n<p>&nbsp;<\/p>\n<p>&nbsp;<\/p>\n<p><strong>Juan Repetto.<\/strong><\/p>\n<p>&nbsp;<\/p>\n<p><a href=\"https:\/\/blogs.diariosur.es\/tormentas-y-rayos\/2015\/02\/16\/prevision-del-tiempo-aviso-amarillo-por-lluvias-nevadas-y-viento-en-andalucia-oriental-el-martes-os-explico-el-por-que-de-este-cambio-de-tiempo\/juan-repetto-10\/\" rel=\"attachment wp-att-11220\"><img loading=\"lazy\" class=\"aligncenter size-full wp-image-11220\" title=\"juan repetto\" src=\"\/tormentas-y-rayos\/wp-content\/uploads\/sites\/12\/2015\/02\/juan-repetto.jpg\" alt=\"\" width=\"640\" height=\"480\" srcset=\"https:\/\/static-blogs.diariosur.es\/wp-content\/uploads\/sites\/12\/2015\/02\/juan-repetto.jpg 640w, https:\/\/static-blogs.diariosur.es\/wp-content\/uploads\/sites\/12\/2015\/02\/juan-repetto-533x400.jpg 533w\" sizes=\"(max-width: 640px) 100vw, 640px\" \/><\/a><\/p>\n<p>&nbsp;<\/p>\n<p>&nbsp;<\/p>\n<p>&nbsp;<\/p>\n<p>&nbsp;<\/p>\n<p>&nbsp;<\/p>\n<p>&nbsp;<\/p>\n","protected":false},"excerpt":{"rendered":"<p>&nbsp; &nbsp; &nbsp; &nbsp; \u00daLTIMA HORA AMIGOS DE LA METEO. AVISO AMARILLO POR NEVADAS EN RONDA Y SE AMPL\u00cdA EL DE LLUVIAS A TODA LA PROVINCIA MALAGUE\u00d1A. &nbsp; &nbsp; &nbsp; Buenos\u00a0d\u00edas\u00a0amigos de la meteo, son las ocho de la ma\u00f1ana, registro 13 grados en M\u00e1laga Capital y el viento de momento esta en calma, a [&hellip;]<\/p>\n","protected":false},"author":16,"featured_media":11222,"comment_status":"open","ping_status":"open","sticky":false,"template":"","format":"standard","meta":[],"categories":[2],"tags":[63,91,100,151,569,690,809,980,1059],"_links":{"self":[{"href":"https:\/\/blogs.diariosur.es\/tormentas-y-rayos\/wp-json\/wp\/v2\/posts\/11209"}],"collection":[{"href":"https:\/\/blogs.diariosur.es\/tormentas-y-rayos\/wp-json\/wp\/v2\/posts"}],"about":[{"href":"https:\/\/blogs.diariosur.es\/tormentas-y-rayos\/wp-json\/wp\/v2\/types\/post"}],"author":[{"embeddable":true,"href":"https:\/\/blogs.diariosur.es\/tormentas-y-rayos\/wp-json\/wp\/v2\/users\/16"}],"replies":[{"embeddable":true,"href":"https:\/\/blogs.diariosur.es\/tormentas-y-rayos\/wp-json\/wp\/v2\/comments?post=11209"}],"version-history":[{"count":0,"href":"https:\/\/blogs.diariosur.es\/tormentas-y-rayos\/wp-json\/wp\/v2\/posts\/11209\/revisions"}],"wp:featuredmedia":[{"embeddable":true,"href":"https:\/\/blogs.diariosur.es\/tormentas-y-rayos\/wp-json\/wp\/v2\/media\/11222"}],"wp:attachment":[{"href":"https:\/\/blogs.diariosur.es\/tormentas-y-rayos\/wp-json\/wp\/v2\/media?parent=11209"}],"wp:term":[{"taxonomy":"category","embeddable":true,"href":"https:\/\/blogs.diariosur.es\/tormentas-y-rayos\/wp-json\/wp\/v2\/categories?post=11209"},{"taxonomy":"post_tag","embeddable":true,"href":"https:\/\/blogs.diariosur.es\/tormentas-y-rayos\/wp-json\/wp\/v2\/tags?post=11209"}],"curies":[{"name":"wp","href":"https:\/\/api.w.org\/{rel}","templated":true}]}}