{"id":11223,"date":"2015-02-17T08:57:16","date_gmt":"2015-02-17T07:57:16","guid":{"rendered":"http:\/\/blogs.diariosur.es\/tormentas-y-rayos\/?p=11223"},"modified":"2015-02-17T08:57:16","modified_gmt":"2015-02-17T07:57:16","slug":"prevision-del-tiempo-andalucia-aviso-amarillo-por-lluvias-tormentas-olas-y-viento-naranja-por-nevadas-en-granada-en-febrero-el-loco-ningun-dia-se-parece-a-otro","status":"publish","type":"post","link":"https:\/\/blogs.diariosur.es\/tormentas-y-rayos\/2015\/02\/17\/prevision-del-tiempo-andalucia-aviso-amarillo-por-lluvias-tormentas-olas-y-viento-naranja-por-nevadas-en-granada-en-febrero-el-loco-ningun-dia-se-parece-a-otro\/","title":{"rendered":"Previsi\u00f3n del tiempo Andaluc\u00eda. Aviso amarillo por lluvias, tormentas, olas  y viento, naranja por nevadas en Granada.  En febrero el loco, ning\u00fan d\u00eda se parece a otro."},"content":{"rendered":"<p><img loading=\"lazy\" class=\"aligncenter\" src=\"https:\/\/farm3.staticflickr.com\/2898\/14371881571_bbae3518b1_q.jpg\" alt=\"\" width=\"150\" height=\"150\" \/><\/p>\n<p>&nbsp;<\/p>\n<p>&nbsp;<\/p>\n<p>&nbsp;<\/p>\n<p>&nbsp;<\/p>\n<p>&nbsp;<\/p>\n<p><strong>Buenos\u00a0d\u00edas\u00a0amigos de la meteo, son las ocho menos cuarto de la ma\u00f1ana, registro 12 grados y los cielos malague\u00f1os y casi todos los de la Comunidad Andaluza\u00a0est\u00e1n\u00a0muy nubosos. En estos momentos llueve en la provincia Malague\u00f1a, y en muchos puntos de Andaluc\u00eda. En los Reales nieva tambi\u00e9n en estos momentos. Tambi\u00e9n se registran tormentas frente a las Costa de Granada. Buenos litros tienenque estar cayendo entre Motril y Almu\u00f1ecar.<\/strong><\/p>\n<p><strong> Os paso la imagen del radar de lluvias fuente aemet \u00a0y la imagen del\u00a0sat\u00e9lite\u00a0eumetsat fuente meteogalicia.<\/strong><\/p>\n<p>&nbsp;<\/p>\n<p>&nbsp;<\/p>\n<p>&nbsp;<\/p>\n<p><a href=\"https:\/\/blogs.diariosur.es\/tormentas-y-rayos\/2015\/02\/17\/prevision-del-tiempo-andalucia-aviso-amarillo-por-lluvias-tormentas-olas-y-viento-naranja-por-nevadas-en-granada-en-febrero-el-loco-ningun-dia-se-parece-a-otro\/201502170530_r8pb\/\" rel=\"attachment wp-att-11226\"><img loading=\"lazy\" class=\"aligncenter size-full wp-image-11226\" title=\"201502170530_r8pb\" src=\"\/tormentas-y-rayos\/wp-content\/uploads\/sites\/12\/2015\/02\/201502170530_r8pb.gif\" alt=\"\" width=\"500\" height=\"500\" \/><\/a><\/p>\n<p>&nbsp;<\/p>\n<p><a href=\"https:\/\/blogs.diariosur.es\/tormentas-y-rayos\/2015\/02\/17\/prevision-del-tiempo-andalucia-aviso-amarillo-por-lluvias-tormentas-olas-y-viento-naranja-por-nevadas-en-granada-en-febrero-el-loco-ningun-dia-se-parece-a-otro\/201502170700_r79g\/\" rel=\"attachment wp-att-11228\"><img loading=\"lazy\" class=\"aligncenter size-full wp-image-11228\" title=\"201502170700_r79g\" src=\"\/tormentas-y-rayos\/wp-content\/uploads\/sites\/12\/2015\/02\/201502170700_r79g.gif\" alt=\"\" width=\"500\" height=\"500\" \/><\/a><\/p>\n<p>&nbsp;<\/p>\n<p>&nbsp;<\/p>\n<p>&nbsp;<\/p>\n<p><a href=\"https:\/\/blogs.diariosur.es\/tormentas-y-rayos\/2015\/02\/17\/prevision-del-tiempo-andalucia-aviso-amarillo-por-lluvias-tormentas-olas-y-viento-naranja-por-nevadas-en-granada-en-febrero-el-loco-ningun-dia-se-parece-a-otro\/webexterna_colorir87_07-30-3\/\" rel=\"attachment wp-att-11227\"><img loading=\"lazy\" class=\"aligncenter size-medium wp-image-11227\" title=\"webexterna_ColorIR87_[07-30]\" src=\"\/tormentas-y-rayos\/wp-content\/uploads\/sites\/12\/2015\/02\/webexterna_ColorIR87_07-30.jpg\" alt=\"\" width=\"579\" height=\"400\" srcset=\"https:\/\/static-blogs.diariosur.es\/wp-content\/uploads\/sites\/12\/2015\/02\/webexterna_ColorIR87_07-30.jpg 750w, https:\/\/static-blogs.diariosur.es\/wp-content\/uploads\/sites\/12\/2015\/02\/webexterna_ColorIR87_07-30-579x400.jpg 579w\" sizes=\"(max-width: 579px) 100vw, 579px\" \/><\/a><\/p>\n<p>&nbsp;<\/p>\n<p>&nbsp;<\/p>\n<p><strong>La aemet amplia los avisos y en estos momentos todas las Provincias Andaluzas ya sea por viento , lluvias, o nevadas .<\/strong><\/p>\n<p>&nbsp;<\/p>\n<p><a href=\"https:\/\/blogs.diariosur.es\/tormentas-y-rayos\/2015\/02\/17\/prevision-del-tiempo-andalucia-aviso-amarillo-por-lluvias-tormentas-olas-y-viento-naranja-por-nevadas-en-granada-en-febrero-el-loco-ningun-dia-se-parece-a-otro\/20150217060000_avi_hoy_ccaa61\/\" rel=\"attachment wp-att-11224\"><img loading=\"lazy\" class=\"aligncenter size-full wp-image-11224\" title=\"20150217060000_avi_hoy_ccaa61\" src=\"\/tormentas-y-rayos\/wp-content\/uploads\/sites\/12\/2015\/02\/20150217060000_avi_hoy_ccaa61.png\" alt=\"\" width=\"500\" height=\"334\" \/><\/a><\/p>\n<p>&nbsp;<\/p>\n<p>&nbsp;<\/p>\n<p><strong>Hace pocos minutos la Costa Granadina y Almeriense entra en naranja por olas.<\/strong><\/p>\n<p><a href=\"https:\/\/blogs.diariosur.es\/tormentas-y-rayos\/2015\/02\/17\/prevision-del-tiempo-andalucia-aviso-amarillo-por-lluvias-tormentas-olas-y-viento-naranja-por-nevadas-en-granada-en-febrero-el-loco-ningun-dia-se-parece-a-otro\/20150217074000_avi_hoy_ccaa61_co\/\" rel=\"attachment wp-att-11225\"><img loading=\"lazy\" class=\"aligncenter size-full wp-image-11225\" title=\"20150217074000_avi_hoy_ccaa61_CO\" src=\"\/tormentas-y-rayos\/wp-content\/uploads\/sites\/12\/2015\/02\/20150217074000_avi_hoy_ccaa61_CO.png\" alt=\"\" width=\"500\" height=\"334\" \/><\/a><\/p>\n<p>&nbsp;<\/p>\n<p>&nbsp;<\/p>\n<p><strong>Para los que ayer no\u00a0le\u00edsteis\u00a0el blog os paso de nuevo la explicaci\u00f3n del porque este cambio de tiempo tan brusco que tenemos hoy. Fijaros que ayer el Rinc\u00f3n de la Victoria daba la\u00a0m\u00e1xima\u00a0de Andaluc\u00eda y casi de\u00a0la\u00a0pen\u00ednsula\u00a0con 22 grados, le\u00a0sigui\u00f3\u00a0Vel\u00e9z M\u00e1laga con 21,9. <\/strong><\/p>\n<p><span style=\"color: #000080;\"><em><strong>\u00a0Que de cierto tiene este refr\u00e1n\u00a0<\/strong><\/em><strong><em>meteorol\u00f3gico<\/em><\/strong><\/span><\/p>\n<p><strong><span style=\"color: #0000ff;\"><em>En febrero<\/em> el loco, ning\u00fan <em>d\u00eda<\/em> se parece a <em>otro<\/em><\/span>.<\/strong><\/p>\n<p><strong><span style=\"color: #888888;\">\u00a0<\/span><\/strong><\/p>\n<p>&nbsp;<\/p>\n<p><strong>Bueno amigos de la meteo, intentare explicar de forma sencilla el por qu\u00e9 de este cambio tan brusco de tiempo para ma\u00f1ana.\u00a0<\/strong><\/p>\n<p><strong>Todo viene dado por el descuelgue de una bolsa de aire fr\u00edo en altura desde el norte del\u00a0Cant\u00e1brico\u00a0hasta el Mar de Albor\u00e1n. En estos mapas que os pongo a 500 hpa que como muchos\u00a0sab\u00e9is\u00a0son a 5500 metros, se ve\u00a0perfectamente el descuelgue de esta bolsa.<\/strong><\/p>\n<p>&nbsp;<\/p>\n<p style=\"text-align: center;\"><a href=\"https:\/\/blogs.diariosur.es\/tormentas-y-rayos\/2015\/02\/16\/prevision-del-tiempo-aviso-amarillo-por-lluvias-nevadas-y-viento-en-andalucia-oriental-el-martes-os-explico-el-por-que-de-este-cambio-de-tiempo\/1-horz-9\/\" rel=\"attachment wp-att-11211\"><img loading=\"lazy\" class=\"aligncenter\" title=\"1-horz\" src=\"\/tormentas-y-rayos\/wp-content\/uploads\/sites\/12\/2015\/02\/1-horz2.jpg\" alt=\"\" width=\"630\" height=\"226\" \/><\/a><a href=\"https:\/\/blogs.diariosur.es\/tormentas-y-rayos\/2015\/02\/16\/prevision-del-tiempo-aviso-amarillo-por-lluvias-nevadas-y-viento-en-andalucia-oriental-el-martes-os-explico-el-por-que-de-este-cambio-de-tiempo\/3-horz-5\/\" rel=\"attachment wp-att-11212\"><img loading=\"lazy\" title=\"3-horz\" src=\"\/tormentas-y-rayos\/wp-content\/uploads\/sites\/12\/2015\/02\/3-horz.jpg\" alt=\"\" width=\"642\" height=\"226\" \/><\/a><\/p>\n<p>&nbsp;<\/p>\n<p><strong>Una vez se\u00a0situ\u00e9\u00a0esta bolsa de aire fr\u00edo en el\u00a0mar\u00a0de Albor\u00e1n, se formara una baja en esta zona que\u00a0har\u00e1\u00a0que los vientos soplen del este noreste con rachas fuertes,\u00a0<strong>que unido al aire fr\u00edo en altura\u00a0traer\u00e1\u00a0lluvias a casi toda\u00a0la\u00a0Costa\u00a0Andaluza\u00a0Mediterr\u00e1nea.<\/strong><\/strong><\/p>\n<p>&nbsp;<\/p>\n<p>&nbsp;<\/p>\n<p style=\"text-align: center;\"><a href=\"https:\/\/blogs.diariosur.es\/tormentas-y-rayos\/2015\/02\/16\/prevision-del-tiempo-aviso-amarillo-por-lluvias-nevadas-y-viento-en-andalucia-oriental-el-martes-os-explico-el-por-que-de-este-cambio-de-tiempo\/isobaras-6\/\" rel=\"attachment wp-att-11213\"><img loading=\"lazy\" class=\"aligncenter\" title=\"isobaras\" src=\"\/tormentas-y-rayos\/wp-content\/uploads\/sites\/12\/2015\/02\/isobaras.jpg\" alt=\"\" width=\"602\" height=\"600\" \/><\/a><\/p>\n<p>&nbsp;<\/p>\n<p><strong>\u00a0<\/strong><\/p>\n<p>&nbsp;<\/p>\n<p style=\"text-align: center;\"><a href=\"https:\/\/blogs.diariosur.es\/tormentas-y-rayos\/2015\/02\/16\/prevision-del-tiempo-aviso-amarillo-por-lluvias-nevadas-y-viento-en-andalucia-oriental-el-martes-os-explico-el-por-que-de-este-cambio-de-tiempo\/captura-585\/\" rel=\"attachment wp-att-11214\"><img loading=\"lazy\" class=\"aligncenter\" title=\"Captura\" src=\"\/tormentas-y-rayos\/wp-content\/uploads\/sites\/12\/2015\/02\/Captura9.jpg\" alt=\"\" width=\"549\" height=\"400\" \/><\/a><\/p>\n<p>&nbsp;<\/p>\n<p>&nbsp;<\/p>\n<p><strong>A esto \u00a0ultimo se le suma la temperatura a 850 hpa ( 1500 m) que rondara algo menos de los cero grados, con esto quiero decir que la cota de la nieve rondara entre los 1000 y 1200 metros. Si en algun momento se formara alguna tormenta, la cota de nieve\u00a0bajar\u00eda\u00a0hasta los 800 debido a las corrientes\u00a0ascendentes\u00a0y\u00a0descendentes. La temperatura a 500 hpa estara sobre los -28 grados.<\/strong><\/p>\n<p><span style=\"color: #ff0000;\"><strong>NOTA IMPORTANTE:<\/strong><\/span><\/p>\n<p><span style=\"color: #ff0000;\"><strong>Al ser una bolsa de aire fr\u00edo \u00a0a \u00a0los modelos les cuesta mucho trabajo modelizar. Para que me\u00a0entend\u00e1is\u00a0mejor,\u00a0seg\u00fan\u00a0donde ponga el huevo\u00a0podr\u00e1\u00a0afectarnos en mayor o menor medida a Andaluc\u00eda. \u00a0Puede caer la mundial como ahora mismo en la Costa de Granada u en cambio en Malaga nada.<\/strong><\/span><\/p>\n<p>&nbsp;<\/p>\n<p>&nbsp;<\/p>\n<p>&nbsp;<\/p>\n","protected":false},"excerpt":{"rendered":"<p>&nbsp; &nbsp; &nbsp; &nbsp; &nbsp; Buenos\u00a0d\u00edas\u00a0amigos de la meteo, son las ocho menos cuarto de la ma\u00f1ana, registro 12 grados y los cielos malague\u00f1os y casi todos los de la Comunidad Andaluza\u00a0est\u00e1n\u00a0muy nubosos. En estos momentos llueve en la provincia Malague\u00f1a, y en muchos puntos de Andaluc\u00eda. En los Reales nieva tambi\u00e9n en estos momentos. [&hellip;]<\/p>\n","protected":false},"author":16,"featured_media":11224,"comment_status":"open","ping_status":"open","sticky":false,"template":"","format":"standard","meta":[],"categories":[2],"tags":[100,569,809,980,996,1059],"_links":{"self":[{"href":"https:\/\/blogs.diariosur.es\/tormentas-y-rayos\/wp-json\/wp\/v2\/posts\/11223"}],"collection":[{"href":"https:\/\/blogs.diariosur.es\/tormentas-y-rayos\/wp-json\/wp\/v2\/posts"}],"about":[{"href":"https:\/\/blogs.diariosur.es\/tormentas-y-rayos\/wp-json\/wp\/v2\/types\/post"}],"author":[{"embeddable":true,"href":"https:\/\/blogs.diariosur.es\/tormentas-y-rayos\/wp-json\/wp\/v2\/users\/16"}],"replies":[{"embeddable":true,"href":"https:\/\/blogs.diariosur.es\/tormentas-y-rayos\/wp-json\/wp\/v2\/comments?post=11223"}],"version-history":[{"count":0,"href":"https:\/\/blogs.diariosur.es\/tormentas-y-rayos\/wp-json\/wp\/v2\/posts\/11223\/revisions"}],"wp:featuredmedia":[{"embeddable":true,"href":"https:\/\/blogs.diariosur.es\/tormentas-y-rayos\/wp-json\/wp\/v2\/media\/11224"}],"wp:attachment":[{"href":"https:\/\/blogs.diariosur.es\/tormentas-y-rayos\/wp-json\/wp\/v2\/media?parent=11223"}],"wp:term":[{"taxonomy":"category","embeddable":true,"href":"https:\/\/blogs.diariosur.es\/tormentas-y-rayos\/wp-json\/wp\/v2\/categories?post=11223"},{"taxonomy":"post_tag","embeddable":true,"href":"https:\/\/blogs.diariosur.es\/tormentas-y-rayos\/wp-json\/wp\/v2\/tags?post=11223"}],"curies":[{"name":"wp","href":"https:\/\/api.w.org\/{rel}","templated":true}]}}