{"id":11230,"date":"2015-02-18T08:17:14","date_gmt":"2015-02-18T07:17:14","guid":{"rendered":"http:\/\/blogs.diariosur.es\/tormentas-y-rayos\/?p=11230"},"modified":"2015-02-18T08:17:14","modified_gmt":"2015-02-18T07:17:14","slug":"prevision-del-tiempo-en-andalucia-aviso-amarillo-por-olas-y-viento-suben-las-maximas","status":"publish","type":"post","link":"https:\/\/blogs.diariosur.es\/tormentas-y-rayos\/2015\/02\/18\/prevision-del-tiempo-en-andalucia-aviso-amarillo-por-olas-y-viento-suben-las-maximas\/","title":{"rendered":"Previsi\u00f3n del tiempo en Andaluc\u00eda. Aviso amarillo por olas y viento. Suben las m\u00e1ximas. La bolsa de aire fr\u00edo se sit\u00faa en el norte de \u00c1frica."},"content":{"rendered":"<p><img loading=\"lazy\" class=\"aligncenter\" src=\"https:\/\/farm6.staticflickr.com\/5566\/14568830453_8e0522e3fc_q.jpg\" alt=\"\" width=\"150\" height=\"150\" \/><\/p>\n<p>&nbsp;<\/p>\n<p>&nbsp;<\/p>\n<p>&nbsp;<\/p>\n<p>&nbsp;<\/p>\n<p>&nbsp;<\/p>\n<p><span style=\"color: #0000ff;\"><strong>Buenos\u00a0d\u00edas\u00a0amigos de la meteo, son las ocho menos cuarto \u00a0de la ma\u00f1ana, registro 9,8 grados y los cielos malague\u00f1os est\u00e1n algo nubosos, pero donde mas\u00a0nubosidad\u00a0hay es el extremo oriental de nuestra Comunidad\u00a0Andaluza y \u00a0frente a la Costa Malague\u00f1a. Aun hay probabilidad alguna precipitaci\u00f3n debil y dispersa en la Costa\u00a0Mediterr\u00e1nea\u00a0Andaluza<\/strong><\/span><\/p>\n<p>&nbsp;<\/p>\n<p>&nbsp;<\/p>\n<p><span style=\"color: #0000ff;\"><a href=\"https:\/\/blogs.diariosur.es\/tormentas-y-rayos\/2015\/02\/18\/prevision-del-tiempo-en-andalucia-aviso-amarillo-por-olas-y-viento-suben-las-maximas\/_dsc7425\/\" rel=\"attachment wp-att-11241\"><span style=\"color: #0000ff;\"><img loading=\"lazy\" class=\"aligncenter size-full wp-image-11241\" title=\"_DSC7425\" src=\"\/tormentas-y-rayos\/wp-content\/uploads\/sites\/12\/2015\/02\/DSC7425.jpg\" alt=\"\" width=\"640\" height=\"427\" srcset=\"https:\/\/static-blogs.diariosur.es\/wp-content\/uploads\/sites\/12\/2015\/02\/DSC7425.jpg 640w, https:\/\/static-blogs.diariosur.es\/wp-content\/uploads\/sites\/12\/2015\/02\/DSC7425-600x400.jpg 600w\" sizes=\"(max-width: 640px) 100vw, 640px\" \/><\/span><\/a><\/span><\/p>\n<p>&nbsp;<\/p>\n<p>&nbsp;<\/p>\n<p><span style=\"color: #0000ff;\"><strong>El viento de levante soplara fuerte en el Mar de Albor\u00e1n, \u00a0Estrecho y zonas costeras de C\u00e1diz. La aemet por este motivo ha activado el aviso amarillo por olas en estas zonas y por viento en el Estrecho, \u00a0C\u00e1diz y costas de Almer\u00eda. Las rachas en Tarifa se\u00a0acercaran\u00a0a los 80 km\/h. En Ceuta y Mellila el aviso amarillo sera por lluvias y viento.<\/strong><\/span><\/p>\n<p>&nbsp;<\/p>\n<p><span style=\"color: #0000ff;\"><a href=\"https:\/\/blogs.diariosur.es\/tormentas-y-rayos\/2015\/02\/18\/prevision-del-tiempo-en-andalucia-aviso-amarillo-por-olas-y-viento-suben-las-maximas\/20150218062000_avi_hoy_ccaa61\/\" rel=\"attachment wp-att-11233\"><span style=\"color: #0000ff;\"><img loading=\"lazy\" class=\"aligncenter size-full wp-image-11233\" title=\"20150218062000_avi_hoy_ccaa61\" src=\"\/tormentas-y-rayos\/wp-content\/uploads\/sites\/12\/2015\/02\/20150218062000_avi_hoy_ccaa61.png\" alt=\"\" width=\"503\" height=\"334\" \/><\/span><\/a><\/span><\/p>\n<p>&nbsp;<\/p>\n<p><span style=\"color: #0000ff;\"><strong>La bolsa de aire fr\u00edo que no afecto ayer se\u00a0encuentra en estos momentos en el norte de\u00a0\u00c1frica, desde esta posici\u00f3n tanto hoy como ma\u00f1ana seguita trasyendo algo de nubosidad sobre todo a la zona oriental, donde hay probabilidad de precipitaciones\u00a0d\u00e9biles.<\/strong><\/span><\/p>\n<p><span style=\"color: #0000ff;\"><strong>\u00a0Os paso una imagen de masas de aire donde podeis ver donde esta la bolsa de aire fr\u00edo y el mapa de temperatura a 500 hpa ( 5500 m). Fuente aemet.<\/strong><\/span><\/p>\n<p>&nbsp;<\/p>\n<p><span style=\"color: #0000ff;\"><a href=\"https:\/\/blogs.diariosur.es\/tormentas-y-rayos\/2015\/02\/18\/prevision-del-tiempo-en-andalucia-aviso-amarillo-por-olas-y-viento-suben-las-maximas\/201502180500_s91g\/\" rel=\"attachment wp-att-11231\"><span style=\"color: #0000ff;\"><img loading=\"lazy\" class=\"aligncenter size-full wp-image-11231\" title=\"201502180500_s91g\" src=\"\/tormentas-y-rayos\/wp-content\/uploads\/sites\/12\/2015\/02\/201502180500_s91g.jpg\" alt=\"\" width=\"550\" height=\"488\" srcset=\"https:\/\/static-blogs.diariosur.es\/wp-content\/uploads\/sites\/12\/2015\/02\/201502180500_s91g.jpg 550w, https:\/\/static-blogs.diariosur.es\/wp-content\/uploads\/sites\/12\/2015\/02\/201502180500_s91g-451x400.jpg 451w\" sizes=\"(max-width: 550px) 100vw, 550px\" \/><\/span><\/a><\/span><\/p>\n<p><span style=\"color: #0000ff;\"><a href=\"https:\/\/blogs.diariosur.es\/tormentas-y-rayos\/2015\/02\/18\/prevision-del-tiempo-en-andalucia-aviso-amarillo-por-olas-y-viento-suben-las-maximas\/captura-586\/\" rel=\"attachment wp-att-11232\"><span style=\"color: #0000ff;\"><img loading=\"lazy\" class=\"aligncenter size-medium wp-image-11232\" title=\"Captura\" src=\"\/tormentas-y-rayos\/wp-content\/uploads\/sites\/12\/2015\/02\/Captura10.jpg\" alt=\"\" width=\"572\" height=\"400\" srcset=\"https:\/\/static-blogs.diariosur.es\/wp-content\/uploads\/sites\/12\/2015\/02\/Captura10.jpg 762w, https:\/\/static-blogs.diariosur.es\/wp-content\/uploads\/sites\/12\/2015\/02\/Captura10-573x400.jpg 573w\" sizes=\"(max-width: 572px) 100vw, 572px\" \/><\/span><\/a><\/span><\/p>\n<p>&nbsp;<\/p>\n<p><span style=\"color: #0000ff;\"><strong>Esta bolsa de aire fr\u00edo se ira moviendo hacia el noreste de\u00a0\u00c1frica\u00a0para mas tarde reintegrarse a la circulaci\u00f3n general\u00a0atmosf\u00e9rica.<\/strong><\/span><\/p>\n<p><span style=\"color: #0000ff;\"><strong>Resumiendo amigos de la meteo, las\u00a0m\u00e1ximas\u00a0subir\u00e1n\u00a0sobre todo en la zona occidental como es el caso del Valle del\u00a0Guadalquivir, probabilidad de precipitaciones debiles y dispersas en el extremo oriental y con mayor probabilidad en Ceuta y Melilla sobre todo.<\/strong><\/span><\/p>\n<p><strong><span><span style=\"color: #ff0000;\">Os hago un peque\u00f1o resumen de ayer martes, donde nuevamente la nieve fue la protagonista sobre todo en la zona oriental de nuestra Provincia Malague\u00f1a. Donde mas\u00a0nev\u00f3\u00a0fue en Sierra Tejeda y Almijara. En estas zonas la nieve cuajo sobre los 900 metros. Ademas fue en la Costa de Torrox, Nerja y Torre del mar donde mas\u00a0llovi\u00f3. En Torrox se contabilizo 40 litros, seguida de Nerja con 36. \u00a0Mi\u00a0pluvi\u00f3metro\u00a0en M\u00e1laga\u00a0Capital registro hasta las dos de la tarde 17 litros. Otro dato a destacar fue que el Torcal por\u00a0en\u00e9sima\u00a0vez nevo.<\/span><\/span><\/strong><\/p>\n<p><strong><span><span style=\"color: #ff0000;\">Otro dato curioso fue que la temperatura en M\u00e1laga Capital a las dos de la tarde era de 8.8 grados, luego\u00a0subi\u00f3\u00a0hasta alcanzar los 11.9 a las cinco y media. \u00bf Pero\u00a0sab\u00e9is\u00a0a que hora se dio la\u00a0m\u00ednima\u00a0del dia? pues a las once de la ma\u00f1ana con 8 grados.<\/span><\/span><\/strong><\/p>\n<p><strong><span><span style=\"color: #ff0000;\"> Un amigo que venia del Colmenar y tiro por la Cuesta de la Reina, me comento que sobre las once y media de la ma\u00f1ana \u00a0le\u00a0ca\u00edan\u00a0copos a un\u00a0kil\u00f3metro\u00a0antes de llegar a la fuente.<\/span><\/span><\/strong><\/p>\n<p>&nbsp;<\/p>\n<p><a href=\"https:\/\/blogs.diariosur.es\/tormentas-y-rayos\/2015\/02\/18\/prevision-del-tiempo-en-andalucia-aviso-amarillo-por-olas-y-viento-suben-las-maximas\/maxima-20\/\" rel=\"attachment wp-att-11234\"><img loading=\"lazy\" class=\"aligncenter size-medium wp-image-11234\" title=\"maxima\" src=\"\/tormentas-y-rayos\/wp-content\/uploads\/sites\/12\/2015\/02\/maxima.jpg\" alt=\"\" width=\"600\" height=\"255\" srcset=\"https:\/\/static-blogs.diariosur.es\/wp-content\/uploads\/sites\/12\/2015\/02\/maxima.jpg 722w, https:\/\/static-blogs.diariosur.es\/wp-content\/uploads\/sites\/12\/2015\/02\/maxima-640x272.jpg 640w\" sizes=\"(max-width: 600px) 100vw, 600px\" \/><\/a><\/p>\n<p>&nbsp;<\/p>\n<p><strong>Os paso una foto de ayer sobre las tres de la tarde cuando dejo de llover, los Montes de M\u00e1laga estaban preciosos.<\/strong><\/p>\n<p>&nbsp;<\/p>\n<p><a href=\"https:\/\/blogs.diariosur.es\/tormentas-y-rayos\/2015\/02\/18\/prevision-del-tiempo-en-andalucia-aviso-amarillo-por-olas-y-viento-suben-las-maximas\/_dsc7422\/\" rel=\"attachment wp-att-11242\"><img loading=\"lazy\" class=\"aligncenter size-full wp-image-11242\" title=\"_DSC7422\" src=\"\/tormentas-y-rayos\/wp-content\/uploads\/sites\/12\/2015\/02\/DSC7422.jpg\" alt=\"\" width=\"640\" height=\"427\" srcset=\"https:\/\/static-blogs.diariosur.es\/wp-content\/uploads\/sites\/12\/2015\/02\/DSC7422.jpg 640w, https:\/\/static-blogs.diariosur.es\/wp-content\/uploads\/sites\/12\/2015\/02\/DSC7422-600x400.jpg 600w\" sizes=\"(max-width: 640px) 100vw, 640px\" \/><\/a><\/p>\n<p>&nbsp;<\/p>\n<p><strong>Os dejo con los datos mas destacados de ayer y os \u00a0pongo algunas fotos que me\u00a0hab\u00e9is\u00a0mandado del\u00a0d\u00eda\u00a0de ayer.\u00a0<\/strong><\/p>\n<p>&nbsp;<\/p>\n<p>&nbsp;<\/p>\n<p><a href=\"https:\/\/blogs.diariosur.es\/tormentas-y-rayos\/2015\/02\/18\/prevision-del-tiempo-en-andalucia-aviso-amarillo-por-olas-y-viento-suben-las-maximas\/captura-587\/\" rel=\"attachment wp-att-11235\"><img loading=\"lazy\" class=\"aligncenter size-medium wp-image-11235\" title=\"Captura\" src=\"\/tormentas-y-rayos\/wp-content\/uploads\/sites\/12\/2015\/02\/Captura11.jpg\" alt=\"\" width=\"514\" height=\"400\" srcset=\"https:\/\/static-blogs.diariosur.es\/wp-content\/uploads\/sites\/12\/2015\/02\/Captura11.jpg 787w, https:\/\/static-blogs.diariosur.es\/wp-content\/uploads\/sites\/12\/2015\/02\/Captura11-514x400.jpg 514w, https:\/\/static-blogs.diariosur.es\/wp-content\/uploads\/sites\/12\/2015\/02\/Captura11-768x597.jpg 768w\" sizes=\"(max-width: 514px) 100vw, 514px\" \/><\/a><\/p>\n<p>&nbsp;<\/p>\n<p><strong><span style=\"color: #0000ff;\">Os paso estos fotones que me hab\u00e9is mandado, son una pasada de bonitos.<\/span><\/strong><\/p>\n<p><strong>Fuensanta Villalobos . Sierra Tejeda y Almijara.<\/strong><\/p>\n<p>&nbsp;<\/p>\n<p>&nbsp;<\/p>\n<p><a href=\"https:\/\/blogs.diariosur.es\/tormentas-y-rayos\/2015\/02\/18\/prevision-del-tiempo-en-andalucia-aviso-amarillo-por-olas-y-viento-suben-las-maximas\/fuensanta-villalobos-sierra-tejeda\/\" rel=\"attachment wp-att-11236\"><img loading=\"lazy\" class=\"aligncenter size-full wp-image-11236\" title=\"fuensanta villalobos sierra tejeda\" src=\"\/tormentas-y-rayos\/wp-content\/uploads\/sites\/12\/2015\/02\/fuensanta-villalobos-sierra-tejeda.jpg\" alt=\"\" width=\"640\" height=\"337\" \/><\/a><\/p>\n<p>&nbsp;<\/p>\n<p><strong>Jose Luis Gil. Montes de Marbella con un poco de nieve, que fuerte.<\/strong><\/p>\n<p>&nbsp;<\/p>\n<p>&nbsp;<\/p>\n<p><a href=\"https:\/\/blogs.diariosur.es\/tormentas-y-rayos\/2015\/02\/18\/prevision-del-tiempo-en-andalucia-aviso-amarillo-por-olas-y-viento-suben-las-maximas\/jose-luis-gil-marbella-2\/\" rel=\"attachment wp-att-11237\"><img loading=\"lazy\" class=\"aligncenter size-full wp-image-11237\" title=\"jose luis gil marbella\" src=\"\/tormentas-y-rayos\/wp-content\/uploads\/sites\/12\/2015\/02\/jose-luis-gil-marbella.jpg\" alt=\"\" width=\"640\" height=\"360\" \/><\/a><\/p>\n<p>&nbsp;<\/p>\n<p><strong>Jose Torres Ruiz . Monta\u00f1as de Afarnate.<\/strong><\/p>\n<p>&nbsp;<\/p>\n<p>&nbsp;<\/p>\n<p><a href=\"https:\/\/blogs.diariosur.es\/tormentas-y-rayos\/2015\/02\/18\/prevision-del-tiempo-en-andalucia-aviso-amarillo-por-olas-y-viento-suben-las-maximas\/jose-torres-ruiz-5\/\" rel=\"attachment wp-att-11238\"><img loading=\"lazy\" class=\"aligncenter size-full wp-image-11238\" title=\"jose torres ruiz\" src=\"\/tormentas-y-rayos\/wp-content\/uploads\/sites\/12\/2015\/02\/jose-torres-ruiz1.jpg\" alt=\"\" width=\"640\" height=\"360\" \/><\/a><\/p>\n<p>&nbsp;<\/p>\n<p>&nbsp;<\/p>\n<p><strong>Lucia Mu\u00f1oz. Precioso el Pico del Cielo.<\/strong><\/p>\n<p><a href=\"https:\/\/blogs.diariosur.es\/tormentas-y-rayos\/2015\/02\/18\/prevision-del-tiempo-en-andalucia-aviso-amarillo-por-olas-y-viento-suben-las-maximas\/lucia-munoz-pico-del-cielo\/\" rel=\"attachment wp-att-11239\"><img loading=\"lazy\" class=\"aligncenter size-full wp-image-11239\" title=\"lucia mu\u00f1oz pico del cielo\" src=\"\/tormentas-y-rayos\/wp-content\/uploads\/sites\/12\/2015\/02\/lucia-mu\u00f1oz-pico-del-cielo.jpg\" alt=\"\" width=\"640\" height=\"480\" srcset=\"https:\/\/static-blogs.diariosur.es\/wp-content\/uploads\/sites\/12\/2015\/02\/lucia-mu\u00f1oz-pico-del-cielo.jpg 640w, https:\/\/static-blogs.diariosur.es\/wp-content\/uploads\/sites\/12\/2015\/02\/lucia-mu\u00f1oz-pico-del-cielo-533x400.jpg 533w\" sizes=\"(max-width: 640px) 100vw, 640px\" \/><\/a><\/p>\n<p>&nbsp;<\/p>\n<p><strong>Paco Mart\u00edn fotografiaba esta bella imagen de Sierra Tejeda, Almijara desde Torremolinos.<\/strong><\/p>\n<p>&nbsp;<\/p>\n<p>&nbsp;<\/p>\n<p><a href=\"https:\/\/blogs.diariosur.es\/tormentas-y-rayos\/2015\/02\/18\/prevision-del-tiempo-en-andalucia-aviso-amarillo-por-olas-y-viento-suben-las-maximas\/paco-martin-3\/\" rel=\"attachment wp-att-11240\"><img loading=\"lazy\" class=\"aligncenter size-full wp-image-11240\" title=\"paco mart\u00edn\" src=\"\/tormentas-y-rayos\/wp-content\/uploads\/sites\/12\/2015\/02\/paco-mart\u00edn.jpg\" alt=\"\" width=\"640\" height=\"363\" \/><\/a><\/p>\n<p>&nbsp;<\/p>\n","protected":false},"excerpt":{"rendered":"<p>&nbsp; &nbsp; &nbsp; &nbsp; &nbsp; Buenos\u00a0d\u00edas\u00a0amigos de la meteo, son las ocho menos cuarto \u00a0de la ma\u00f1ana, registro 9,8 grados y los cielos malague\u00f1os est\u00e1n algo nubosos, pero donde mas\u00a0nubosidad\u00a0hay es el extremo oriental de nuestra Comunidad\u00a0Andaluza y \u00a0frente a la Costa Malague\u00f1a. Aun hay probabilidad alguna precipitaci\u00f3n debil y dispersa en la Costa\u00a0Mediterr\u00e1nea\u00a0Andaluza &nbsp; [&hellip;]<\/p>\n","protected":false},"author":16,"featured_media":11231,"comment_status":"open","ping_status":"open","sticky":false,"template":"","format":"standard","meta":[],"categories":[2],"tags":[94,100,151,736,809,980,1059],"_links":{"self":[{"href":"https:\/\/blogs.diariosur.es\/tormentas-y-rayos\/wp-json\/wp\/v2\/posts\/11230"}],"collection":[{"href":"https:\/\/blogs.diariosur.es\/tormentas-y-rayos\/wp-json\/wp\/v2\/posts"}],"about":[{"href":"https:\/\/blogs.diariosur.es\/tormentas-y-rayos\/wp-json\/wp\/v2\/types\/post"}],"author":[{"embeddable":true,"href":"https:\/\/blogs.diariosur.es\/tormentas-y-rayos\/wp-json\/wp\/v2\/users\/16"}],"replies":[{"embeddable":true,"href":"https:\/\/blogs.diariosur.es\/tormentas-y-rayos\/wp-json\/wp\/v2\/comments?post=11230"}],"version-history":[{"count":0,"href":"https:\/\/blogs.diariosur.es\/tormentas-y-rayos\/wp-json\/wp\/v2\/posts\/11230\/revisions"}],"wp:featuredmedia":[{"embeddable":true,"href":"https:\/\/blogs.diariosur.es\/tormentas-y-rayos\/wp-json\/wp\/v2\/media\/11231"}],"wp:attachment":[{"href":"https:\/\/blogs.diariosur.es\/tormentas-y-rayos\/wp-json\/wp\/v2\/media?parent=11230"}],"wp:term":[{"taxonomy":"category","embeddable":true,"href":"https:\/\/blogs.diariosur.es\/tormentas-y-rayos\/wp-json\/wp\/v2\/categories?post=11230"},{"taxonomy":"post_tag","embeddable":true,"href":"https:\/\/blogs.diariosur.es\/tormentas-y-rayos\/wp-json\/wp\/v2\/tags?post=11230"}],"curies":[{"name":"wp","href":"https:\/\/api.w.org\/{rel}","templated":true}]}}