{"id":11245,"date":"2015-02-19T08:31:16","date_gmt":"2015-02-19T07:31:16","guid":{"rendered":"http:\/\/blogs.diariosur.es\/tormentas-y-rayos\/?p=11245"},"modified":"2015-02-19T08:31:16","modified_gmt":"2015-02-19T07:31:16","slug":"prevision-del-tiempo-andalucia-quedan-39-dias-para-la-semana-santa","status":"publish","type":"post","link":"https:\/\/blogs.diariosur.es\/tormentas-y-rayos\/2015\/02\/19\/prevision-del-tiempo-andalucia-quedan-39-dias-para-la-semana-santa\/","title":{"rendered":"Previsi\u00f3n del tiempo Andaluc\u00eda. Quedan 39 d\u00edas para la Semana Santa."},"content":{"rendered":"<p><img loading=\"lazy\" class=\"aligncenter\" src=\"https:\/\/farm3.staticflickr.com\/2898\/14371881571_bbae3518b1_q.jpg\" alt=\"\" width=\"150\" height=\"150\" \/><\/p>\n<p>&nbsp;<\/p>\n<p>&nbsp;<\/p>\n<p>&nbsp;<\/p>\n<p>&nbsp;<\/p>\n<p><strong>Buenos dias amigos de la meteo, son las ocho de la ma\u00f1ana, registro 9,7 grados y los cielos malague\u00f1os est\u00e1n despejados. Hoy\u00a0seguir\u00e1n\u00a0los avisos por viento y\u00a0fen\u00f3menos\u00a0costeros en el Litoral\u00a0Mediterr\u00e1neo\u00a0Andaluz, Estrecho\u00a0y\u00a0C\u00e1diz. <\/strong><\/p>\n<p><a href=\"https:\/\/blogs.diariosur.es\/tormentas-y-rayos\/2015\/02\/19\/prevision-del-tiempo-andalucia-quedan-39-dias-para-la-semana-santa\/20150219071000_avi_hoy_ccaa61\/\" rel=\"attachment wp-att-11248\"><img loading=\"lazy\" class=\"aligncenter size-full wp-image-11248\" title=\"20150219071000_avi_hoy_ccaa61\" src=\"\/tormentas-y-rayos\/wp-content\/uploads\/sites\/12\/2015\/02\/20150219071000_avi_hoy_ccaa61.png\" alt=\"\" width=\"500\" height=\"334\" \/><\/a><\/p>\n<p>&nbsp;<\/p>\n<p>&nbsp;<\/p>\n<p><strong>\u00a0Ma\u00f1ana os\u00a0dar\u00e9\u00a0la previsi\u00f3n del tiempo del fin de semana, nuevamente el terral y el poniente pueden ser protagonistas el\u00a0s\u00e1bado, incluso se pueden\u00a0producir\u00a0precipitaciones dispersas en\u00a0alg\u00fan\u00a0punto\u00a0de Andaluc\u00eda.\u00a0\u00a0Ma\u00f1ana lo vemos mejor, ok?\u00a0<\/strong><\/p>\n<p>&nbsp;<\/p>\n<p>&nbsp;<\/p>\n<p>&nbsp;<\/p>\n<p>&nbsp;<\/p>\n<p>&nbsp;<\/p>\n<p><a href=\"https:\/\/blogs.diariosur.es\/tormentas-y-rayos\/2015\/02\/19\/prevision-del-tiempo-andalucia-quedan-39-dias-para-la-semana-santa\/blog-naza-13\/\" rel=\"attachment wp-att-11246\"><img loading=\"lazy\" class=\"aligncenter size-medium wp-image-11246\" title=\"blog naza\" src=\"\/tormentas-y-rayos\/wp-content\/uploads\/sites\/12\/2015\/02\/blog-naza.jpg\" alt=\"\" width=\"600\" height=\"347\" srcset=\"https:\/\/static-blogs.diariosur.es\/wp-content\/uploads\/sites\/12\/2015\/02\/blog-naza.jpg 660w, https:\/\/static-blogs.diariosur.es\/wp-content\/uploads\/sites\/12\/2015\/02\/blog-naza-640x370.jpg 640w\" sizes=\"(max-width: 600px) 100vw, 600px\" \/><\/a><\/p>\n<p>&nbsp;<\/p>\n<p>&nbsp;<\/p>\n<p><strong>Bueno amigos de la meteo, ya solo quedan 39\u00a0d\u00edas\u00a0para que comience la Semana Santa, desde hace un par de semanas ya he recibido montones de correos\u00a0pregunt\u00e1ndome\u00a0si\u00a0llover\u00e1.\u00a0<\/strong><\/p>\n<p><strong>Los modelos para esas fechas solo dan tendencias, y aun queda un mundo para ver lo que pueda pasar. Os prometo que a partir del\u00a0d\u00eda\u00a026 de febrero\u00a0har\u00e9\u00a0un seguimiento en el blog de las posibles tendencias que dan algunos modelos. El\u00a0siguiente\u00a0post lo\u00a0abrir\u00e9 el 2 de Marzo. El comentaros algo ahora es para nada, asi que tomaros un lexatin y relajaros jijiji, que poco a poco lo iremos viendo. Como siempre los\u00a0pron\u00f3sticos\u00a0ir\u00e1n\u00a0acompa\u00f1ados de estos polimorfos hechos por mi cu\u00f1ado Fefo.<\/strong><\/p>\n<p>&nbsp;<\/p>\n<p><strong>Os dejo con este otro fot\u00f3n de una supercelula cazada en el corredor de los tornados por Valentina Abinanti.<\/strong><\/p>\n<p>&nbsp;<\/p>\n<p><a href=\"https:\/\/blogs.diariosur.es\/tormentas-y-rayos\/2015\/02\/19\/prevision-del-tiempo-andalucia-quedan-39-dias-para-la-semana-santa\/10997687_10205701602529607_2527048773282232202_n\/\" rel=\"attachment wp-att-11247\"><img loading=\"lazy\" class=\"aligncenter size-medium wp-image-11247\" title=\"10997687_10205701602529607_2527048773282232202_n\" src=\"\/tormentas-y-rayos\/wp-content\/uploads\/sites\/12\/2015\/02\/10997687_10205701602529607_2527048773282232202_n.jpg\" alt=\"\" width=\"600\" height=\"396\" srcset=\"https:\/\/static-blogs.diariosur.es\/wp-content\/uploads\/sites\/12\/2015\/02\/10997687_10205701602529607_2527048773282232202_n.jpg 800w, https:\/\/static-blogs.diariosur.es\/wp-content\/uploads\/sites\/12\/2015\/02\/10997687_10205701602529607_2527048773282232202_n-605x400.jpg 605w, https:\/\/static-blogs.diariosur.es\/wp-content\/uploads\/sites\/12\/2015\/02\/10997687_10205701602529607_2527048773282232202_n-768x508.jpg 768w\" sizes=\"(max-width: 600px) 100vw, 600px\" \/><\/a><\/p>\n","protected":false},"excerpt":{"rendered":"<p>&nbsp; &nbsp; &nbsp; &nbsp; Buenos dias amigos de la meteo, son las ocho de la ma\u00f1ana, registro 9,7 grados y los cielos malague\u00f1os est\u00e1n despejados. Hoy\u00a0seguir\u00e1n\u00a0los avisos por viento y\u00a0fen\u00f3menos\u00a0costeros en el Litoral\u00a0Mediterr\u00e1neo\u00a0Andaluz, Estrecho\u00a0y\u00a0C\u00e1diz. &nbsp; &nbsp; \u00a0Ma\u00f1ana os\u00a0dar\u00e9\u00a0la previsi\u00f3n del tiempo del fin de semana, nuevamente el terral y el poniente pueden ser protagonistas el\u00a0s\u00e1bado, [&hellip;]<\/p>\n","protected":false},"author":16,"featured_media":11246,"comment_status":"open","ping_status":"open","sticky":false,"template":"","format":"standard","meta":[],"categories":[2],"tags":[100,809,888,902,980],"_links":{"self":[{"href":"https:\/\/blogs.diariosur.es\/tormentas-y-rayos\/wp-json\/wp\/v2\/posts\/11245"}],"collection":[{"href":"https:\/\/blogs.diariosur.es\/tormentas-y-rayos\/wp-json\/wp\/v2\/posts"}],"about":[{"href":"https:\/\/blogs.diariosur.es\/tormentas-y-rayos\/wp-json\/wp\/v2\/types\/post"}],"author":[{"embeddable":true,"href":"https:\/\/blogs.diariosur.es\/tormentas-y-rayos\/wp-json\/wp\/v2\/users\/16"}],"replies":[{"embeddable":true,"href":"https:\/\/blogs.diariosur.es\/tormentas-y-rayos\/wp-json\/wp\/v2\/comments?post=11245"}],"version-history":[{"count":0,"href":"https:\/\/blogs.diariosur.es\/tormentas-y-rayos\/wp-json\/wp\/v2\/posts\/11245\/revisions"}],"wp:featuredmedia":[{"embeddable":true,"href":"https:\/\/blogs.diariosur.es\/tormentas-y-rayos\/wp-json\/wp\/v2\/media\/11246"}],"wp:attachment":[{"href":"https:\/\/blogs.diariosur.es\/tormentas-y-rayos\/wp-json\/wp\/v2\/media?parent=11245"}],"wp:term":[{"taxonomy":"category","embeddable":true,"href":"https:\/\/blogs.diariosur.es\/tormentas-y-rayos\/wp-json\/wp\/v2\/categories?post=11245"},{"taxonomy":"post_tag","embeddable":true,"href":"https:\/\/blogs.diariosur.es\/tormentas-y-rayos\/wp-json\/wp\/v2\/tags?post=11245"}],"curies":[{"name":"wp","href":"https:\/\/api.w.org\/{rel}","templated":true}]}}