{"id":11249,"date":"2015-02-20T08:37:28","date_gmt":"2015-02-20T07:37:28","guid":{"rendered":"http:\/\/blogs.diariosur.es\/tormentas-y-rayos\/?p=11249"},"modified":"2015-02-20T08:37:28","modified_gmt":"2015-02-20T07:37:28","slug":"prevision-del-tiempo-fin-de-semana-un-frente-muy-debilitado-cruzara-andalucia-el-sabado-el-terral-de-invierno-y-el-poniente-tomaran-protagonismo","status":"publish","type":"post","link":"https:\/\/blogs.diariosur.es\/tormentas-y-rayos\/2015\/02\/20\/prevision-del-tiempo-fin-de-semana-un-frente-muy-debilitado-cruzara-andalucia-el-sabado-el-terral-de-invierno-y-el-poniente-tomaran-protagonismo\/","title":{"rendered":"Previsi\u00f3n del tiempo fin de semana. Un frente muy debilitado cruzara Andaluc\u00eda el s\u00e1bado. El terral de invierno y el poniente tomaran protagonismo."},"content":{"rendered":"<p><img loading=\"lazy\" class=\"aligncenter\" src=\"https:\/\/farm3.staticflickr.com\/2898\/14371881571_bbae3518b1_q.jpg\" alt=\"\" width=\"150\" height=\"150\" \/><\/p>\n<p>&nbsp;<\/p>\n<p>&nbsp;<\/p>\n<p>&nbsp;<\/p>\n<p>&nbsp;<\/p>\n<p>&nbsp;<\/p>\n<p><strong>Buenos\u00a0d\u00edas\u00a0amigos de la meteo, son las ocho de la ma\u00f1ana, registro 9,5 grados y los cielos andaluces est\u00e1n casi \u00a0despejados, y digo casi porque en el litoral de Almer\u00eda \u00a0que da al levante se registran chubascos. Esto se debe al movimiento de la bolsa de aire fr\u00edo que como todos\u00a0sab\u00e9is<\/strong><strong>\u00a0 ha estado en el norte de \u00c1frica, y desde esta pasada madrugada se ha movido hacia el noreste, para\u00a0reintegrarse\u00a0en la circulaci\u00f3n\u00a0general.\u00a0<\/strong><\/p>\n<p><a href=\"https:\/\/blogs.diariosur.es\/tormentas-y-rayos\/2015\/02\/20\/prevision-del-tiempo-fin-de-semana-un-frente-muy-debilitado-cruzara-andalucia-el-sabado-el-terral-de-invierno-y-el-poniente-tomaran-protagonismo\/201502200620_r8am\/\" rel=\"attachment wp-att-11256\"><img loading=\"lazy\" class=\"aligncenter size-full wp-image-11256\" title=\"201502200620_r8am\" src=\"\/tormentas-y-rayos\/wp-content\/uploads\/sites\/12\/2015\/02\/201502200620_r8am.gif\" alt=\"\" width=\"480\" height=\"530\" \/><\/a><\/p>\n<p><strong>A partir del mediod\u00eda llegaran nubes medias y \u00a0altas a la zona occidental de la nuestra Comunidad Andaluza, a la provincia malague\u00f1a las espero por la tarde, con esto quiero decir que podemos tener un bonito candilazo en muchos puntos. Os recomiendo si alguno va a fotografiarlo la zona desde la playa del chanquete hasta Nerja. Yo lo\u00a0har\u00e9\u00a0desde mi terraza.<\/strong><\/p>\n<p>&nbsp;<\/p>\n<p><strong>Seguimos con un potente anticicl\u00f3n en las Islas Azores, las altas presiones que\u00a0hab\u00eda\u00a0en el centro de Europa se retiran y se debilitan, esto da lugar a un pasillo para que nuevamente nos visite una masa de aire\u00a0polar\u00a0mar\u00edtimo\u00a0inestable a\u00a0partir de esta tarde, \u00a0que afectara en mayor medida al norte y noreste peninsular. <\/strong><\/p>\n<p><strong>Un frente fr\u00edo ya afecta al norte y noroeste peninsular, dejando \u00a0precipitaciones en el norte.<\/strong><\/p>\n<p><a href=\"https:\/\/blogs.diariosur.es\/tormentas-y-rayos\/2015\/02\/20\/prevision-del-tiempo-fin-de-semana-un-frente-muy-debilitado-cruzara-andalucia-el-sabado-el-terral-de-invierno-y-el-poniente-tomaran-protagonismo\/201502200600_r8pb\/\" rel=\"attachment wp-att-11257\"><img loading=\"lazy\" class=\"aligncenter size-full wp-image-11257\" title=\"201502200600_r8pb\" src=\"\/tormentas-y-rayos\/wp-content\/uploads\/sites\/12\/2015\/02\/201502200600_r8pb.gif\" alt=\"\" width=\"500\" height=\"500\" \/><\/a><\/p>\n<p>&nbsp;<\/p>\n<p>&nbsp;<\/p>\n<p><strong>A ultima hora del\u00a0s\u00e1bado\u00a0se\u00a0formar\u00eda\u00a0una borrasca en el Golfo de Le\u00f3n, que\u00a0traer\u00eda\u00a0por\u00a0en\u00e9sima\u00a0vez un temporal de viento y olas a las Islas Baleares. Os paso una secuencia del mapa de\u00a0superficie del modelo hirlam. Fuente aemet.<\/strong><\/p>\n<p><a href=\"https:\/\/blogs.diariosur.es\/tormentas-y-rayos\/2015\/02\/20\/prevision-del-tiempo-fin-de-semana-un-frente-muy-debilitado-cruzara-andalucia-el-sabado-el-terral-de-invierno-y-el-poniente-tomaran-protagonismo\/z-horz-4\/\" rel=\"attachment wp-att-11250\"><img loading=\"lazy\" class=\"aligncenter size-full wp-image-11250\" title=\"z-horz\" src=\"\/tormentas-y-rayos\/wp-content\/uploads\/sites\/12\/2015\/02\/z-horz1.jpg\" alt=\"\" width=\"638\" height=\"225\" \/><\/a><a href=\"https:\/\/blogs.diariosur.es\/tormentas-y-rayos\/2015\/02\/20\/prevision-del-tiempo-fin-de-semana-un-frente-muy-debilitado-cruzara-andalucia-el-sabado-el-terral-de-invierno-y-el-poniente-tomaran-protagonismo\/z2-horz-2\/\" rel=\"attachment wp-att-11251\"><img loading=\"lazy\" class=\"aligncenter size-full wp-image-11251\" title=\"z2-horz\" src=\"\/tormentas-y-rayos\/wp-content\/uploads\/sites\/12\/2015\/02\/z2-horz.jpg\" alt=\"\" width=\"638\" height=\"237\" \/><\/a><\/p>\n<p>&nbsp;<\/p>\n<p>&nbsp;<\/p>\n<p><strong>En esta imagen del satelite eumetsat\u00a0pod\u00e9is\u00a0ver el frente que ya afecta al norte peninsular y que deja precipitaciones en Galicia y Asturias. Este frente solo\u00a0traer\u00e1\u00a0nubes medias y altas en \u00a0Andaluc\u00eda hoy viernes.<\/strong><\/p>\n<p><a href=\"https:\/\/blogs.diariosur.es\/tormentas-y-rayos\/2015\/02\/20\/prevision-del-tiempo-fin-de-semana-un-frente-muy-debilitado-cruzara-andalucia-el-sabado-el-terral-de-invierno-y-el-poniente-tomaran-protagonismo\/webexterna_colorir87_05-00-4\/\" rel=\"attachment wp-att-11253\"><img loading=\"lazy\" class=\"aligncenter size-medium wp-image-11253\" title=\"webexterna_ColorIR87_[05-00]\" src=\"\/tormentas-y-rayos\/wp-content\/uploads\/sites\/12\/2015\/02\/webexterna_ColorIR87_05-001.jpg\" alt=\"\" width=\"579\" height=\"400\" srcset=\"https:\/\/static-blogs.diariosur.es\/wp-content\/uploads\/sites\/12\/2015\/02\/webexterna_ColorIR87_05-001.jpg 750w, https:\/\/static-blogs.diariosur.es\/wp-content\/uploads\/sites\/12\/2015\/02\/webexterna_ColorIR87_05-001-579x400.jpg 579w\" sizes=\"(max-width: 579px) 100vw, 579px\" \/><\/a><\/p>\n<p>&nbsp;<\/p>\n<p>&nbsp;<\/p>\n<p><strong>Ma\u00f1ana\u00a0s\u00e1bado\u00a0durante la madrugada y primeras horas de la ma\u00f1ana un nuevo frente o linea de\u00a0<\/strong><strong>inestabilidad ( no lo tengo muy claro) dejara alguna precipitaci\u00f3n debil y ocasional en Andaluc\u00eda, siendo mas probables en el interior oriental. No creo que en M\u00e1laga Capital y en la costa se den algunos chubascos. <\/strong><\/p>\n<p><span style=\"color: #ff0000;\"><strong>Lo que si tomara protagonismo nuevamente es el viento de terral de invierno y poniente en el Litoral\u00a0Mediterr\u00e1neo\u00a0Andaluz ma\u00f1ana\u00a0s\u00e1bado\u00a0a partir del mediod\u00eda. Las rachas por la tarde soplaran fuertes en el Mar de Albor\u00e1n, asi que precauci\u00f3n si salis a faenar o de recreo.<\/strong><\/span><\/p>\n<p><a href=\"https:\/\/blogs.diariosur.es\/tormentas-y-rayos\/2015\/02\/20\/prevision-del-tiempo-fin-de-semana-un-frente-muy-debilitado-cruzara-andalucia-el-sabado-el-terral-de-invierno-y-el-poniente-tomaran-protagonismo\/captura-588\/\" rel=\"attachment wp-att-11254\"><img loading=\"lazy\" class=\"aligncenter size-large wp-image-11254\" title=\"Captura\" src=\"\/tormentas-y-rayos\/wp-content\/uploads\/sites\/12\/2015\/02\/Captura12.jpg\" alt=\"\" width=\"602\" height=\"600\" srcset=\"https:\/\/static-blogs.diariosur.es\/wp-content\/uploads\/sites\/12\/2015\/02\/Captura12.jpg 770w, https:\/\/static-blogs.diariosur.es\/wp-content\/uploads\/sites\/12\/2015\/02\/Captura12-150x150.jpg 150w, https:\/\/static-blogs.diariosur.es\/wp-content\/uploads\/sites\/12\/2015\/02\/Captura12-402x400.jpg 402w, https:\/\/static-blogs.diariosur.es\/wp-content\/uploads\/sites\/12\/2015\/02\/Captura12-768x765.jpg 768w\" sizes=\"(max-width: 602px) 100vw, 602px\" \/><\/a><a href=\"https:\/\/blogs.diariosur.es\/tormentas-y-rayos\/2015\/02\/20\/prevision-del-tiempo-fin-de-semana-un-frente-muy-debilitado-cruzara-andalucia-el-sabado-el-terral-de-invierno-y-el-poniente-tomaran-protagonismo\/v-6\/\" rel=\"attachment wp-att-11255\"><img loading=\"lazy\" class=\"aligncenter size-large wp-image-11255\" title=\"v\" src=\"\/tormentas-y-rayos\/wp-content\/uploads\/sites\/12\/2015\/02\/v.jpg\" alt=\"\" width=\"609\" height=\"600\" srcset=\"https:\/\/static-blogs.diariosur.es\/wp-content\/uploads\/sites\/12\/2015\/02\/v.jpg 781w, https:\/\/static-blogs.diariosur.es\/wp-content\/uploads\/sites\/12\/2015\/02\/v-406x400.jpg 406w, https:\/\/static-blogs.diariosur.es\/wp-content\/uploads\/sites\/12\/2015\/02\/v-768x756.jpg 768w\" sizes=\"(max-width: 609px) 100vw, 609px\" \/><\/a><\/p>\n<p>&nbsp;<\/p>\n<p><strong>Muchos me\u00a0hab\u00e9is\u00a0mandado wassap preguntandome si ma\u00f1ana\u00a0har\u00e1\u00a0fr\u00edo, dificil respuesta amigos de la meteo, ya que como todos sabeis el viento puede hacer que tengamos una sensaci\u00f3n termica de mas fr\u00edo.<\/strong><\/p>\n<p><strong>Viendo mapas a 850 hpa ( 1500 m) sobre la vertical de M\u00e1laga la temperatura rondara los 7 grados, con esta temperatura no creo que baje mucho la temperatura. La\u00a0m\u00e1xima\u00a0rondara los 17 grados.<\/strong><\/p>\n<p><strong>Ma\u00f1ana os\u00a0dar\u00e9\u00a0la previsi\u00f3n del tiempo para el domingo. Os dejo con los datos mas destacados de ayer jueves, y con un nuevo fot\u00f3n de mi amiga Valentina Abinanti. Impresionante supercelula que cazo en \u00a0Broadus, Montana. 18 de mayo de 2014.<\/strong><\/p>\n<p>&nbsp;<\/p>\n<p><a href=\"https:\/\/blogs.diariosur.es\/tormentas-y-rayos\/2015\/02\/20\/prevision-del-tiempo-fin-de-semana-un-frente-muy-debilitado-cruzara-andalucia-el-sabado-el-terral-de-invierno-y-el-poniente-tomaran-protagonismo\/valentina-abinanti-5\/\" rel=\"attachment wp-att-11258\"><img loading=\"lazy\" class=\"aligncenter size-full wp-image-11258\" title=\"valentina abinanti\" src=\"\/tormentas-y-rayos\/wp-content\/uploads\/sites\/12\/2015\/02\/valentina-abinanti4.jpg\" alt=\"\" width=\"640\" height=\"426\" srcset=\"https:\/\/static-blogs.diariosur.es\/wp-content\/uploads\/sites\/12\/2015\/02\/valentina-abinanti4.jpg 640w, https:\/\/static-blogs.diariosur.es\/wp-content\/uploads\/sites\/12\/2015\/02\/valentina-abinanti4-601x400.jpg 601w\" sizes=\"(max-width: 640px) 100vw, 640px\" \/><\/a><\/p>\n<p>&nbsp;<\/p>\n<p>&nbsp;<\/p>\n<p>&nbsp;<\/p>\n","protected":false},"excerpt":{"rendered":"<p>&nbsp; &nbsp; &nbsp; &nbsp; &nbsp; Buenos\u00a0d\u00edas\u00a0amigos de la meteo, son las ocho de la ma\u00f1ana, registro 9,5 grados y los cielos andaluces est\u00e1n casi \u00a0despejados, y digo casi porque en el litoral de Almer\u00eda \u00a0que da al levante se registran chubascos. Esto se debe al movimiento de la bolsa de aire fr\u00edo que como todos\u00a0sab\u00e9is\u00a0 [&hellip;]<\/p>\n","protected":false},"author":16,"featured_media":11258,"comment_status":"open","ping_status":"open","sticky":false,"template":"","format":"standard","meta":[],"categories":[2],"tags":[100,412,426,791,809,975,980],"_links":{"self":[{"href":"https:\/\/blogs.diariosur.es\/tormentas-y-rayos\/wp-json\/wp\/v2\/posts\/11249"}],"collection":[{"href":"https:\/\/blogs.diariosur.es\/tormentas-y-rayos\/wp-json\/wp\/v2\/posts"}],"about":[{"href":"https:\/\/blogs.diariosur.es\/tormentas-y-rayos\/wp-json\/wp\/v2\/types\/post"}],"author":[{"embeddable":true,"href":"https:\/\/blogs.diariosur.es\/tormentas-y-rayos\/wp-json\/wp\/v2\/users\/16"}],"replies":[{"embeddable":true,"href":"https:\/\/blogs.diariosur.es\/tormentas-y-rayos\/wp-json\/wp\/v2\/comments?post=11249"}],"version-history":[{"count":0,"href":"https:\/\/blogs.diariosur.es\/tormentas-y-rayos\/wp-json\/wp\/v2\/posts\/11249\/revisions"}],"wp:featuredmedia":[{"embeddable":true,"href":"https:\/\/blogs.diariosur.es\/tormentas-y-rayos\/wp-json\/wp\/v2\/media\/11258"}],"wp:attachment":[{"href":"https:\/\/blogs.diariosur.es\/tormentas-y-rayos\/wp-json\/wp\/v2\/media?parent=11249"}],"wp:term":[{"taxonomy":"category","embeddable":true,"href":"https:\/\/blogs.diariosur.es\/tormentas-y-rayos\/wp-json\/wp\/v2\/categories?post=11249"},{"taxonomy":"post_tag","embeddable":true,"href":"https:\/\/blogs.diariosur.es\/tormentas-y-rayos\/wp-json\/wp\/v2\/tags?post=11249"}],"curies":[{"name":"wp","href":"https:\/\/api.w.org\/{rel}","templated":true}]}}