{"id":11259,"date":"2015-02-21T07:47:44","date_gmt":"2015-02-21T06:47:44","guid":{"rendered":"http:\/\/blogs.diariosur.es\/tormentas-y-rayos\/?p=11259"},"modified":"2015-02-21T07:47:44","modified_gmt":"2015-02-21T06:47:44","slug":"prevision-del-tiempo-andalucia-el-terral-de-invierno-y-el-poniente-tomara-protagonismo-a-partir-del-mediodia-en-el-litoral-mediterraneo-andaluz","status":"publish","type":"post","link":"https:\/\/blogs.diariosur.es\/tormentas-y-rayos\/2015\/02\/21\/prevision-del-tiempo-andalucia-el-terral-de-invierno-y-el-poniente-tomara-protagonismo-a-partir-del-mediodia-en-el-litoral-mediterraneo-andaluz\/","title":{"rendered":"Previsi\u00f3n del tiempo Andaluc\u00eda. El terral de invierno y el poniente tomara protagonismo a partir del mediod\u00eda en el Litoral Mediterr\u00e1neo Andaluz."},"content":{"rendered":"<p>&nbsp;<\/p>\n<p><img loading=\"lazy\" class=\"aligncenter\" src=\"https:\/\/farm3.staticflickr.com\/2898\/14371881571_bbae3518b1_q.jpg\" alt=\"\" width=\"150\" height=\"150\" \/><\/p>\n<p>&nbsp;<\/p>\n<p>&nbsp;<\/p>\n<p>&nbsp;<\/p>\n<p>&nbsp;<\/p>\n<p>&nbsp;<\/p>\n<p><strong>Buenos dias amigos de la meteo, son las siete y media \u00a0de la ma\u00f1ana, registro 11 grados y los cielos andaluces est\u00e1n muy nubosos.\u00a0<\/strong><\/p>\n<p><strong>Antes de nada dar un fuerte abrazo a todos los oyentes de la emisora de Radio Guadalhorce \u00a0FM 103.8 que me siguen desde todos los pueblos de este bonito valle malague\u00f1o. Gracias Ismael.<\/strong><\/p>\n<p>&nbsp;<\/p>\n<p><strong>Se han registrado \u00a0 \u00a0precipitaciones dispersas esta madrugada en Huelva, Sevilla, C\u00f3rdoba, C\u00e1diz y en estos momentos en el interior de la provincia malague\u00f1a. El frente que os comentaba ayer cruza desde esta pasada madrugada Andalucia Occidental. Viendo el radar, me parece que se ha reactibado un poquitin, y ha dejado un poco mas de agua de la que se esperaba. Os paso estas capturas del radar donde lo podeis ver perfectamente. La imagen ultima es de hace pocos minutos del radar de M\u00e1laga. Fuente aemet.<\/strong><\/p>\n<p><a href=\"https:\/\/blogs.diariosur.es\/tormentas-y-rayos\/2015\/02\/21\/prevision-del-tiempo-andalucia-el-terral-de-invierno-y-el-poniente-tomara-protagonismo-a-partir-del-mediodia-en-el-litoral-mediterraneo-andaluz\/primera\/\" rel=\"attachment wp-att-11260\"><img loading=\"lazy\" class=\"aligncenter size-full wp-image-11260\" title=\"primera\" src=\"\/tormentas-y-rayos\/wp-content\/uploads\/sites\/12\/2015\/02\/primera.jpg\" alt=\"\" width=\"638\" height=\"374\" \/><\/a><a href=\"https:\/\/blogs.diariosur.es\/tormentas-y-rayos\/2015\/02\/21\/prevision-del-tiempo-andalucia-el-terral-de-invierno-y-el-poniente-tomara-protagonismo-a-partir-del-mediodia-en-el-litoral-mediterraneo-andaluz\/segunda\/\" rel=\"attachment wp-att-11261\"><img loading=\"lazy\" class=\"aligncenter size-full wp-image-11261\" title=\"segunda\" src=\"\/tormentas-y-rayos\/wp-content\/uploads\/sites\/12\/2015\/02\/segunda.jpg\" alt=\"\" width=\"630\" height=\"374\" \/><\/a><a href=\"https:\/\/blogs.diariosur.es\/tormentas-y-rayos\/2015\/02\/21\/prevision-del-tiempo-andalucia-el-terral-de-invierno-y-el-poniente-tomara-protagonismo-a-partir-del-mediodia-en-el-litoral-mediterraneo-andaluz\/actual-malaga\/\" rel=\"attachment wp-att-11262\"><img loading=\"lazy\" class=\"aligncenter size-medium wp-image-11262\" title=\"actual malaga\" src=\"\/tormentas-y-rayos\/wp-content\/uploads\/sites\/12\/2015\/02\/actual-malaga.jpg\" alt=\"\" width=\"462\" height=\"400\" srcset=\"https:\/\/static-blogs.diariosur.es\/wp-content\/uploads\/sites\/12\/2015\/02\/actual-malaga.jpg 772w, https:\/\/static-blogs.diariosur.es\/wp-content\/uploads\/sites\/12\/2015\/02\/actual-malaga-462x400.jpg 462w, https:\/\/static-blogs.diariosur.es\/wp-content\/uploads\/sites\/12\/2015\/02\/actual-malaga-768x665.jpg 768w\" sizes=\"(max-width: 462px) 100vw, 462px\" \/><\/a><\/p>\n<p><span style=\"color: #ff0000;\"><strong>Asi es la meteo de caprichosa amigos, espero que en la Capital Malague\u00f1a no caiga nada, si no me cuelgan jijij. Hay un cumplea\u00f1os y una boda sobre el mediod\u00eda de unos seguidores del blog.<\/strong><\/span><\/p>\n<p>&nbsp;<\/p>\n<p><strong>En estos momentos cuando son las ocho de la ma\u00f1ana caen gotas en la Capital Malague\u00f1a y sobre todo por los montes. Aunque no creo que vaya a mas y se quite dentro de un rato.<\/strong><\/p>\n<p>&nbsp;<\/p>\n<p><a href=\"https:\/\/blogs.diariosur.es\/tormentas-y-rayos\/2015\/02\/21\/prevision-del-tiempo-andalucia-el-terral-de-invierno-y-el-poniente-tomara-protagonismo-a-partir-del-mediodia-en-el-litoral-mediterraneo-andaluz\/_dsc7431\/\" rel=\"attachment wp-att-11266\"><img loading=\"lazy\" class=\"aligncenter size-full wp-image-11266\" title=\"_DSC7431\" src=\"\/tormentas-y-rayos\/wp-content\/uploads\/sites\/12\/2015\/02\/DSC7431.jpg\" alt=\"\" width=\"640\" height=\"427\" srcset=\"https:\/\/static-blogs.diariosur.es\/wp-content\/uploads\/sites\/12\/2015\/02\/DSC7431.jpg 640w, https:\/\/static-blogs.diariosur.es\/wp-content\/uploads\/sites\/12\/2015\/02\/DSC7431-600x400.jpg 600w\" sizes=\"(max-width: 640px) 100vw, 640px\" \/><\/a><\/p>\n<p>&nbsp;<\/p>\n<p>&nbsp;<\/p>\n<p>&nbsp;<\/p>\n<p><strong>Se forma un peque\u00f1o arcoiris.<\/strong><\/p>\n<p>&nbsp;<\/p>\n<p><a href=\"https:\/\/blogs.diariosur.es\/tormentas-y-rayos\/2015\/02\/21\/prevision-del-tiempo-andalucia-el-terral-de-invierno-y-el-poniente-tomara-protagonismo-a-partir-del-mediodia-en-el-litoral-mediterraneo-andaluz\/_dsc7437\/\" rel=\"attachment wp-att-11267\"><img loading=\"lazy\" class=\"aligncenter size-full wp-image-11267\" title=\"_DSC7437\" src=\"\/tormentas-y-rayos\/wp-content\/uploads\/sites\/12\/2015\/02\/DSC7437.jpg\" alt=\"\" width=\"640\" height=\"427\" srcset=\"https:\/\/static-blogs.diariosur.es\/wp-content\/uploads\/sites\/12\/2015\/02\/DSC7437.jpg 640w, https:\/\/static-blogs.diariosur.es\/wp-content\/uploads\/sites\/12\/2015\/02\/DSC7437-600x400.jpg 600w\" sizes=\"(max-width: 640px) 100vw, 640px\" \/><\/a><\/p>\n<p>&nbsp;<\/p>\n<p>&nbsp;<\/p>\n<p><strong>Una vez pase el frente tomara protagonismo el viento a partir del mediod\u00eda, \u00a0soplara fuerte en todo el Litoral\u00a0Mediterr\u00e1neo\u00a0Andaluz, en la zona del Mar del Albor\u00e1n las rachas\u00a0ser\u00e1n\u00a0mas fuertes, asi como en Almer\u00eda y Melilla donde se ha activado el aviso amarillo. La maxima hoy en M\u00e1laga rondara los 16 o 17 \u00a0grados.\u00a0<\/strong><\/p>\n<p><a href=\"https:\/\/blogs.diariosur.es\/tormentas-y-rayos\/2015\/02\/21\/prevision-del-tiempo-andalucia-el-terral-de-invierno-y-el-poniente-tomara-protagonismo-a-partir-del-mediodia-en-el-litoral-mediterraneo-andaluz\/rachas-sabado\/\" rel=\"attachment wp-att-11263\"><img loading=\"lazy\" class=\"aligncenter size-large wp-image-11263\" title=\"rachas sabado\" src=\"\/tormentas-y-rayos\/wp-content\/uploads\/sites\/12\/2015\/02\/rachas-sabado.jpg\" alt=\"\" width=\"601\" height=\"600\" srcset=\"https:\/\/static-blogs.diariosur.es\/wp-content\/uploads\/sites\/12\/2015\/02\/rachas-sabado.jpg 781w, https:\/\/static-blogs.diariosur.es\/wp-content\/uploads\/sites\/12\/2015\/02\/rachas-sabado-150x150.jpg 150w, https:\/\/static-blogs.diariosur.es\/wp-content\/uploads\/sites\/12\/2015\/02\/rachas-sabado-401x400.jpg 401w, https:\/\/static-blogs.diariosur.es\/wp-content\/uploads\/sites\/12\/2015\/02\/rachas-sabado-768x766.jpg 768w\" sizes=\"(max-width: 601px) 100vw, 601px\" \/><\/a><\/p>\n<p>&nbsp;<\/p>\n<p><strong>Ma\u00f1ana domingo\u00a0seguir\u00e1 soplando\u00a0\u00a0el terral de invierno y el poniente un poco mas flojo, los cielos\u00a0estar\u00e1n\u00a0despejados. El lunes nuevamente\u00a0tomar\u00eda\u00a0protagonismo. La maxima en M\u00e1laga Capital ma\u00f1ana domingo\u00a0rondara los 18 o 19 grados.\u00a0<\/strong><\/p>\n<p><strong>Poco mas que contar, os dejo con estos impresionantes mamamatus cazados en\u00a0Sud\u00e1frica por el fot\u00f3grafo\u00a0Dave Ross.<\/strong><\/p>\n<p>&nbsp;<\/p>\n<p><a href=\"https:\/\/blogs.diariosur.es\/tormentas-y-rayos\/2015\/02\/21\/prevision-del-tiempo-andalucia-el-terral-de-invierno-y-el-poniente-tomara-protagonismo-a-partir-del-mediodia-en-el-litoral-mediterraneo-andaluz\/dave-ross\/\" rel=\"attachment wp-att-11264\"><img loading=\"lazy\" class=\"aligncenter size-medium wp-image-11264\" title=\"DAVE ROSS\" src=\"\/tormentas-y-rayos\/wp-content\/uploads\/sites\/12\/2015\/02\/DAVE-ROSS.jpg\" alt=\"\" width=\"600\" height=\"400\" srcset=\"https:\/\/static-blogs.diariosur.es\/wp-content\/uploads\/sites\/12\/2015\/02\/DAVE-ROSS.jpg 1200w, https:\/\/static-blogs.diariosur.es\/wp-content\/uploads\/sites\/12\/2015\/02\/DAVE-ROSS-600x400.jpg 600w, https:\/\/static-blogs.diariosur.es\/wp-content\/uploads\/sites\/12\/2015\/02\/DAVE-ROSS-768x512.jpg 768w\" sizes=\"(max-width: 600px) 100vw, 600px\" \/><\/a><\/p>\n<p>&nbsp;<\/p>\n","protected":false},"excerpt":{"rendered":"<p>&nbsp; &nbsp; &nbsp; &nbsp; &nbsp; &nbsp; Buenos dias amigos de la meteo, son las siete y media \u00a0de la ma\u00f1ana, registro 11 grados y los cielos andaluces est\u00e1n muy nubosos.\u00a0 Antes de nada dar un fuerte abrazo a todos los oyentes de la emisora de Radio Guadalhorce \u00a0FM 103.8 que me siguen desde todos los [&hellip;]<\/p>\n","protected":false},"author":16,"featured_media":11264,"comment_status":"open","ping_status":"open","sticky":false,"template":"","format":"standard","meta":[],"categories":[2],"tags":[100,517,791,809,975,980],"_links":{"self":[{"href":"https:\/\/blogs.diariosur.es\/tormentas-y-rayos\/wp-json\/wp\/v2\/posts\/11259"}],"collection":[{"href":"https:\/\/blogs.diariosur.es\/tormentas-y-rayos\/wp-json\/wp\/v2\/posts"}],"about":[{"href":"https:\/\/blogs.diariosur.es\/tormentas-y-rayos\/wp-json\/wp\/v2\/types\/post"}],"author":[{"embeddable":true,"href":"https:\/\/blogs.diariosur.es\/tormentas-y-rayos\/wp-json\/wp\/v2\/users\/16"}],"replies":[{"embeddable":true,"href":"https:\/\/blogs.diariosur.es\/tormentas-y-rayos\/wp-json\/wp\/v2\/comments?post=11259"}],"version-history":[{"count":0,"href":"https:\/\/blogs.diariosur.es\/tormentas-y-rayos\/wp-json\/wp\/v2\/posts\/11259\/revisions"}],"wp:featuredmedia":[{"embeddable":true,"href":"https:\/\/blogs.diariosur.es\/tormentas-y-rayos\/wp-json\/wp\/v2\/media\/11264"}],"wp:attachment":[{"href":"https:\/\/blogs.diariosur.es\/tormentas-y-rayos\/wp-json\/wp\/v2\/media?parent=11259"}],"wp:term":[{"taxonomy":"category","embeddable":true,"href":"https:\/\/blogs.diariosur.es\/tormentas-y-rayos\/wp-json\/wp\/v2\/categories?post=11259"},{"taxonomy":"post_tag","embeddable":true,"href":"https:\/\/blogs.diariosur.es\/tormentas-y-rayos\/wp-json\/wp\/v2\/tags?post=11259"}],"curies":[{"name":"wp","href":"https:\/\/api.w.org\/{rel}","templated":true}]}}