{"id":11268,"date":"2015-02-23T08:49:04","date_gmt":"2015-02-23T07:49:04","guid":{"rendered":"http:\/\/blogs.diariosur.es\/tormentas-y-rayos\/?p=11268"},"modified":"2015-02-23T08:49:04","modified_gmt":"2015-02-23T07:49:04","slug":"prevision-del-tiempo-andalucia-aviso-amarillo-por-viento-y-olas-en-la-costa-granadina-y-almeriense-manana-en-la-axarquia-malaguena-malaga-puede-sobrepasar-los-22-grados-hoy","status":"publish","type":"post","link":"https:\/\/blogs.diariosur.es\/tormentas-y-rayos\/2015\/02\/23\/prevision-del-tiempo-andalucia-aviso-amarillo-por-viento-y-olas-en-la-costa-granadina-y-almeriense-manana-en-la-axarquia-malaguena-malaga-puede-sobrepasar-los-22-grados-hoy\/","title":{"rendered":"Previsi\u00f3n del tiempo Andaluc\u00eda. Aviso amarillo por viento y olas en la Costa Granadina y Almeriense. Ma\u00f1ana en la Axarqu\u00eda Malague\u00f1a. M\u00e1laga puede sobrepasar los 22 grados hoy."},"content":{"rendered":"<p><img loading=\"lazy\" class=\"aligncenter\" src=\"https:\/\/farm8.staticflickr.com\/7336\/16182814178_4cf0d6f219_q.jpg\" alt=\"\" width=\"150\" height=\"150\" \/><\/p>\n<p>&nbsp;<\/p>\n<p>&nbsp;<\/p>\n<p>&nbsp;<\/p>\n<p>&nbsp;<\/p>\n<p>&nbsp;<\/p>\n<p>&nbsp;<\/p>\n<p><strong>Buenos dias amigos de la meteo, son las ocho de la ma\u00f1ana, registro 13.3 grados en M\u00e1laga Capital \u00a0y los cielos de toda la Comunidad Andaluza est\u00e1n poco nubosos. La lluvia, el viento y las nevadas por\u00a0en\u00e9sima\u00a0vez, son\u00a0las protagonistas en el norte peninsular en estos momentos.<\/strong><\/p>\n<p><span style=\"color: #ff0000;\"><strong>El terral de invierno y el poniente ser\u00e1n los protagonistas en el Litoral Mediterr\u00e1neo Andaluz tanto hoy como ma\u00f1ana martes. La\u00a0m\u00e1xima\u00a0en M\u00e1laga Capital y zonas expuestas al terral pueden sobrepasar los 22 grados hoy. \u00a0La temperatura en estos momentos a 850 hpa ( 1500 m) ronda los 8 grados.<\/strong><\/span><\/p>\n<p><strong>De momento el aviso amarillo por viento y\u00a0fen\u00f3menos\u00a0costeros est\u00e1, activados en la Costa Granadina, \u00a0interior y costa de Almer\u00eda y como no Melilla.<\/strong><\/p>\n<p><a href=\"https:\/\/blogs.diariosur.es\/tormentas-y-rayos\/2015\/02\/23\/prevision-del-tiempo-andalucia-aviso-amarillo-por-viento-y-olas-en-la-costa-granadina-y-almeriense-manana-en-la-axarquia-malaguena-malaga-puede-sobrepasar-los-22-grados-hoy\/20150223065000_avi_hoy_ccaa61\/\" rel=\"attachment wp-att-11277\"><img loading=\"lazy\" class=\"aligncenter size-full wp-image-11277\" title=\"20150223065000_avi_hoy_ccaa61\" src=\"\/tormentas-y-rayos\/wp-content\/uploads\/sites\/12\/2015\/02\/20150223065000_avi_hoy_ccaa61.png\" alt=\"\" width=\"500\" height=\"334\" \/><\/a><\/p>\n<p>&nbsp;<\/p>\n<p><strong>Ma\u00f1ana martes el aviso por viento se ampliara a la Axarqu\u00eda Malague\u00f1a.<\/strong><\/p>\n<p>&nbsp;<\/p>\n<p><a href=\"https:\/\/blogs.diariosur.es\/tormentas-y-rayos\/2015\/02\/23\/prevision-del-tiempo-andalucia-aviso-amarillo-por-viento-y-olas-en-la-costa-granadina-y-almeriense-manana-en-la-axarquia-malaguena-malaga-puede-sobrepasar-los-22-grados-hoy\/20150223065000_avi_mna_ccaa61\/\" rel=\"attachment wp-att-11278\"><img loading=\"lazy\" class=\"aligncenter size-full wp-image-11278\" title=\"20150223065000_avi_mna_ccaa61\" src=\"\/tormentas-y-rayos\/wp-content\/uploads\/sites\/12\/2015\/02\/20150223065000_avi_mna_ccaa61.png\" alt=\"\" width=\"500\" height=\"334\" \/><\/a><\/p>\n<p>&nbsp;<\/p>\n<p>&nbsp;<\/p>\n<p><strong>Pero en donde si sera protagonista el viento y las olas es en Norte Peninsular, y no solo eso, tambi\u00e9n la nieve\u00a0volver\u00e1\u00a0a caer en cotas bajas. <\/strong><\/p>\n<p><strong>Una potentisima \u00a0borrasca ( <span style=\"color: #ff0000;\">955 hp<\/span>) esta situada en estos momentos cerca de las Islas\u00a0Brit\u00e1nicas, la mar de fondo que generara sus fuertes vientos \u00a0 llegaran ma\u00f1ana al norte peninsular y Galicia. Por este motivo la Aemet ha activado el aviso rojo por\u00a0olas que pueden llegar a los 8 metros ma\u00f1ana martes.<\/strong><\/p>\n<p>&nbsp;<\/p>\n<p><a href=\"https:\/\/blogs.diariosur.es\/tormentas-y-rayos\/2015\/02\/23\/prevision-del-tiempo-andalucia-aviso-amarillo-por-viento-y-olas-en-la-costa-granadina-y-almeriense-manana-en-la-axarquia-malaguena-malaga-puede-sobrepasar-los-22-grados-hoy\/webexterna_ir87_06-45-3\/\" rel=\"attachment wp-att-11282\"><img loading=\"lazy\" class=\"aligncenter size-medium wp-image-11282\" title=\"webexterna_IR87_[06-45]\" src=\"\/tormentas-y-rayos\/wp-content\/uploads\/sites\/12\/2015\/02\/webexterna_IR87_06-45.jpg\" alt=\"\" width=\"579\" height=\"400\" srcset=\"https:\/\/static-blogs.diariosur.es\/wp-content\/uploads\/sites\/12\/2015\/02\/webexterna_IR87_06-45.jpg 750w, https:\/\/static-blogs.diariosur.es\/wp-content\/uploads\/sites\/12\/2015\/02\/webexterna_IR87_06-45-579x400.jpg 579w\" sizes=\"(max-width: 579px) 100vw, 579px\" \/><\/a><\/p>\n<p>&nbsp;<\/p>\n<p>&nbsp;<\/p>\n<p>&nbsp;<\/p>\n<p>&nbsp;<\/p>\n<p><a href=\"https:\/\/blogs.diariosur.es\/tormentas-y-rayos\/2015\/02\/23\/prevision-del-tiempo-andalucia-aviso-amarillo-por-viento-y-olas-en-la-costa-granadina-y-almeriense-manana-en-la-axarquia-malaguena-malaga-puede-sobrepasar-los-22-grados-hoy\/1-105\/\" rel=\"attachment wp-att-11279\"><img loading=\"lazy\" class=\"aligncenter size-medium wp-image-11279\" title=\"1\" src=\"\/tormentas-y-rayos\/wp-content\/uploads\/sites\/12\/2015\/02\/1.jpg\" alt=\"\" width=\"600\" height=\"372\" srcset=\"https:\/\/static-blogs.diariosur.es\/wp-content\/uploads\/sites\/12\/2015\/02\/1.jpg 777w, https:\/\/static-blogs.diariosur.es\/wp-content\/uploads\/sites\/12\/2015\/02\/1-640x397.jpg 640w, https:\/\/static-blogs.diariosur.es\/wp-content\/uploads\/sites\/12\/2015\/02\/1-768x476.jpg 768w\" sizes=\"(max-width: 600px) 100vw, 600px\" \/><\/a><\/p>\n<p>&nbsp;<\/p>\n<p><a href=\"https:\/\/blogs.diariosur.es\/tormentas-y-rayos\/2015\/02\/23\/prevision-del-tiempo-andalucia-aviso-amarillo-por-viento-y-olas-en-la-costa-granadina-y-almeriense-manana-en-la-axarquia-malaguena-malaga-puede-sobrepasar-los-22-grados-hoy\/20150223065000_avi_mna\/\" rel=\"attachment wp-att-11280\"><img loading=\"lazy\" class=\"aligncenter size-full wp-image-11280\" title=\"20150223065000_avi_mna\" src=\"\/tormentas-y-rayos\/wp-content\/uploads\/sites\/12\/2015\/02\/20150223065000_avi_mna.png\" alt=\"\" width=\"500\" height=\"334\" \/><\/a><\/p>\n<p>&nbsp;<\/p>\n<p><strong>Esta potente borrasca trae consigo una masa de aire polar\u00a0mar\u00edtimo\u00a0inestable, que afectara en mayor medida desde hoy y hasta el \u00a0miercoles al norte peninsular. Como os comentaba antes, \u00a0las nevadas\u00a0volver\u00e1n\u00a0a ser\u00a0protagonistas en el\u00a0interior\u00a0del norte peninsular. Os paso estos dos mapas de temperatura a 850 hpa ( 1500 m).<\/strong><\/p>\n<p><a href=\"https:\/\/blogs.diariosur.es\/tormentas-y-rayos\/2015\/02\/23\/prevision-del-tiempo-andalucia-aviso-amarillo-por-viento-y-olas-en-la-costa-granadina-y-almeriense-manana-en-la-axarquia-malaguena-malaga-puede-sobrepasar-los-22-grados-hoy\/z-horz-5\/\" rel=\"attachment wp-att-11281\"><img loading=\"lazy\" class=\"aligncenter size-full wp-image-11281\" title=\"z-horz\" src=\"\/tormentas-y-rayos\/wp-content\/uploads\/sites\/12\/2015\/02\/z-horz2.jpg\" alt=\"\" width=\"638\" height=\"224\" \/><\/a><\/p>\n<p>&nbsp;<\/p>\n<p>&nbsp;<\/p>\n<p><strong>Os dejo con estos fotones que me\u00a0hab\u00e9is\u00a0mandado. Son del\u00a0s\u00e1bado cuando nos cruzo el frente que dejo algunas gotas. Muchas gracias son preciosas.<\/strong><\/p>\n<p>&nbsp;<\/p>\n<p><strong>Ana Gonfer<\/strong><\/p>\n<p>&nbsp;<\/p>\n<p>&nbsp;<\/p>\n<p>&nbsp;<\/p>\n<p><a href=\"https:\/\/blogs.diariosur.es\/tormentas-y-rayos\/2015\/02\/23\/prevision-del-tiempo-andalucia-aviso-amarillo-por-viento-y-olas-en-la-costa-granadina-y-almeriense-manana-en-la-axarquia-malaguena-malaga-puede-sobrepasar-los-22-grados-hoy\/ana-gonfer-7\/\" rel=\"attachment wp-att-11269\"><img loading=\"lazy\" class=\"aligncenter size-full wp-image-11269\" title=\"ana gonfer\" src=\"\/tormentas-y-rayos\/wp-content\/uploads\/sites\/12\/2015\/02\/ana-gonfer2.jpg\" alt=\"\" width=\"640\" height=\"360\" \/><\/a><\/p>\n<p>&nbsp;<\/p>\n<p>&nbsp;<\/p>\n<p><strong>Juan Antonio Espejo<\/strong><\/p>\n<p><a href=\"https:\/\/blogs.diariosur.es\/tormentas-y-rayos\/2015\/02\/23\/prevision-del-tiempo-andalucia-aviso-amarillo-por-viento-y-olas-en-la-costa-granadina-y-almeriense-manana-en-la-axarquia-malaguena-malaga-puede-sobrepasar-los-22-grados-hoy\/juan-antonio-espejo-4\/\" rel=\"attachment wp-att-11270\"><img loading=\"lazy\" class=\"aligncenter size-full wp-image-11270\" title=\"juan antonio espejo\" src=\"\/tormentas-y-rayos\/wp-content\/uploads\/sites\/12\/2015\/02\/juan-antonio-espejo.jpg\" alt=\"\" width=\"640\" height=\"360\" \/><\/a><\/p>\n<p>&nbsp;<\/p>\n<p><strong>Juan Canales Carrasco<\/strong><\/p>\n<p><a href=\"https:\/\/blogs.diariosur.es\/tormentas-y-rayos\/2015\/02\/23\/prevision-del-tiempo-andalucia-aviso-amarillo-por-viento-y-olas-en-la-costa-granadina-y-almeriense-manana-en-la-axarquia-malaguena-malaga-puede-sobrepasar-los-22-grados-hoy\/juan-canales-carrasco-2\/\" rel=\"attachment wp-att-11271\"><img loading=\"lazy\" class=\"aligncenter size-full wp-image-11271\" title=\"juan canales carrasco\" src=\"\/tormentas-y-rayos\/wp-content\/uploads\/sites\/12\/2015\/02\/juan-canales-carrasco.jpg\" alt=\"\" width=\"640\" height=\"480\" srcset=\"https:\/\/static-blogs.diariosur.es\/wp-content\/uploads\/sites\/12\/2015\/02\/juan-canales-carrasco.jpg 640w, https:\/\/static-blogs.diariosur.es\/wp-content\/uploads\/sites\/12\/2015\/02\/juan-canales-carrasco-533x400.jpg 533w\" sizes=\"(max-width: 640px) 100vw, 640px\" \/><\/a><\/p>\n<p>&nbsp;<\/p>\n<p><strong>To\u00f1i O\u00f1a\u00a0<\/strong><\/p>\n<p><a href=\"https:\/\/blogs.diariosur.es\/tormentas-y-rayos\/2015\/02\/23\/prevision-del-tiempo-andalucia-aviso-amarillo-por-viento-y-olas-en-la-costa-granadina-y-almeriense-manana-en-la-axarquia-malaguena-malaga-puede-sobrepasar-los-22-grados-hoy\/toni-ona-3\/\" rel=\"attachment wp-att-11272\"><img loading=\"lazy\" class=\"aligncenter size-full wp-image-11272\" title=\"to\u00f1i o\u00f1a\" src=\"\/tormentas-y-rayos\/wp-content\/uploads\/sites\/12\/2015\/02\/to\u00f1i-o\u00f1a.jpg\" alt=\"\" width=\"450\" height=\"600\" srcset=\"https:\/\/static-blogs.diariosur.es\/wp-content\/uploads\/sites\/12\/2015\/02\/to\u00f1i-o\u00f1a.jpg 450w, https:\/\/static-blogs.diariosur.es\/wp-content\/uploads\/sites\/12\/2015\/02\/to\u00f1i-o\u00f1a-300x400.jpg 300w\" sizes=\"(max-width: 450px) 100vw, 450px\" \/><\/a><\/p>\n<p>&nbsp;<\/p>\n<p>&nbsp;<\/p>\n<p><strong>Francisco Jose Rubio. Escarcha en la Roda de Andaluc\u00eda.<\/strong><\/p>\n<p><a href=\"https:\/\/blogs.diariosur.es\/tormentas-y-rayos\/2015\/02\/23\/prevision-del-tiempo-andalucia-aviso-amarillo-por-viento-y-olas-en-la-costa-granadina-y-almeriense-manana-en-la-axarquia-malaguena-malaga-puede-sobrepasar-los-22-grados-hoy\/francisco-jose-rubio\/\" rel=\"attachment wp-att-11275\"><img loading=\"lazy\" class=\"aligncenter size-full wp-image-11275\" title=\"francisco jose rubio\" src=\"\/tormentas-y-rayos\/wp-content\/uploads\/sites\/12\/2015\/02\/francisco-jose-rubio.jpg\" alt=\"\" width=\"640\" height=\"427\" srcset=\"https:\/\/static-blogs.diariosur.es\/wp-content\/uploads\/sites\/12\/2015\/02\/francisco-jose-rubio.jpg 640w, https:\/\/static-blogs.diariosur.es\/wp-content\/uploads\/sites\/12\/2015\/02\/francisco-jose-rubio-600x400.jpg 600w\" sizes=\"(max-width: 640px) 100vw, 640px\" \/><\/a><\/p>\n<p>&nbsp;<\/p>\n<p>&nbsp;<\/p>\n<p>&nbsp;<\/p>\n<p><strong>Sandra\u00a0<\/strong><strong>Rodriguez desde Colmenar<\/strong><\/p>\n<p>&nbsp;<\/p>\n<p><a href=\"https:\/\/blogs.diariosur.es\/tormentas-y-rayos\/2015\/02\/23\/prevision-del-tiempo-andalucia-aviso-amarillo-por-viento-y-olas-en-la-costa-granadina-y-almeriense-manana-en-la-axarquia-malaguena-malaga-puede-sobrepasar-los-22-grados-hoy\/sandra-rodriguez\/\" rel=\"attachment wp-att-11276\"><img loading=\"lazy\" class=\"aligncenter size-full wp-image-11276\" title=\"sandra rodriguez\" src=\"\/tormentas-y-rayos\/wp-content\/uploads\/sites\/12\/2015\/02\/sandra-rodriguez.jpg\" alt=\"\" width=\"640\" height=\"360\" \/><\/a><\/p>\n<p>&nbsp;<\/p>\n<p>&nbsp;<\/p>\n<p><strong>Y por ultimo os pongo una\u00a0m\u00eda\u00a0tirada desde la terraza.\u00a0<\/strong><\/p>\n<p>&nbsp;<\/p>\n<p>&nbsp;<\/p>\n<p><a href=\"https:\/\/blogs.diariosur.es\/tormentas-y-rayos\/2015\/02\/23\/prevision-del-tiempo-andalucia-aviso-amarillo-por-viento-y-olas-en-la-costa-granadina-y-almeriense-manana-en-la-axarquia-malaguena-malaga-puede-sobrepasar-los-22-grados-hoy\/jose-2\/\" rel=\"attachment wp-att-11273\"><img loading=\"lazy\" class=\"aligncenter size-full wp-image-11273\" title=\"jose\" src=\"\/tormentas-y-rayos\/wp-content\/uploads\/sites\/12\/2015\/02\/jose.jpg\" alt=\"\" width=\"640\" height=\"427\" srcset=\"https:\/\/static-blogs.diariosur.es\/wp-content\/uploads\/sites\/12\/2015\/02\/jose.jpg 640w, https:\/\/static-blogs.diariosur.es\/wp-content\/uploads\/sites\/12\/2015\/02\/jose-600x400.jpg 600w\" sizes=\"(max-width: 640px) 100vw, 640px\" \/><\/a><\/p>\n<p>&nbsp;<\/p>\n<p>&nbsp;<\/p>\n","protected":false},"excerpt":{"rendered":"<p>&nbsp; &nbsp; &nbsp; &nbsp; &nbsp; &nbsp; Buenos dias amigos de la meteo, son las ocho de la ma\u00f1ana, registro 13.3 grados en M\u00e1laga Capital \u00a0y los cielos de toda la Comunidad Andaluza est\u00e1n poco nubosos. La lluvia, el viento y las nevadas por\u00a0en\u00e9sima\u00a0vez, son\u00a0las protagonistas en el norte peninsular en estos momentos. El terral de [&hellip;]<\/p>\n","protected":false},"author":16,"featured_media":11283,"comment_status":"open","ping_status":"open","sticky":false,"template":"","format":"standard","meta":[],"categories":[2],"tags":[94,151,809,980,1059],"_links":{"self":[{"href":"https:\/\/blogs.diariosur.es\/tormentas-y-rayos\/wp-json\/wp\/v2\/posts\/11268"}],"collection":[{"href":"https:\/\/blogs.diariosur.es\/tormentas-y-rayos\/wp-json\/wp\/v2\/posts"}],"about":[{"href":"https:\/\/blogs.diariosur.es\/tormentas-y-rayos\/wp-json\/wp\/v2\/types\/post"}],"author":[{"embeddable":true,"href":"https:\/\/blogs.diariosur.es\/tormentas-y-rayos\/wp-json\/wp\/v2\/users\/16"}],"replies":[{"embeddable":true,"href":"https:\/\/blogs.diariosur.es\/tormentas-y-rayos\/wp-json\/wp\/v2\/comments?post=11268"}],"version-history":[{"count":0,"href":"https:\/\/blogs.diariosur.es\/tormentas-y-rayos\/wp-json\/wp\/v2\/posts\/11268\/revisions"}],"wp:featuredmedia":[{"embeddable":true,"href":"https:\/\/blogs.diariosur.es\/tormentas-y-rayos\/wp-json\/wp\/v2\/media\/11283"}],"wp:attachment":[{"href":"https:\/\/blogs.diariosur.es\/tormentas-y-rayos\/wp-json\/wp\/v2\/media?parent=11268"}],"wp:term":[{"taxonomy":"category","embeddable":true,"href":"https:\/\/blogs.diariosur.es\/tormentas-y-rayos\/wp-json\/wp\/v2\/categories?post=11268"},{"taxonomy":"post_tag","embeddable":true,"href":"https:\/\/blogs.diariosur.es\/tormentas-y-rayos\/wp-json\/wp\/v2\/tags?post=11268"}],"curies":[{"name":"wp","href":"https:\/\/api.w.org\/{rel}","templated":true}]}}