{"id":11286,"date":"2015-02-25T07:48:16","date_gmt":"2015-02-25T06:48:16","guid":{"rendered":"http:\/\/blogs.diariosur.es\/tormentas-y-rayos\/?p=11286"},"modified":"2015-02-25T07:48:16","modified_gmt":"2015-02-25T06:48:16","slug":"prevision-del-tiempo-andalucia-el-viento-seguira-de-protagonista-las-temperaturas-maximas-iran-subiendo-en-toda-andalucia","status":"publish","type":"post","link":"https:\/\/blogs.diariosur.es\/tormentas-y-rayos\/2015\/02\/25\/prevision-del-tiempo-andalucia-el-viento-seguira-de-protagonista-las-temperaturas-maximas-iran-subiendo-en-toda-andalucia\/","title":{"rendered":"Previsi\u00f3n del tiempo Andaluc\u00eda. El viento seguir\u00e1 de protagonista. Las temperaturas m\u00e1ximas ir\u00e1n subiendo en toda Andaluc\u00eda."},"content":{"rendered":"<p><img loading=\"lazy\" class=\"aligncenter\" src=\"https:\/\/farm3.staticflickr.com\/2898\/14371881571_bbae3518b1_q.jpg\" alt=\"\" width=\"150\" height=\"150\" \/><\/p>\n<p>&nbsp;<\/p>\n<p>&nbsp;<\/p>\n<p>&nbsp;<\/p>\n<p>&nbsp;<\/p>\n<p>&nbsp;<\/p>\n<p>&nbsp;<\/p>\n<p><strong>Buenos dias amigos de la meteo, son las siete y media de la ma\u00f1ana, registro 12 grados y los cielos malague\u00f1os est\u00e1n despejados. En nuestra Comunidad Andaluza \u00a0hay nubes altas en toda la provincia de Almer\u00eda, y parte de Ja\u00e9n , en el resto est\u00e1n despejados, salvo\u00a0alg\u00fan\u00a0banco de niebla.<\/strong><\/p>\n<p><strong> Os paso esta bonita imagen de hace pocos minutos del\u00a0sat\u00e9lite\u00a0eumetsat. En ella\u00a0pod\u00e9is\u00a0ver esas nubes tipo alto que cubren los cielos\u00a0almerienses, \u00a0y que llegan hasta\u00a0Barcelona. Fuente Meteogalicia<\/strong><\/p>\n<p>&nbsp;<\/p>\n<p><a href=\"https:\/\/blogs.diariosur.es\/tormentas-y-rayos\/2015\/02\/25\/prevision-del-tiempo-andalucia-el-viento-seguira-de-protagonista-las-temperaturas-maximas-iran-subiendo-en-toda-andalucia\/webexterna_colorir87_05-45-5\/\" rel=\"attachment wp-att-11287\"><img loading=\"lazy\" class=\"aligncenter size-medium wp-image-11287\" title=\"webexterna_ColorIR87_[05-45]\" src=\"\/tormentas-y-rayos\/wp-content\/uploads\/sites\/12\/2015\/02\/webexterna_ColorIR87_05-45.jpg\" alt=\"\" width=\"579\" height=\"400\" srcset=\"https:\/\/static-blogs.diariosur.es\/wp-content\/uploads\/sites\/12\/2015\/02\/webexterna_ColorIR87_05-45.jpg 750w, https:\/\/static-blogs.diariosur.es\/wp-content\/uploads\/sites\/12\/2015\/02\/webexterna_ColorIR87_05-45-579x400.jpg 579w\" sizes=\"(max-width: 579px) 100vw, 579px\" \/><\/a><\/p>\n<p>&nbsp;<\/p>\n<p><strong>Tanto hoy como hasta el viernes, el viento de terral de invierno\u00a0seguir\u00e1\u00a0de protagonista en todo el Litoral\u00a0Mediterr\u00e1neo\u00a0Andaluz. El potente anticicl\u00f3n centrado en las Islas Azores y la borrasca del mediterraneo cercana a Italia,\u00a0har\u00e1\u00a0que sigamos aguantando este viento malague\u00f1o, menos mal que no estamos en verano.<\/strong><\/p>\n<p>&nbsp;<\/p>\n<p><strong>Fuente Meteociel.<\/strong><\/p>\n<p>&nbsp;<\/p>\n<p><a href=\"https:\/\/blogs.diariosur.es\/tormentas-y-rayos\/2015\/02\/25\/prevision-del-tiempo-andalucia-el-viento-seguira-de-protagonista-las-temperaturas-maximas-iran-subiendo-en-toda-andalucia\/miercoles-7\/\" rel=\"attachment wp-att-11288\"><img loading=\"lazy\" class=\"aligncenter size-medium wp-image-11288\" title=\"miercoles\" src=\"\/tormentas-y-rayos\/wp-content\/uploads\/sites\/12\/2015\/02\/miercoles.jpg\" alt=\"\" width=\"588\" height=\"400\" srcset=\"https:\/\/static-blogs.diariosur.es\/wp-content\/uploads\/sites\/12\/2015\/02\/miercoles.jpg 772w, https:\/\/static-blogs.diariosur.es\/wp-content\/uploads\/sites\/12\/2015\/02\/miercoles-588x400.jpg 588w, https:\/\/static-blogs.diariosur.es\/wp-content\/uploads\/sites\/12\/2015\/02\/miercoles-768x522.jpg 768w\" sizes=\"(max-width: 588px) 100vw, 588px\" \/><\/a><\/p>\n<p>&nbsp;<\/p>\n<p>&nbsp;<\/p>\n<p><strong>La buena noticia para la gran mayor\u00eda\u00a0de vosotros \u00a0es que las\u00a0m\u00e1ximas\u00a0a partir de ma\u00f1ana jueves\u00a0subir\u00e1n\u00a0en toda\u00a0<\/strong><strong>Andaluc\u00eda. Una masa de aire\u00a0c\u00e1lido\u00a0ira tomando protagonismo, sobre todo a partir del\u00a0pr\u00f3ximo\u00a0lunes. Seria un adelanto primaveral, donde las\u00a0m\u00e1ximas\u00a0en muchos puntos de Andaluc\u00eda\u00a0sobrepasar\u00edan\u00a0los 24 grados, como es el caso del Valle del Guadalquivir. Fijaros en estos dos mapas que os pongo previstos para el martes. La dorsal Africana\u00a0tomar\u00eda\u00a0protagonismo.<\/strong><\/p>\n<p>&nbsp;<\/p>\n<p>&nbsp;<\/p>\n<p><a href=\"https:\/\/blogs.diariosur.es\/tormentas-y-rayos\/2015\/02\/25\/prevision-del-tiempo-andalucia-el-viento-seguira-de-protagonista-las-temperaturas-maximas-iran-subiendo-en-toda-andalucia\/dorsal-horz\/\" rel=\"attachment wp-att-11291\"><img loading=\"lazy\" class=\"aligncenter size-full wp-image-11291\" title=\"dorsal-horz\" src=\"\/tormentas-y-rayos\/wp-content\/uploads\/sites\/12\/2015\/02\/dorsal-horz.jpg\" alt=\"\" width=\"616\" height=\"236\" \/><\/a><\/p>\n<p>&nbsp;<\/p>\n<p>&nbsp;<\/p>\n<p>&nbsp;<\/p>\n<p>&nbsp;<\/p>\n<p><strong>Resumiendo amigos, el anticicl\u00f3n y una masa de aire\u00a0c\u00e1lido\u00a0ira tomando protagonismo a\u00a0partir\u00a0de ma\u00f1ana jueves. El viento de terral de invierno ( noroeste)\u00a0seguir\u00e1\u00a0de protagonista pienso que hasta el viernes, y por ultimo que la semana primera de marzo sera totalmente primaveral .<\/strong><\/p>\n<p><strong>\u00a0Os dejo con una nueva foto de mi amiga Valentina Abenanti. Una pasada . Y con los datos mas destacados que se dieron ayer en Andaluc\u00eda.<\/strong><\/p>\n<p>&nbsp;<\/p>\n<p>&nbsp;<\/p>\n<p><a href=\"https:\/\/blogs.diariosur.es\/tormentas-y-rayos\/2015\/02\/25\/prevision-del-tiempo-andalucia-el-viento-seguira-de-protagonista-las-temperaturas-maximas-iran-subiendo-en-toda-andalucia\/10428098_10205729774473888_210839007172235722_n\/\" rel=\"attachment wp-att-11289\"><img loading=\"lazy\" class=\"aligncenter size-medium wp-image-11289\" title=\"10428098_10205729774473888_210839007172235722_n\" src=\"\/tormentas-y-rayos\/wp-content\/uploads\/sites\/12\/2015\/02\/10428098_10205729774473888_210839007172235722_n.jpg\" alt=\"\" width=\"600\" height=\"400\" srcset=\"https:\/\/static-blogs.diariosur.es\/wp-content\/uploads\/sites\/12\/2015\/02\/10428098_10205729774473888_210839007172235722_n.jpg 800w, https:\/\/static-blogs.diariosur.es\/wp-content\/uploads\/sites\/12\/2015\/02\/10428098_10205729774473888_210839007172235722_n-599x400.jpg 599w, https:\/\/static-blogs.diariosur.es\/wp-content\/uploads\/sites\/12\/2015\/02\/10428098_10205729774473888_210839007172235722_n-768x513.jpg 768w\" sizes=\"(max-width: 600px) 100vw, 600px\" \/><\/a><\/p>\n<p>&nbsp;<\/p>\n<p>&nbsp;<\/p>\n<p>&nbsp;<\/p>\n<p><strong>Fuente Aemet.<\/strong><\/p>\n<p>&nbsp;<\/p>\n<p>&nbsp;<\/p>\n<p><a href=\"https:\/\/blogs.diariosur.es\/tormentas-y-rayos\/2015\/02\/25\/prevision-del-tiempo-andalucia-el-viento-seguira-de-protagonista-las-temperaturas-maximas-iran-subiendo-en-toda-andalucia\/captura-589\/\" rel=\"attachment wp-att-11290\"><img loading=\"lazy\" class=\"aligncenter size-large wp-image-11290\" title=\"Captura\" src=\"\/tormentas-y-rayos\/wp-content\/uploads\/sites\/12\/2015\/02\/Captura13.jpg\" alt=\"\" width=\"489\" height=\"600\" srcset=\"https:\/\/static-blogs.diariosur.es\/wp-content\/uploads\/sites\/12\/2015\/02\/Captura13.jpg 785w, https:\/\/static-blogs.diariosur.es\/wp-content\/uploads\/sites\/12\/2015\/02\/Captura13-326x400.jpg 326w, https:\/\/static-blogs.diariosur.es\/wp-content\/uploads\/sites\/12\/2015\/02\/Captura13-768x942.jpg 768w\" sizes=\"(max-width: 489px) 100vw, 489px\" \/><\/a><\/p>\n<p>&nbsp;<\/p>\n<p>&nbsp;<\/p>\n<p>&nbsp;<\/p>\n<p>&nbsp;<\/p>\n<p>&nbsp;<\/p>\n","protected":false},"excerpt":{"rendered":"<p>&nbsp; &nbsp; &nbsp; &nbsp; &nbsp; &nbsp; Buenos dias amigos de la meteo, son las siete y media de la ma\u00f1ana, registro 12 grados y los cielos malague\u00f1os est\u00e1n despejados. En nuestra Comunidad Andaluza \u00a0hay nubes altas en toda la provincia de Almer\u00eda, y parte de Ja\u00e9n , en el resto est\u00e1n despejados, salvo\u00a0alg\u00fan\u00a0banco de niebla. [&hellip;]<\/p>\n","protected":false},"author":16,"featured_media":11289,"comment_status":"open","ping_status":"open","sticky":false,"template":"","format":"standard","meta":[],"categories":[2],"tags":[100,627,809,933,962,980],"_links":{"self":[{"href":"https:\/\/blogs.diariosur.es\/tormentas-y-rayos\/wp-json\/wp\/v2\/posts\/11286"}],"collection":[{"href":"https:\/\/blogs.diariosur.es\/tormentas-y-rayos\/wp-json\/wp\/v2\/posts"}],"about":[{"href":"https:\/\/blogs.diariosur.es\/tormentas-y-rayos\/wp-json\/wp\/v2\/types\/post"}],"author":[{"embeddable":true,"href":"https:\/\/blogs.diariosur.es\/tormentas-y-rayos\/wp-json\/wp\/v2\/users\/16"}],"replies":[{"embeddable":true,"href":"https:\/\/blogs.diariosur.es\/tormentas-y-rayos\/wp-json\/wp\/v2\/comments?post=11286"}],"version-history":[{"count":0,"href":"https:\/\/blogs.diariosur.es\/tormentas-y-rayos\/wp-json\/wp\/v2\/posts\/11286\/revisions"}],"wp:featuredmedia":[{"embeddable":true,"href":"https:\/\/blogs.diariosur.es\/tormentas-y-rayos\/wp-json\/wp\/v2\/media\/11289"}],"wp:attachment":[{"href":"https:\/\/blogs.diariosur.es\/tormentas-y-rayos\/wp-json\/wp\/v2\/media?parent=11286"}],"wp:term":[{"taxonomy":"category","embeddable":true,"href":"https:\/\/blogs.diariosur.es\/tormentas-y-rayos\/wp-json\/wp\/v2\/categories?post=11286"},{"taxonomy":"post_tag","embeddable":true,"href":"https:\/\/blogs.diariosur.es\/tormentas-y-rayos\/wp-json\/wp\/v2\/tags?post=11286"}],"curies":[{"name":"wp","href":"https:\/\/api.w.org\/{rel}","templated":true}]}}