{"id":11292,"date":"2015-02-26T08:09:04","date_gmt":"2015-02-26T07:09:04","guid":{"rendered":"http:\/\/blogs.diariosur.es\/tormentas-y-rayos\/?p=11292"},"modified":"2015-02-26T08:09:04","modified_gmt":"2015-02-26T07:09:04","slug":"prevision-del-tiempo-las-maximas-sobrepasaran-los-20-grados-en-muchos-puntos-de-andalucia-adra-198-grados-a-las-cuatro-de-la-manana-almeria-188","status":"publish","type":"post","link":"https:\/\/blogs.diariosur.es\/tormentas-y-rayos\/2015\/02\/26\/prevision-del-tiempo-las-maximas-sobrepasaran-los-20-grados-en-muchos-puntos-de-andalucia-adra-198-grados-a-las-cuatro-de-la-manana-almeria-188\/","title":{"rendered":"Previsi\u00f3n del tiempo. Las m\u00e1ximas sobrepasaran los 20 grados en muchos puntos de Andaluc\u00eda. Adra 19,8 grados a las cuatro de la ma\u00f1ana,  Almer\u00eda 18,8"},"content":{"rendered":"<p><img loading=\"lazy\" class=\"aligncenter\" src=\"https:\/\/farm3.staticflickr.com\/2898\/14371881571_bbae3518b1_q.jpg\" alt=\"\" width=\"150\" height=\"150\" \/><\/p>\n<p>&nbsp;<\/p>\n<p>&nbsp;<\/p>\n<p>&nbsp;<\/p>\n<p>&nbsp;<\/p>\n<p>&nbsp;<\/p>\n<p><strong>Buenos dias amigos de la meteo, son las \u00a0siete y media de la ma\u00f1ana, registro 15 grados y los cielos andaluces est\u00e1n despejados. Solo diviso en el\u00a0sat\u00e9lite\u00a0 un lenticular entre la Costa Granadina y Malague\u00f1a, que dejara\u00a0un bonito candilazo. Desde la terraza solo veo un trozito de \u00e9l. Cuando este mejor os prometo ir a la playa a cazar los amaneceres.<\/strong><\/p>\n<p>&nbsp;<\/p>\n<p><a href=\"https:\/\/blogs.diariosur.es\/tormentas-y-rayos\/2015\/02\/26\/prevision-del-tiempo-las-maximas-sobrepasaran-los-20-grados-en-muchos-puntos-de-andalucia-adra-198-grados-a-las-cuatro-de-la-manana-almeria-188\/_dsc7460\/\" rel=\"attachment wp-att-11299\"><img loading=\"lazy\" class=\"aligncenter size-full wp-image-11299\" title=\"_DSC7460\" src=\"\/tormentas-y-rayos\/wp-content\/uploads\/sites\/12\/2015\/02\/DSC7460.jpg\" alt=\"\" width=\"640\" height=\"427\" srcset=\"https:\/\/static-blogs.diariosur.es\/wp-content\/uploads\/sites\/12\/2015\/02\/DSC7460.jpg 640w, https:\/\/static-blogs.diariosur.es\/wp-content\/uploads\/sites\/12\/2015\/02\/DSC7460-600x400.jpg 600w\" sizes=\"(max-width: 640px) 100vw, 640px\" \/><\/a><\/p>\n<p><strong>Jiiiii, que bien&#8230;.. mi amigo David Mancebo Atienza me acaba de mandar desde la desembocadura del R\u00edo Guadalhorce \u00a0el pedazo de lenticular. Gracias David .<\/strong><\/p>\n<p>&nbsp;<\/p>\n<p><a href=\"https:\/\/blogs.diariosur.es\/tormentas-y-rayos\/2015\/02\/26\/prevision-del-tiempo-las-maximas-sobrepasaran-los-20-grados-en-muchos-puntos-de-andalucia-adra-198-grados-a-las-cuatro-de-la-manana-almeria-188\/david-mancebo-atienza\/\" rel=\"attachment wp-att-11307\"><img loading=\"lazy\" class=\"aligncenter size-full wp-image-11307\" title=\"david Mancebo Atienza\" src=\"\/tormentas-y-rayos\/wp-content\/uploads\/sites\/12\/2015\/02\/david-Mancebo-Atienza.jpg\" alt=\"\" width=\"640\" height=\"360\" \/><\/a><\/p>\n<p>&nbsp;<\/p>\n<p><strong>El viento de terral de invierno\u00a0seguir\u00e1\u00a0de protagonista en la Costa\u00a0Mediterr\u00e1nea\u00a0Andaluza.\u00a0Las\u00a0m\u00e1ximas\u00a0sobrepasaran\u00a0los 20 grados en\u00a0muchos\u00a0puntos de Andaluc\u00eda, como es el caso del Valle del Guadalquivir. Pero en las zonas expuestas al terral de invierno como es el caso de M\u00e1laga Capital, Velez M\u00e1laga, Estepona y Costa Granadina etc etc, pueden incluso acercarse a los 24 grados.\u00a0<\/strong><\/p>\n<p><strong>\u00a0Impresionante la temperatura que se daban en Adra y Almer\u00eda sobre las cuatro de la ma\u00f1ana, 19,8 y 18,8 grados. Os paso los\u00a0gr\u00e1ficos\u00a0fuente aemet.<\/strong><\/p>\n<p>&nbsp;<\/p>\n<p><a href=\"https:\/\/blogs.diariosur.es\/tormentas-y-rayos\/2015\/02\/26\/prevision-del-tiempo-las-maximas-sobrepasaran-los-20-grados-en-muchos-puntos-de-andalucia-adra-198-grados-a-las-cuatro-de-la-manana-almeria-188\/adra\/\" rel=\"attachment wp-att-11293\"><img loading=\"lazy\" class=\"aligncenter size-medium wp-image-11293\" title=\"adra\" src=\"\/tormentas-y-rayos\/wp-content\/uploads\/sites\/12\/2015\/02\/adra.jpg\" alt=\"\" width=\"600\" height=\"262\" srcset=\"https:\/\/static-blogs.diariosur.es\/wp-content\/uploads\/sites\/12\/2015\/02\/adra.jpg 719w, https:\/\/static-blogs.diariosur.es\/wp-content\/uploads\/sites\/12\/2015\/02\/adra-640x279.jpg 640w\" sizes=\"(max-width: 600px) 100vw, 600px\" \/><\/a><a href=\"https:\/\/blogs.diariosur.es\/tormentas-y-rayos\/2015\/02\/26\/prevision-del-tiempo-las-maximas-sobrepasaran-los-20-grados-en-muchos-puntos-de-andalucia-adra-198-grados-a-las-cuatro-de-la-manana-almeria-188\/almeria-2\/\" rel=\"attachment wp-att-11294\"><img loading=\"lazy\" class=\"aligncenter size-medium wp-image-11294\" title=\"almeria\" src=\"\/tormentas-y-rayos\/wp-content\/uploads\/sites\/12\/2015\/02\/almeria.jpg\" alt=\"\" width=\"600\" height=\"249\" srcset=\"https:\/\/static-blogs.diariosur.es\/wp-content\/uploads\/sites\/12\/2015\/02\/almeria.jpg 761w, https:\/\/static-blogs.diariosur.es\/wp-content\/uploads\/sites\/12\/2015\/02\/almeria-640x267.jpg 640w\" sizes=\"(max-width: 600px) 100vw, 600px\" \/><\/a><\/p>\n<p><strong>Fijaros como se nota las subidas y bajadas en poco tiempo, esto se debe al componente del viento, en ocasiones les ha venido de tierra y sube la temperatura y en otras del mar, con lo cual bajan. En el\u00a0gr\u00e1fico\u00a0de Adra\u00a0lo\u00a0pod\u00e9is\u00a0apreciar perfectamente.<\/strong><\/p>\n<p>&nbsp;<\/p>\n<p><a href=\"https:\/\/blogs.diariosur.es\/tormentas-y-rayos\/2015\/02\/26\/prevision-del-tiempo-las-maximas-sobrepasaran-los-20-grados-en-muchos-puntos-de-andalucia-adra-198-grados-a-las-cuatro-de-la-manana-almeria-188\/viento-41\/\" rel=\"attachment wp-att-11295\"><img loading=\"lazy\" class=\"aligncenter size-medium wp-image-11295\" title=\"viento\" src=\"\/tormentas-y-rayos\/wp-content\/uploads\/sites\/12\/2015\/02\/viento.jpg\" alt=\"\" width=\"600\" height=\"265\" srcset=\"https:\/\/static-blogs.diariosur.es\/wp-content\/uploads\/sites\/12\/2015\/02\/viento.jpg 725w, https:\/\/static-blogs.diariosur.es\/wp-content\/uploads\/sites\/12\/2015\/02\/viento-640x283.jpg 640w\" sizes=\"(max-width: 600px) 100vw, 600px\" \/><\/a><\/p>\n<p>&nbsp;<\/p>\n<p><strong>Todo esto se deber\u00e1 a una masa de aire c\u00e1lido que nos ha entrado desde esta pasada madrugada, y que incluso llega hasta el norte de la peninsula, con el consiguiente\u00a0deshielo que se\u00a0prev\u00e9\u00a0para hoy.\u00a0Os paso este mapa de temperaturas a 850 hpa ( 1500 m ) , en Andalucia ronda los 11 y 12 grados, en el norte los 5. Si ayer por ejemplo nevaba en los Pirineos a partir de 600 metros, esta madrugada lo ha hecho sobre los 1800 o mas. Fijaros la que se puede liar.<\/strong><\/p>\n<p>&nbsp;<\/p>\n<p><a href=\"https:\/\/blogs.diariosur.es\/tormentas-y-rayos\/2015\/02\/26\/prevision-del-tiempo-las-maximas-sobrepasaran-los-20-grados-en-muchos-puntos-de-andalucia-adra-198-grados-a-las-cuatro-de-la-manana-almeria-188\/wett\/\" rel=\"attachment wp-att-11296\"><img loading=\"lazy\" class=\"aligncenter size-medium wp-image-11296\" title=\"wett\" src=\"\/tormentas-y-rayos\/wp-content\/uploads\/sites\/12\/2015\/02\/wett.jpg\" alt=\"\" width=\"521\" height=\"400\" srcset=\"https:\/\/static-blogs.diariosur.es\/wp-content\/uploads\/sites\/12\/2015\/02\/wett.jpg 796w, https:\/\/static-blogs.diariosur.es\/wp-content\/uploads\/sites\/12\/2015\/02\/wett-522x400.jpg 522w, https:\/\/static-blogs.diariosur.es\/wp-content\/uploads\/sites\/12\/2015\/02\/wett-768x589.jpg 768w\" sizes=\"(max-width: 521px) 100vw, 521px\" \/><\/a><\/p>\n<p>&nbsp;<\/p>\n<p><strong>Os hago un peque\u00f1o resumen de ayer.<\/strong><\/p>\n<p><strong>La\u00a0m\u00e1xima\u00a0en M\u00e1laga Capital la dio el Aeropuerto con 19 grados, pero fue Motril la que registro la maxima de Andaluc\u00eda con 22,4. \u00a0<\/strong><\/p>\n<p><strong>El gran protagonista nuevamente fue el viento en todo el Litoral\u00a0Mediterr\u00e1neo\u00a0Andaluz. En M\u00e1laga Capital se registraron rachas de 50km\/h. Pero destaca L\u00e1ujar de Andarax con casi 100 km\/h. Otros protagonistas fueron los lenticularis y las estelas de aviones. Os paso un par de fotos.<\/strong><\/p>\n<p><a href=\"https:\/\/blogs.diariosur.es\/tormentas-y-rayos\/2015\/02\/26\/prevision-del-tiempo-las-maximas-sobrepasaran-los-20-grados-en-muchos-puntos-de-andalucia-adra-198-grados-a-las-cuatro-de-la-manana-almeria-188\/_dsc7451\/\" rel=\"attachment wp-att-11297\"><img loading=\"lazy\" class=\"aligncenter size-full wp-image-11297\" title=\"_DSC7451\" src=\"\/tormentas-y-rayos\/wp-content\/uploads\/sites\/12\/2015\/02\/DSC7451.jpg\" alt=\"\" width=\"640\" height=\"427\" srcset=\"https:\/\/static-blogs.diariosur.es\/wp-content\/uploads\/sites\/12\/2015\/02\/DSC7451.jpg 640w, https:\/\/static-blogs.diariosur.es\/wp-content\/uploads\/sites\/12\/2015\/02\/DSC7451-600x400.jpg 600w\" sizes=\"(max-width: 640px) 100vw, 640px\" \/><\/a><\/p>\n<p>&nbsp;<\/p>\n<p>&nbsp;<\/p>\n<p><a href=\"https:\/\/blogs.diariosur.es\/tormentas-y-rayos\/2015\/02\/26\/prevision-del-tiempo-las-maximas-sobrepasaran-los-20-grados-en-muchos-puntos-de-andalucia-adra-198-grados-a-las-cuatro-de-la-manana-almeria-188\/escudero\/\" rel=\"attachment wp-att-11298\"><img loading=\"lazy\" class=\"aligncenter size-full wp-image-11298\" title=\"escudero\" src=\"\/tormentas-y-rayos\/wp-content\/uploads\/sites\/12\/2015\/02\/escudero.jpg\" alt=\"\" width=\"640\" height=\"360\" \/><\/a><\/p>\n<p><strong>Pero no solo yo cace estos bonitos cielos de ayer, que hoy lo mismo se pueden ver de nuevo. Os pongo unas impresionantes fotos que me han mandado mis amigos, me encanta que\u00a0mir\u00e9is\u00a0al cielo.\u00a0<\/strong><\/p>\n<p><strong>Y por favor de verdad os digo que las estelas \u00a0se deben a las turbinas de los aviones, ayer se dieron varios factores para esto, como es humedad en altura y frio. No tengo mas ganas de discutir sobre el asunto de los falsos chemtrail.<\/strong><\/p>\n<p><strong>Maria Canals Esteva \u00a0desde Mallorca nos manda esta sombra de estela retroproyectada, una pasada.<\/strong><\/p>\n<p>&nbsp;<\/p>\n<p><a href=\"https:\/\/blogs.diariosur.es\/tormentas-y-rayos\/2015\/02\/26\/prevision-del-tiempo-las-maximas-sobrepasaran-los-20-grados-en-muchos-puntos-de-andalucia-adra-198-grados-a-las-cuatro-de-la-manana-almeria-188\/11014696_842381095810164_711606947_n\/\" rel=\"attachment wp-att-11300\"><img loading=\"lazy\" class=\"aligncenter size-full wp-image-11300\" title=\"11014696_842381095810164_711606947_n\" src=\"\/tormentas-y-rayos\/wp-content\/uploads\/sites\/12\/2015\/02\/11014696_842381095810164_711606947_n.jpg\" alt=\"\" width=\"400\" height=\"515\" srcset=\"https:\/\/static-blogs.diariosur.es\/wp-content\/uploads\/sites\/12\/2015\/02\/11014696_842381095810164_711606947_n.jpg 400w, https:\/\/static-blogs.diariosur.es\/wp-content\/uploads\/sites\/12\/2015\/02\/11014696_842381095810164_711606947_n-311x400.jpg 311w\" sizes=\"(max-width: 400px) 100vw, 400px\" \/><\/a><\/p>\n<p>&nbsp;<\/p>\n<p>&nbsp;<\/p>\n<p><strong>Jose Luis Gil desde Marbella.<\/strong><\/p>\n<p>&nbsp;<\/p>\n<p><a href=\"https:\/\/blogs.diariosur.es\/tormentas-y-rayos\/2015\/02\/26\/prevision-del-tiempo-las-maximas-sobrepasaran-los-20-grados-en-muchos-puntos-de-andalucia-adra-198-grados-a-las-cuatro-de-la-manana-almeria-188\/jose-luis-gil-35\/\" rel=\"attachment wp-att-11301\"><img loading=\"lazy\" class=\"aligncenter size-full wp-image-11301\" title=\"jose luis gil\" src=\"\/tormentas-y-rayos\/wp-content\/uploads\/sites\/12\/2015\/02\/jose-luis-gil1.jpg\" alt=\"\" width=\"640\" height=\"360\" \/><\/a><\/p>\n<p>&nbsp;<\/p>\n<p>&nbsp;<\/p>\n<p><strong>Macu Prieto<\/strong><\/p>\n<p><a href=\"https:\/\/blogs.diariosur.es\/tormentas-y-rayos\/2015\/02\/26\/prevision-del-tiempo-las-maximas-sobrepasaran-los-20-grados-en-muchos-puntos-de-andalucia-adra-198-grados-a-las-cuatro-de-la-manana-almeria-188\/macu-prieto-14\/\" rel=\"attachment wp-att-11302\"><img loading=\"lazy\" class=\"aligncenter size-medium wp-image-11302\" title=\"macu prieto\" src=\"\/tormentas-y-rayos\/wp-content\/uploads\/sites\/12\/2015\/02\/macu-prieto.jpg\" alt=\"\" width=\"600\" height=\"400\" srcset=\"https:\/\/static-blogs.diariosur.es\/wp-content\/uploads\/sites\/12\/2015\/02\/macu-prieto.jpg 1024w, https:\/\/static-blogs.diariosur.es\/wp-content\/uploads\/sites\/12\/2015\/02\/macu-prieto-601x400.jpg 601w, https:\/\/static-blogs.diariosur.es\/wp-content\/uploads\/sites\/12\/2015\/02\/macu-prieto-768x511.jpg 768w\" sizes=\"(max-width: 600px) 100vw, 600px\" \/><\/a><\/p>\n<p>&nbsp;<\/p>\n<p>&nbsp;<\/p>\n<p><strong>Mar\u00eda Serrano<\/strong><\/p>\n<p><a href=\"https:\/\/blogs.diariosur.es\/tormentas-y-rayos\/2015\/02\/26\/prevision-del-tiempo-las-maximas-sobrepasaran-los-20-grados-en-muchos-puntos-de-andalucia-adra-198-grados-a-las-cuatro-de-la-manana-almeria-188\/maria-serrano-juarez\/\" rel=\"attachment wp-att-11303\"><img loading=\"lazy\" class=\"aligncenter size-medium wp-image-11303\" title=\"maria serrano juarez\" src=\"\/tormentas-y-rayos\/wp-content\/uploads\/sites\/12\/2015\/02\/maria-serrano-juarez.jpg\" alt=\"\" width=\"533\" height=\"400\" srcset=\"https:\/\/static-blogs.diariosur.es\/wp-content\/uploads\/sites\/12\/2015\/02\/maria-serrano-juarez.jpg 960w, https:\/\/static-blogs.diariosur.es\/wp-content\/uploads\/sites\/12\/2015\/02\/maria-serrano-juarez-533x400.jpg 533w, https:\/\/static-blogs.diariosur.es\/wp-content\/uploads\/sites\/12\/2015\/02\/maria-serrano-juarez-768x576.jpg 768w\" sizes=\"(max-width: 533px) 100vw, 533px\" \/><\/a><\/p>\n<p><strong>Mari Carmen Parra Gil.<\/strong><\/p>\n<p>&nbsp;<\/p>\n<p>&nbsp;<\/p>\n<p><a href=\"https:\/\/blogs.diariosur.es\/tormentas-y-rayos\/2015\/02\/26\/prevision-del-tiempo-las-maximas-sobrepasaran-los-20-grados-en-muchos-puntos-de-andalucia-adra-198-grados-a-las-cuatro-de-la-manana-almeria-188\/maricarmen-parra-gil-10\/\" rel=\"attachment wp-att-11304\"><img loading=\"lazy\" class=\"aligncenter size-medium wp-image-11304\" title=\"maricarmen parra gil\" src=\"\/tormentas-y-rayos\/wp-content\/uploads\/sites\/12\/2015\/02\/maricarmen-parra-gil.jpg\" alt=\"\" width=\"600\" height=\"337\" srcset=\"https:\/\/static-blogs.diariosur.es\/wp-content\/uploads\/sites\/12\/2015\/02\/maricarmen-parra-gil.jpg 2048w, https:\/\/static-blogs.diariosur.es\/wp-content\/uploads\/sites\/12\/2015\/02\/maricarmen-parra-gil-640x360.jpg 640w, https:\/\/static-blogs.diariosur.es\/wp-content\/uploads\/sites\/12\/2015\/02\/maricarmen-parra-gil-768x432.jpg 768w\" sizes=\"(max-width: 600px) 100vw, 600px\" \/><\/a><\/p>\n<p>&nbsp;<\/p>\n<p>&nbsp;<\/p>\n<p><strong>Maril\u00f3 D\u00edaz<\/strong><\/p>\n<p>&nbsp;<\/p>\n<p><a href=\"https:\/\/blogs.diariosur.es\/tormentas-y-rayos\/2015\/02\/26\/prevision-del-tiempo-las-maximas-sobrepasaran-los-20-grados-en-muchos-puntos-de-andalucia-adra-198-grados-a-las-cuatro-de-la-manana-almeria-188\/marilo-diaz-11\/\" rel=\"attachment wp-att-11305\"><img loading=\"lazy\" class=\"aligncenter size-medium wp-image-11305\" title=\"maril\u00f3 d\u00edaz\" src=\"\/tormentas-y-rayos\/wp-content\/uploads\/sites\/12\/2015\/02\/maril\u00f3-d\u00edaz.jpg\" alt=\"\" width=\"533\" height=\"400\" srcset=\"https:\/\/static-blogs.diariosur.es\/wp-content\/uploads\/sites\/12\/2015\/02\/maril\u00f3-d\u00edaz.jpg 2048w, https:\/\/static-blogs.diariosur.es\/wp-content\/uploads\/sites\/12\/2015\/02\/maril\u00f3-d\u00edaz-533x400.jpg 533w, https:\/\/static-blogs.diariosur.es\/wp-content\/uploads\/sites\/12\/2015\/02\/maril\u00f3-d\u00edaz-768x576.jpg 768w\" sizes=\"(max-width: 533px) 100vw, 533px\" \/><\/a><\/p>\n<p>&nbsp;<\/p>\n<p><strong>Miguel Cabrera.<\/strong><\/p>\n<p>&nbsp;<\/p>\n<p>&nbsp;<\/p>\n<p><a href=\"https:\/\/blogs.diariosur.es\/tormentas-y-rayos\/2015\/02\/26\/prevision-del-tiempo-las-maximas-sobrepasaran-los-20-grados-en-muchos-puntos-de-andalucia-adra-198-grados-a-las-cuatro-de-la-manana-almeria-188\/miguel-cabrera-6\/\" rel=\"attachment wp-att-11306\"><img loading=\"lazy\" class=\"aligncenter size-full wp-image-11306\" title=\"miguel cabrera\" src=\"\/tormentas-y-rayos\/wp-content\/uploads\/sites\/12\/2015\/02\/miguel-cabrera.jpg\" alt=\"\" width=\"640\" height=\"360\" \/><\/a><\/p>\n<p>&nbsp;<\/p>\n<p><strong>Nos vemos ma\u00f1ana amigos, el Dia de Andaluc\u00eda sera radiante.<\/strong><\/p>\n<p>&nbsp;<\/p>\n","protected":false},"excerpt":{"rendered":"<p>&nbsp; &nbsp; &nbsp; &nbsp; &nbsp; Buenos dias amigos de la meteo, son las \u00a0siete y media de la ma\u00f1ana, registro 15 grados y los cielos andaluces est\u00e1n despejados. Solo diviso en el\u00a0sat\u00e9lite\u00a0 un lenticular entre la Costa Granadina y Malague\u00f1a, que dejara\u00a0un bonito candilazo. Desde la terraza solo veo un trozito de \u00e9l. Cuando este [&hellip;]<\/p>\n","protected":false},"author":16,"featured_media":11296,"comment_status":"open","ping_status":"open","sticky":false,"template":"","format":"standard","meta":[],"categories":[2],"tags":[100,809,980],"_links":{"self":[{"href":"https:\/\/blogs.diariosur.es\/tormentas-y-rayos\/wp-json\/wp\/v2\/posts\/11292"}],"collection":[{"href":"https:\/\/blogs.diariosur.es\/tormentas-y-rayos\/wp-json\/wp\/v2\/posts"}],"about":[{"href":"https:\/\/blogs.diariosur.es\/tormentas-y-rayos\/wp-json\/wp\/v2\/types\/post"}],"author":[{"embeddable":true,"href":"https:\/\/blogs.diariosur.es\/tormentas-y-rayos\/wp-json\/wp\/v2\/users\/16"}],"replies":[{"embeddable":true,"href":"https:\/\/blogs.diariosur.es\/tormentas-y-rayos\/wp-json\/wp\/v2\/comments?post=11292"}],"version-history":[{"count":0,"href":"https:\/\/blogs.diariosur.es\/tormentas-y-rayos\/wp-json\/wp\/v2\/posts\/11292\/revisions"}],"wp:featuredmedia":[{"embeddable":true,"href":"https:\/\/blogs.diariosur.es\/tormentas-y-rayos\/wp-json\/wp\/v2\/media\/11296"}],"wp:attachment":[{"href":"https:\/\/blogs.diariosur.es\/tormentas-y-rayos\/wp-json\/wp\/v2\/media?parent=11292"}],"wp:term":[{"taxonomy":"category","embeddable":true,"href":"https:\/\/blogs.diariosur.es\/tormentas-y-rayos\/wp-json\/wp\/v2\/categories?post=11292"},{"taxonomy":"post_tag","embeddable":true,"href":"https:\/\/blogs.diariosur.es\/tormentas-y-rayos\/wp-json\/wp\/v2\/tags?post=11292"}],"curies":[{"name":"wp","href":"https:\/\/api.w.org\/{rel}","templated":true}]}}