{"id":11308,"date":"2015-02-27T07:39:32","date_gmt":"2015-02-27T06:39:32","guid":{"rendered":"http:\/\/blogs.diariosur.es\/tormentas-y-rayos\/?p=11308"},"modified":"2015-02-27T07:39:32","modified_gmt":"2015-02-27T06:39:32","slug":"prevision-del-tiempo-dia-de-andalucia-el-viento-nos-dara-una-tregua-malaga-registro-ayer-la-maxima-de-espana-con-261-grados","status":"publish","type":"post","link":"https:\/\/blogs.diariosur.es\/tormentas-y-rayos\/2015\/02\/27\/prevision-del-tiempo-dia-de-andalucia-el-viento-nos-dara-una-tregua-malaga-registro-ayer-la-maxima-de-espana-con-261-grados\/","title":{"rendered":"Previsi\u00f3n del tiempo D\u00eda de Andaluc\u00eda: el viento nos dar\u00e1 una tregua.  M\u00e1laga registro ayer la maxima de Espa\u00f1a con 26,1 grados."},"content":{"rendered":"<p><img loading=\"lazy\" class=\"aligncenter\" src=\"https:\/\/farm3.staticflickr.com\/2898\/14371881571_bbae3518b1_q.jpg\" alt=\"\" width=\"150\" height=\"150\" \/><\/p>\n<p>&nbsp;<\/p>\n<p><strong>\u00a0Buenos d\u00edas amigos de la meteo, son las siete \u00a0de la ma\u00f1ana, registro 13,8 grados en M\u00e1laga Capital, y en estos momentos no se registran heladas en\u00a0ning\u00fan\u00a0punto de Andaluc\u00eda. Aun que debido al viento la sensaci\u00f3n termica es de mas fr\u00edo<\/strong><\/p>\n<p><strong>\u00a0Los cielos de la Comunidad Andaluza est\u00e1n poco nubosos, las nubes medias y altas adornan los cielos ahora mismo, \u00a0se pueden estar dando algunos bancos de nieblas por el interior. A lo largo del dia las nubes medias y altas\u00a0seguir\u00e1n\u00a0en nuestra Comunidad Andaluza.<\/strong><\/p>\n<p><strong> Por\u00a0en\u00e9sima\u00a0vez el protagonista esta pasada madrugada en la Capital Malague\u00f1a y en su costas \u00a0ha sido el terral de invierno, las rachas de viento han superado los 40 km\/h, destaca Estepona con 51 km\/h.<\/strong><\/p>\n<p><strong>En \u00a0 Alajar ( Huelva) \u00a0y sobre todo Tarifa, han superado los 60 km\/h.<\/strong><\/p>\n<p><strong> Hoy viernes\u00a0seguir\u00e1\u00a0nuestro amigo el terral soplando fuerte durante todo el\u00a0d\u00eda\u00a0y madrugada del\u00a0s\u00e1bado. Las\u00a0m\u00e1ximas\u00a0bajaran en toda la Comunidad con respecto a las que se dieron ayer jueves.<\/strong><\/p>\n<p><span style=\"color: #ff0000;\"><strong>PREVISI\u00d3N DEL TIEMPO D\u00cdA DE ANDALUC\u00cdA<\/strong><\/span><\/p>\n<p><span style=\"color: #0000ff;\"><strong>Ma\u00f1ana\u00a0s\u00e1bado las\u00a0m\u00e1ximas\u00a0subir\u00e1n\u00a0un poco con respecto a las de hoy, sobre todo por el Valle del Guadalquivir.\u00a0<\/strong><\/span><\/p>\n<p><span style=\"color: #0000ff;\"><strong> La mejor noticia es que a primera hora de la ma\u00f1ana el terral de invierno nos\u00a0dar\u00e1\u00a0una tregua a los malague\u00f1os y a toda la Costa\u00a0Mediterr\u00e1nea\u00a0Andaluza. Y poco mas que contar de la previsi\u00f3n de ma\u00f1ana, espero no equivocarme y que el terral nos deje a primera hora de la ma\u00f1ana y podamos disfrutar de este dia tan especial.<\/strong><\/span><\/p>\n<p><span style=\"color: #0000ff;\"><strong>\u00a0\u00a0<\/strong><\/span><\/p>\n<p>&nbsp;<\/p>\n<p><strong>\u00a0Os hago un peque\u00f1o resumen de ayer en fotos.\u00a0<\/strong><\/p>\n<p>&nbsp;<\/p>\n<p>&nbsp;<\/p>\n<p><strong>M\u00e1laga Capital dio la maxima de toda Espa\u00f1a con 26,1 grados, aunque se quedo muy lejos del\u00a0r\u00e9cord\u00a0que tuvimos un siete de Febrero del 1961, ese\u00a0d\u00eda\u00a0se registro 30 grados, una pasada de temperatura. Fijaros que estamos\u00a0hablando de primeros de febrero. Estepona fue la segunda maxima mas alta de Espa\u00f1a.<\/strong><\/p>\n<p><strong>El viento por\u00a0en\u00e9sima\u00a0vez fue protagonista en\u00a0Andaluc\u00eda\u00a0<\/strong><\/p>\n<p>&nbsp;<\/p>\n<p><a href=\"https:\/\/blogs.diariosur.es\/tormentas-y-rayos\/2015\/02\/27\/prevision-del-tiempo-dia-de-andalucia-el-viento-nos-dara-una-tregua-malaga-registro-ayer-la-maxima-de-espana-con-261-grados\/datos-12\/\" rel=\"attachment wp-att-11318\"><img loading=\"lazy\" class=\"aligncenter size-medium wp-image-11318\" title=\"datos\" src=\"\/tormentas-y-rayos\/wp-content\/uploads\/sites\/12\/2015\/02\/datos1.jpg\" alt=\"\" width=\"600\" height=\"326\" srcset=\"https:\/\/static-blogs.diariosur.es\/wp-content\/uploads\/sites\/12\/2015\/02\/datos1.jpg 785w, https:\/\/static-blogs.diariosur.es\/wp-content\/uploads\/sites\/12\/2015\/02\/datos1-640x348.jpg 640w, https:\/\/static-blogs.diariosur.es\/wp-content\/uploads\/sites\/12\/2015\/02\/datos1-768x418.jpg 768w\" sizes=\"(max-width: 600px) 100vw, 600px\" \/><\/a><\/p>\n<p>&nbsp;<\/p>\n<p><a href=\"https:\/\/blogs.diariosur.es\/tormentas-y-rayos\/2015\/02\/27\/prevision-del-tiempo-dia-de-andalucia-el-viento-nos-dara-una-tregua-malaga-registro-ayer-la-maxima-de-espana-con-261-grados\/espana-4\/\" rel=\"attachment wp-att-11319\"><img loading=\"lazy\" class=\"aligncenter size-medium wp-image-11319\" title=\"espa\u00f1a\" src=\"\/tormentas-y-rayos\/wp-content\/uploads\/sites\/12\/2015\/02\/espa\u00f1a.jpg\" alt=\"\" width=\"600\" height=\"311\" srcset=\"https:\/\/static-blogs.diariosur.es\/wp-content\/uploads\/sites\/12\/2015\/02\/espa\u00f1a.jpg 785w, https:\/\/static-blogs.diariosur.es\/wp-content\/uploads\/sites\/12\/2015\/02\/espa\u00f1a-640x333.jpg 640w, https:\/\/static-blogs.diariosur.es\/wp-content\/uploads\/sites\/12\/2015\/02\/espa\u00f1a-768x399.jpg 768w\" sizes=\"(max-width: 600px) 100vw, 600px\" \/><\/a><\/p>\n<p><strong>Nuevamente tambi\u00e9n los cielos estuvieron preciosos, y es que el terral de invierno forma preciosos altocumulus lenticularis . Y no solo eso, hasta el cielo se puso\u00a0ca\u00f3tico\u00a0a eso de las dos y cuarto. Os paso las fotos que\u00a0me\u00a0hab\u00e9is\u00a0mandado y las\u00a0m\u00edas.<\/strong><\/p>\n<p>&nbsp;<\/p>\n<p>&nbsp;<\/p>\n<p>&nbsp;<\/p>\n<p><strong>Fijaros que impresionante lenticular\u00a0ten\u00edamos sobre las once de la ma\u00f1ana\u00a0\u00a0entre Granada y M\u00e1laga. A esa hora tambi\u00e9n pasaba el\u00a0sat\u00e9lite\u00a0\u00a0terra.<\/strong><\/p>\n<p>&nbsp;<\/p>\n<p><img loading=\"lazy\" class=\"aligncenter\" src=\"https:\/\/farm9.staticflickr.com\/8638\/16468328538_06af91aeff_z.jpg\" alt=\"\" width=\"640\" height=\"427\" \/><\/p>\n<p>&nbsp;<\/p>\n<p><strong>Mi amigo Francisco Gonzalez Molina tambi\u00e9n lo cazaba a la misma hora. Preciosa \u00a0foto amigo.<\/strong><\/p>\n<p>&nbsp;<\/p>\n<p><a href=\"https:\/\/blogs.diariosur.es\/tormentas-y-rayos\/2015\/02\/27\/prevision-del-tiempo-dia-de-andalucia-el-viento-nos-dara-una-tregua-malaga-registro-ayer-la-maxima-de-espana-con-261-grados\/francisco-molina-gonzalez\/\" rel=\"attachment wp-att-11311\"><img loading=\"lazy\" class=\"aligncenter size-full wp-image-11311\" title=\"francisco molina gonzalez\" src=\"\/tormentas-y-rayos\/wp-content\/uploads\/sites\/12\/2015\/02\/francisco-molina-gonzalez.jpeg\" alt=\"\" width=\"640\" height=\"478\" srcset=\"https:\/\/static-blogs.diariosur.es\/wp-content\/uploads\/sites\/12\/2015\/02\/francisco-molina-gonzalez.jpeg 640w, https:\/\/static-blogs.diariosur.es\/wp-content\/uploads\/sites\/12\/2015\/02\/francisco-molina-gonzalez-536x400.jpeg 536w\" sizes=\"(max-width: 640px) 100vw, 640px\" \/><\/a><\/p>\n<p>&nbsp;<\/p>\n<p>&nbsp;<\/p>\n<p><strong>Sat\u00e9lite<\/strong><strong>\u00a0Terra<\/strong><\/p>\n<p>&nbsp;<\/p>\n<p>&nbsp;<\/p>\n<p><a href=\"https:\/\/blogs.diariosur.es\/tormentas-y-rayos\/2015\/02\/27\/prevision-del-tiempo-dia-de-andalucia-el-viento-nos-dara-una-tregua-malaga-registro-ayer-la-maxima-de-espana-con-261-grados\/captura-590\/\" rel=\"attachment wp-att-11309\"><img loading=\"lazy\" class=\"aligncenter size-full wp-image-11309\" title=\"Captura\" src=\"\/tormentas-y-rayos\/wp-content\/uploads\/sites\/12\/2015\/02\/Captura14.jpg\" alt=\"\" width=\"640\" height=\"533\" srcset=\"https:\/\/static-blogs.diariosur.es\/wp-content\/uploads\/sites\/12\/2015\/02\/Captura14.jpg 640w, https:\/\/static-blogs.diariosur.es\/wp-content\/uploads\/sites\/12\/2015\/02\/Captura14-480x400.jpg 480w\" sizes=\"(max-width: 640px) 100vw, 640px\" \/><\/a><\/p>\n<p><strong>Sobre las dos y media de la tarde \u00a0y con sorpresa para mi, se puso asi el cielo. El satelite aqua tambi\u00e9n lo fotografiaba.<\/strong><\/p>\n<p>&nbsp;<\/p>\n<p>&nbsp;<\/p>\n<p><img loading=\"lazy\" class=\"aligncenter\" src=\"https:\/\/farm9.staticflickr.com\/8616\/16654506501_c83753b734_z.jpg\" alt=\"\" width=\"640\" height=\"427\" \/><\/p>\n<p>&nbsp;<\/p>\n<p>&nbsp;<\/p>\n<p><a href=\"https:\/\/blogs.diariosur.es\/tormentas-y-rayos\/2015\/02\/27\/prevision-del-tiempo-dia-de-andalucia-el-viento-nos-dara-una-tregua-malaga-registro-ayer-la-maxima-de-espana-con-261-grados\/mm-13\/\" rel=\"attachment wp-att-11310\"><img loading=\"lazy\" class=\"aligncenter size-full wp-image-11310\" title=\"MM\" src=\"\/tormentas-y-rayos\/wp-content\/uploads\/sites\/12\/2015\/02\/MM.jpg\" alt=\"\" width=\"640\" height=\"555\" srcset=\"https:\/\/static-blogs.diariosur.es\/wp-content\/uploads\/sites\/12\/2015\/02\/MM.jpg 640w, https:\/\/static-blogs.diariosur.es\/wp-content\/uploads\/sites\/12\/2015\/02\/MM-461x400.jpg 461w\" sizes=\"(max-width: 640px) 100vw, 640px\" \/><\/a><\/p>\n<p>&nbsp;<\/p>\n<p><strong>Ana Belen Due\u00f1as cazaba este lenticular, que tiene pinta de nube agujero.\u00a0Muy buena foto amiga.<\/strong><\/p>\n<p>&nbsp;<\/p>\n<p><a href=\"https:\/\/blogs.diariosur.es\/tormentas-y-rayos\/2015\/02\/27\/prevision-del-tiempo-dia-de-andalucia-el-viento-nos-dara-una-tregua-malaga-registro-ayer-la-maxima-de-espana-con-261-grados\/ana-belen-duenas-2\/\" rel=\"attachment wp-att-11312\"><img loading=\"lazy\" class=\"aligncenter size-full wp-image-11312\" title=\"ana belen due\u00f1as\" src=\"\/tormentas-y-rayos\/wp-content\/uploads\/sites\/12\/2015\/02\/ana-belen-due\u00f1as.jpg\" alt=\"\" width=\"640\" height=\"478\" srcset=\"https:\/\/static-blogs.diariosur.es\/wp-content\/uploads\/sites\/12\/2015\/02\/ana-belen-due\u00f1as.jpg 640w, https:\/\/static-blogs.diariosur.es\/wp-content\/uploads\/sites\/12\/2015\/02\/ana-belen-due\u00f1as-536x400.jpg 536w\" sizes=\"(max-width: 640px) 100vw, 640px\" \/><\/a><\/p>\n<p>&nbsp;<\/p>\n<p><strong>Tambi\u00e9n<\/strong><strong>\u00a0lo cazaba To\u00f1i O\u00f1a . Muy buena foto amiga<\/strong><\/p>\n<p>&nbsp;<\/p>\n<p><a href=\"https:\/\/blogs.diariosur.es\/tormentas-y-rayos\/2015\/02\/27\/prevision-del-tiempo-dia-de-andalucia-el-viento-nos-dara-una-tregua-malaga-registro-ayer-la-maxima-de-espana-con-261-grados\/toni-ona-4\/\" rel=\"attachment wp-att-11313\"><img loading=\"lazy\" class=\"aligncenter size-large wp-image-11313\" title=\"to\u00f1i o\u00f1a\" src=\"\/tormentas-y-rayos\/wp-content\/uploads\/sites\/12\/2015\/02\/to\u00f1i-o\u00f1a1.jpg\" alt=\"\" width=\"450\" height=\"600\" srcset=\"https:\/\/static-blogs.diariosur.es\/wp-content\/uploads\/sites\/12\/2015\/02\/to\u00f1i-o\u00f1a1.jpg 720w, https:\/\/static-blogs.diariosur.es\/wp-content\/uploads\/sites\/12\/2015\/02\/to\u00f1i-o\u00f1a1-300x400.jpg 300w\" sizes=\"(max-width: 450px) 100vw, 450px\" \/><\/a><\/p>\n<p>&nbsp;<\/p>\n<p>&nbsp;<\/p>\n<p><strong>Mi amigo Antonio Manuel Iglesias, que al ugual que yo es un cazatormentas,\u00a0nos trae\u00a0este fot\u00f3n desde Torremolinos. Impresionante lenticular. Amigo Tony, como sigamos sin tormentas, nos llamaran a partir de ahora cazalenticularis jijijij. Un abrazo<\/strong><\/p>\n<p>&nbsp;<\/p>\n<p><a href=\"https:\/\/blogs.diariosur.es\/tormentas-y-rayos\/2015\/02\/27\/prevision-del-tiempo-dia-de-andalucia-el-viento-nos-dara-una-tregua-malaga-registro-ayer-la-maxima-de-espana-con-261-grados\/antonio-manuel-iglesias-4\/\" rel=\"attachment wp-att-11324\"><img loading=\"lazy\" class=\"aligncenter size-full wp-image-11324\" title=\"antonio manuel iglesias\" src=\"\/tormentas-y-rayos\/wp-content\/uploads\/sites\/12\/2015\/02\/antonio-manuel-iglesias1.jpg\" alt=\"\" width=\"640\" height=\"442\" srcset=\"https:\/\/static-blogs.diariosur.es\/wp-content\/uploads\/sites\/12\/2015\/02\/antonio-manuel-iglesias1.jpg 640w, https:\/\/static-blogs.diariosur.es\/wp-content\/uploads\/sites\/12\/2015\/02\/antonio-manuel-iglesias1-579x400.jpg 579w\" sizes=\"(max-width: 640px) 100vw, 640px\" \/><\/a><\/p>\n<p>&nbsp;<\/p>\n<p>&nbsp;<\/p>\n<p>&nbsp;<\/p>\n<p>&nbsp;<\/p>\n<p><strong>Desde Granada Elena Mart\u00edn cazaba estas bellas nubes. Me comentaba en facebok que eran caprichos del cielo. Fijaros en la nube \u00a0delgadita y larga al fondo. Elena, pienso que es un altocumulo lenticular.<\/strong><\/p>\n<p>&nbsp;<\/p>\n<p>&nbsp;<\/p>\n<p><a href=\"https:\/\/blogs.diariosur.es\/tormentas-y-rayos\/2015\/02\/27\/prevision-del-tiempo-dia-de-andalucia-el-viento-nos-dara-una-tregua-malaga-registro-ayer-la-maxima-de-espana-con-261-grados\/elena-mm-martin-2\/\" rel=\"attachment wp-att-11314\"><img loading=\"lazy\" class=\"aligncenter size-full wp-image-11314\" title=\"elena mm martin\" src=\"\/tormentas-y-rayos\/wp-content\/uploads\/sites\/12\/2015\/02\/elena-mm-martin.jpg\" alt=\"\" width=\"640\" height=\"360\" \/><\/a><\/p>\n<p>&nbsp;<\/p>\n<p>&nbsp;<\/p>\n<p>&nbsp;<\/p>\n<p>&nbsp;<\/p>\n<p><strong>Maril\u00f3 D\u00edaz nos trae esta preciosa foto desde el Pantano del Guadalhorce.<\/strong><\/p>\n<p>&nbsp;<\/p>\n<p><a href=\"https:\/\/blogs.diariosur.es\/tormentas-y-rayos\/2015\/02\/27\/prevision-del-tiempo-dia-de-andalucia-el-viento-nos-dara-una-tregua-malaga-registro-ayer-la-maxima-de-espana-con-261-grados\/marilo-diaz-12\/\" rel=\"attachment wp-att-11321\"><img loading=\"lazy\" class=\"aligncenter size-full wp-image-11321\" title=\"maril\u00f3 d\u00edaz\" src=\"\/tormentas-y-rayos\/wp-content\/uploads\/sites\/12\/2015\/02\/maril\u00f3-d\u00edaz1.jpg\" alt=\"\" width=\"640\" height=\"480\" srcset=\"https:\/\/static-blogs.diariosur.es\/wp-content\/uploads\/sites\/12\/2015\/02\/maril\u00f3-d\u00edaz1.jpg 640w, https:\/\/static-blogs.diariosur.es\/wp-content\/uploads\/sites\/12\/2015\/02\/maril\u00f3-d\u00edaz1-533x400.jpg 533w\" sizes=\"(max-width: 640px) 100vw, 640px\" \/><\/a><\/p>\n<p>&nbsp;<\/p>\n<p>&nbsp;<\/p>\n<p>&nbsp;<\/p>\n<p><strong>Maria Jose Moyano cazaba el candilazo del atardecer. Muy\u00a0bonita la foto amiga.<\/strong><\/p>\n<p>&nbsp;<\/p>\n<p><a href=\"https:\/\/blogs.diariosur.es\/tormentas-y-rayos\/2015\/02\/27\/prevision-del-tiempo-dia-de-andalucia-el-viento-nos-dara-una-tregua-malaga-registro-ayer-la-maxima-de-espana-con-261-grados\/maria-jose-moyano-8\/\" rel=\"attachment wp-att-11315\"><img loading=\"lazy\" class=\"aligncenter size-full wp-image-11315\" title=\"maria jose moyano\" src=\"\/tormentas-y-rayos\/wp-content\/uploads\/sites\/12\/2015\/02\/maria-jose-moyano.jpg\" alt=\"\" width=\"640\" height=\"480\" srcset=\"https:\/\/static-blogs.diariosur.es\/wp-content\/uploads\/sites\/12\/2015\/02\/maria-jose-moyano.jpg 640w, https:\/\/static-blogs.diariosur.es\/wp-content\/uploads\/sites\/12\/2015\/02\/maria-jose-moyano-533x400.jpg 533w\" sizes=\"(max-width: 640px) 100vw, 640px\" \/><\/a><\/p>\n<p>&nbsp;<\/p>\n<p><strong>Sandra Rodriguez tambi\u00e9n\u00a0inmortalizaba\u00a0magistralmente el candilazo.<\/strong><\/p>\n<p>&nbsp;<\/p>\n<p>&nbsp;<\/p>\n<p><a href=\"https:\/\/blogs.diariosur.es\/tormentas-y-rayos\/2015\/02\/27\/prevision-del-tiempo-dia-de-andalucia-el-viento-nos-dara-una-tregua-malaga-registro-ayer-la-maxima-de-espana-con-261-grados\/sandra-rodriguez-2\/\" rel=\"attachment wp-att-11322\"><img loading=\"lazy\" class=\"aligncenter size-full wp-image-11322\" title=\"sandra rodriguez\" src=\"\/tormentas-y-rayos\/wp-content\/uploads\/sites\/12\/2015\/02\/sandra-rodriguez1.jpg\" alt=\"\" width=\"640\" height=\"360\" \/><\/a><\/p>\n<p>&nbsp;<\/p>\n<p>&nbsp;<\/p>\n<p>&nbsp;<\/p>\n<p><strong>Ana Gonfer lo cazaba desde el Rinc\u00f3n. Impresionante la foto.<\/strong><\/p>\n<p>&nbsp;<\/p>\n<p><a href=\"https:\/\/blogs.diariosur.es\/tormentas-y-rayos\/2015\/02\/27\/prevision-del-tiempo-dia-de-andalucia-el-viento-nos-dara-una-tregua-malaga-registro-ayer-la-maxima-de-espana-con-261-grados\/ana-gonfer-8\/\" rel=\"attachment wp-att-11316\"><img loading=\"lazy\" class=\"aligncenter size-full wp-image-11316\" title=\"ana gonfer\" src=\"\/tormentas-y-rayos\/wp-content\/uploads\/sites\/12\/2015\/02\/ana-gonfer3.jpg\" alt=\"\" width=\"640\" height=\"360\" \/><\/a><\/p>\n<p>&nbsp;<\/p>\n<p>&nbsp;<\/p>\n<p><strong>Nos vemos ma\u00f1ana amigos de la meteo.<\/strong><\/p>\n","protected":false},"excerpt":{"rendered":"<p>&nbsp; \u00a0Buenos d\u00edas amigos de la meteo, son las siete \u00a0de la ma\u00f1ana, registro 13,8 grados en M\u00e1laga Capital, y en estos momentos no se registran heladas en\u00a0ning\u00fan\u00a0punto de Andaluc\u00eda. Aun que debido al viento la sensaci\u00f3n termica es de mas fr\u00edo \u00a0Los cielos de la Comunidad Andaluza est\u00e1n poco nubosos, las nubes medias y [&hellip;]<\/p>\n","protected":false},"author":16,"featured_media":11323,"comment_status":"open","ping_status":"open","sticky":false,"template":"","format":"standard","meta":[],"categories":[2],"tags":[100,324,809,980],"_links":{"self":[{"href":"https:\/\/blogs.diariosur.es\/tormentas-y-rayos\/wp-json\/wp\/v2\/posts\/11308"}],"collection":[{"href":"https:\/\/blogs.diariosur.es\/tormentas-y-rayos\/wp-json\/wp\/v2\/posts"}],"about":[{"href":"https:\/\/blogs.diariosur.es\/tormentas-y-rayos\/wp-json\/wp\/v2\/types\/post"}],"author":[{"embeddable":true,"href":"https:\/\/blogs.diariosur.es\/tormentas-y-rayos\/wp-json\/wp\/v2\/users\/16"}],"replies":[{"embeddable":true,"href":"https:\/\/blogs.diariosur.es\/tormentas-y-rayos\/wp-json\/wp\/v2\/comments?post=11308"}],"version-history":[{"count":0,"href":"https:\/\/blogs.diariosur.es\/tormentas-y-rayos\/wp-json\/wp\/v2\/posts\/11308\/revisions"}],"wp:featuredmedia":[{"embeddable":true,"href":"https:\/\/blogs.diariosur.es\/tormentas-y-rayos\/wp-json\/wp\/v2\/media\/11323"}],"wp:attachment":[{"href":"https:\/\/blogs.diariosur.es\/tormentas-y-rayos\/wp-json\/wp\/v2\/media?parent=11308"}],"wp:term":[{"taxonomy":"category","embeddable":true,"href":"https:\/\/blogs.diariosur.es\/tormentas-y-rayos\/wp-json\/wp\/v2\/categories?post=11308"},{"taxonomy":"post_tag","embeddable":true,"href":"https:\/\/blogs.diariosur.es\/tormentas-y-rayos\/wp-json\/wp\/v2\/tags?post=11308"}],"curies":[{"name":"wp","href":"https:\/\/api.w.org\/{rel}","templated":true}]}}