{"id":11671,"date":"2015-03-25T07:39:20","date_gmt":"2015-03-25T06:39:20","guid":{"rendered":"http:\/\/blogs.diariosur.es\/tormentas-y-rayos\/?p=11671"},"modified":"2015-03-25T07:39:20","modified_gmt":"2015-03-25T06:39:20","slug":"prevision-del-tiempo-en-andalucia-aviso-amarillo-por-viento-en-malaga-y-en-la-axarquia-espectacular-foto-del-teide-nevado-ayer-martes-24","status":"publish","type":"post","link":"https:\/\/blogs.diariosur.es\/tormentas-y-rayos\/2015\/03\/25\/prevision-del-tiempo-en-andalucia-aviso-amarillo-por-viento-en-malaga-y-en-la-axarquia-espectacular-foto-del-teide-nevado-ayer-martes-24\/","title":{"rendered":"Previsi\u00f3n del tiempo en Andaluc\u00eda. Aviso amarillo por viento en M\u00e1laga y en la Axarqu\u00eda. Espectacular foto del Teide nevado ayer martes 24."},"content":{"rendered":"<p><img loading=\"lazy\" class=\"aligncenter\" src=\"https:\/\/farm3.staticflickr.com\/2898\/14371881571_bbae3518b1_q.jpg\" alt=\"\" width=\"150\" height=\"150\" \/><\/p>\n<p>&nbsp;<\/p>\n<p>&nbsp;<\/p>\n<p>&nbsp;<\/p>\n<p>&nbsp;<\/p>\n<p><strong>Buenos dias amigos de la meteo, son las seis de la ma\u00f1ana, si amigos, \u00a0ya en mi horario habitual, ya que hoy empiezo a currar. <\/strong><\/p>\n<p><strong>Registro 12,5 grados en mi estaci\u00f3n en M\u00e1laga Capital, pero debido al viento de terral de primavera la sensaci\u00f3n termica es de 8. Este viento a medida que pasen las horas soplara mas fuerte.<\/strong><\/p>\n<p><strong> Los chubascos son protagonistas en Granada, Almer\u00eda y Ja\u00e9n, en la zona occidental de nuestra Comunidad Andaluza los cielos est\u00e1n despejados. En la Costa Granadina sobre el\u00a0medid\u00eda\u00a0o primeras horas de la tarde\u00a0pueden caer chubascos fuertes. Os paso una imagen reciente del\u00a0sat\u00e9lite\u00a0eumetsat de las 6:30 de la ma\u00f1ana,\u00a0pod\u00e9is\u00a0ver donde la nubosidad es la protagonista en estos momentos.<\/strong><\/p>\n<p>&nbsp;<\/p>\n<p><a href=\"https:\/\/blogs.diariosur.es\/tormentas-y-rayos\/2015\/03\/25\/prevision-del-tiempo-en-andalucia-aviso-amarillo-por-viento-en-malaga-y-en-la-axarquia-espectacular-foto-del-teide-nevado-ayer-martes-24\/webexterna_colorir87_05-15-4\/\" rel=\"attachment wp-att-11675\"><img loading=\"lazy\" class=\"aligncenter size-medium wp-image-11675\" title=\"webexterna_ColorIR87_[05-15]\" src=\"\/tormentas-y-rayos\/wp-content\/uploads\/sites\/12\/2015\/03\/webexterna_ColorIR87_05-15.jpg\" alt=\"\" width=\"579\" height=\"400\" srcset=\"https:\/\/static-blogs.diariosur.es\/wp-content\/uploads\/sites\/12\/2015\/03\/webexterna_ColorIR87_05-15.jpg 750w, https:\/\/static-blogs.diariosur.es\/wp-content\/uploads\/sites\/12\/2015\/03\/webexterna_ColorIR87_05-15-579x400.jpg 579w\" sizes=\"(max-width: 579px) 100vw, 579px\" \/><\/a><\/p>\n<p><strong>La bolsa de aire fr\u00edo\u00a0dar\u00e1\u00a0sus\u00a0\u00faltimos\u00a0coletazos y deja nevadas en la provincia de Granada, concretamente en la Cuenca \u00a0del Genil, Guadix y Baza a partir de 1400 m. Pero\u00a0tambi\u00e9n\u00a0se quiere despedir de los malague\u00f1os con vientos fuertes de\u00a0terral de primavera. Por estos dos motivos la aemet activa el aviso amarillo por \u00a0rachas de vientos de 70 km\/h en M\u00e1laga y la Axarqu\u00eda hasta las 20:00 horas , y por nevadas de 4 cm \u00a0en las zonas antes mencionadas, este aviso de nevadas \u00a0finalizara a las nueve de la ma\u00f1ana. La zona occidental de nuestra comunidad\u00a0estar\u00e1\u00a0mas tranquila,\u00a0subir\u00e1n\u00a0un poco las\u00a0m\u00e1ximas, pero las\u00a0m\u00ednimas\u00a0bajaran esta\u00a0pr\u00f3xima\u00a0madrugada en toda\u00a0Andaluc\u00eda.\u00a0<\/strong><\/p>\n<p><strong>\u00a0Fuente aemet, meteociel.<\/strong><\/p>\n<p>&nbsp;<\/p>\n<p>&nbsp;<\/p>\n<p><a href=\"https:\/\/blogs.diariosur.es\/tormentas-y-rayos\/2015\/03\/25\/prevision-del-tiempo-en-andalucia-aviso-amarillo-por-viento-en-malaga-y-en-la-axarquia-espectacular-foto-del-teide-nevado-ayer-martes-24\/20150325053000_avi_hoy_ccaa61\/\" rel=\"attachment wp-att-11676\"><img loading=\"lazy\" class=\"aligncenter size-full wp-image-11676\" title=\"20150325053000_avi_hoy_ccaa61\" src=\"\/tormentas-y-rayos\/wp-content\/uploads\/sites\/12\/2015\/03\/20150325053000_avi_hoy_ccaa61.png\" alt=\"\" width=\"500\" height=\"334\" \/><\/a><\/p>\n<p>&nbsp;<\/p>\n<p>&nbsp;<\/p>\n<p>&nbsp;<\/p>\n<p>&nbsp;<\/p>\n<p><a href=\"https:\/\/blogs.diariosur.es\/tormentas-y-rayos\/2015\/03\/25\/prevision-del-tiempo-en-andalucia-aviso-amarillo-por-viento-en-malaga-y-en-la-axarquia-espectacular-foto-del-teide-nevado-ayer-martes-24\/captura-609\/\" rel=\"attachment wp-att-11673\"><img loading=\"lazy\" class=\"aligncenter size-large wp-image-11673\" title=\"Captura\" src=\"\/tormentas-y-rayos\/wp-content\/uploads\/sites\/12\/2015\/03\/Captura18.jpg\" alt=\"\" width=\"586\" height=\"600\" srcset=\"https:\/\/static-blogs.diariosur.es\/wp-content\/uploads\/sites\/12\/2015\/03\/Captura18.jpg 770w, https:\/\/static-blogs.diariosur.es\/wp-content\/uploads\/sites\/12\/2015\/03\/Captura18-391x400.jpg 391w, https:\/\/static-blogs.diariosur.es\/wp-content\/uploads\/sites\/12\/2015\/03\/Captura18-768x786.jpg 768w\" sizes=\"(max-width: 586px) 100vw, 586px\" \/><\/a><\/p>\n<p>&nbsp;<\/p>\n<p><strong>Ma\u00f1ana jueves el anticicl\u00f3n tomara protagonismo y promete quedarse bastantes\u00a0d\u00edas.<\/strong><\/p>\n<p>&nbsp;<\/p>\n<p><a href=\"https:\/\/blogs.diariosur.es\/tormentas-y-rayos\/2015\/03\/25\/prevision-del-tiempo-en-andalucia-aviso-amarillo-por-viento-en-malaga-y-en-la-axarquia-espectacular-foto-del-teide-nevado-ayer-martes-24\/captura-610\/\" rel=\"attachment wp-att-11677\"><img loading=\"lazy\" class=\"aligncenter size-medium wp-image-11677\" title=\"Captura\" src=\"\/tormentas-y-rayos\/wp-content\/uploads\/sites\/12\/2015\/03\/Captura19.jpg\" alt=\"\" width=\"584\" height=\"400\" srcset=\"https:\/\/static-blogs.diariosur.es\/wp-content\/uploads\/sites\/12\/2015\/03\/Captura19.jpg 771w, https:\/\/static-blogs.diariosur.es\/wp-content\/uploads\/sites\/12\/2015\/03\/Captura19-584x400.jpg 584w, https:\/\/static-blogs.diariosur.es\/wp-content\/uploads\/sites\/12\/2015\/03\/Captura19-768x526.jpg 768w\" sizes=\"(max-width: 584px) 100vw, 584px\" \/><\/a><\/p>\n<p><strong>\u00a0Os hago un peque\u00f1o resumen de ayer martes.<\/strong><\/p>\n<p>&nbsp;<\/p>\n<p><strong>V\u00e9lez M\u00e1laga dio ayer la maxima de Andaluc\u00eda con 17,6 grados, la\u00a0m\u00ednima\u00a0la dio Hinojosa del Duque con -0,1. Mi estaci\u00f3n registro 16.9 grados. Aunque los cielos empezaron muy despejados y azules, a partir de la dos de la tarde se nublaron por algunas zonas de nuestra provincia, incluso dejaron chubascos\u00a0espor\u00e1dicos. Esta foto que os pongo la tome sobre las doce y media de la ma\u00f1ana.<\/strong><\/p>\n<p>&nbsp;<\/p>\n<p><img loading=\"lazy\" class=\"aligncenter\" src=\"https:\/\/farm9.staticflickr.com\/8728\/16731782440_306035179b_z.jpg\" alt=\"\" width=\"640\" height=\"427\" \/><\/p>\n<p>&nbsp;<\/p>\n<p><strong>\u00a0Mas tarde los cielos se pusieron asi.<\/strong><\/p>\n<p><strong>Maria Jose Navas desde Fuengirola me mandaba esta foto. Que chula la foto.<\/strong><\/p>\n<p>&nbsp;<\/p>\n<p><a href=\"https:\/\/blogs.diariosur.es\/tormentas-y-rayos\/2015\/03\/25\/prevision-del-tiempo-en-andalucia-aviso-amarillo-por-viento-en-malaga-y-en-la-axarquia-espectacular-foto-del-teide-nevado-ayer-martes-24\/maria-jose-navas-3\/\" rel=\"attachment wp-att-11678\"><img loading=\"lazy\" class=\"aligncenter size-full wp-image-11678\" title=\"maria jose navas\" src=\"\/tormentas-y-rayos\/wp-content\/uploads\/sites\/12\/2015\/03\/maria-jose-navas1.jpg\" alt=\"\" width=\"380\" height=\"676\" srcset=\"https:\/\/static-blogs.diariosur.es\/wp-content\/uploads\/sites\/12\/2015\/03\/maria-jose-navas1.jpg 380w, https:\/\/static-blogs.diariosur.es\/wp-content\/uploads\/sites\/12\/2015\/03\/maria-jose-navas1-225x400.jpg 225w\" sizes=\"(max-width: 380px) 100vw, 380px\" \/><\/a><\/p>\n<p>&nbsp;<\/p>\n<p><strong>Pablo Sppoter me mandaba esta otra foto donde se\u00a0ve\u00edan\u00a0que\u00a0ca\u00edan\u00a0algunos\u00a0chubascos\u00a0en la Sierra de Mijas. Bonita foto amigo.<\/strong><\/p>\n<p>&nbsp;<\/p>\n<p><a href=\"https:\/\/blogs.diariosur.es\/tormentas-y-rayos\/2015\/03\/25\/prevision-del-tiempo-en-andalucia-aviso-amarillo-por-viento-en-malaga-y-en-la-axarquia-espectacular-foto-del-teide-nevado-ayer-martes-24\/pablo-spotter\/\" rel=\"attachment wp-att-11679\"><img loading=\"lazy\" class=\"aligncenter size-full wp-image-11679\" title=\"pablo spotter\" src=\"\/tormentas-y-rayos\/wp-content\/uploads\/sites\/12\/2015\/03\/pablo-spotter.jpg\" alt=\"\" width=\"640\" height=\"384\" \/><\/a><\/p>\n<p>&nbsp;<\/p>\n<p>&nbsp;<\/p>\n<p>&nbsp;<\/p>\n<p><strong>Poco mas que contar amigos, os dejo con este fot\u00f3n de la nevada que tuvo ayer el Teide, una pasada. El autor de la foto se llama Ruben del Campo.<\/strong><\/p>\n<p>&nbsp;<\/p>\n<p><a href=\"https:\/\/blogs.diariosur.es\/tormentas-y-rayos\/2015\/03\/25\/prevision-del-tiempo-en-andalucia-aviso-amarillo-por-viento-en-malaga-y-en-la-axarquia-espectacular-foto-del-teide-nevado-ayer-martes-24\/ruben-del-campo\/\" rel=\"attachment wp-att-11674\"><img loading=\"lazy\" class=\"aligncenter size-full wp-image-11674\" title=\"Ruben del Campo\" src=\"\/tormentas-y-rayos\/wp-content\/uploads\/sites\/12\/2015\/03\/Ruben-del-Campo.jpg\" alt=\"\" width=\"640\" height=\"363\" \/><\/a><\/p>\n<p>&nbsp;<\/p>\n<p>&nbsp;<\/p>\n","protected":false},"excerpt":{"rendered":"<p>&nbsp; &nbsp; &nbsp; &nbsp; Buenos dias amigos de la meteo, son las seis de la ma\u00f1ana, si amigos, \u00a0ya en mi horario habitual, ya que hoy empiezo a currar. Registro 12,5 grados en mi estaci\u00f3n en M\u00e1laga Capital, pero debido al viento de terral de primavera la sensaci\u00f3n termica es de 8. Este viento a [&hellip;]<\/p>\n","protected":false},"author":16,"featured_media":11674,"comment_status":"open","ping_status":"open","sticky":false,"template":"","format":"standard","meta":[],"categories":[2],"tags":[63,91,100,151,587,809,980,1059],"_links":{"self":[{"href":"https:\/\/blogs.diariosur.es\/tormentas-y-rayos\/wp-json\/wp\/v2\/posts\/11671"}],"collection":[{"href":"https:\/\/blogs.diariosur.es\/tormentas-y-rayos\/wp-json\/wp\/v2\/posts"}],"about":[{"href":"https:\/\/blogs.diariosur.es\/tormentas-y-rayos\/wp-json\/wp\/v2\/types\/post"}],"author":[{"embeddable":true,"href":"https:\/\/blogs.diariosur.es\/tormentas-y-rayos\/wp-json\/wp\/v2\/users\/16"}],"replies":[{"embeddable":true,"href":"https:\/\/blogs.diariosur.es\/tormentas-y-rayos\/wp-json\/wp\/v2\/comments?post=11671"}],"version-history":[{"count":0,"href":"https:\/\/blogs.diariosur.es\/tormentas-y-rayos\/wp-json\/wp\/v2\/posts\/11671\/revisions"}],"wp:featuredmedia":[{"embeddable":true,"href":"https:\/\/blogs.diariosur.es\/tormentas-y-rayos\/wp-json\/wp\/v2\/media\/11674"}],"wp:attachment":[{"href":"https:\/\/blogs.diariosur.es\/tormentas-y-rayos\/wp-json\/wp\/v2\/media?parent=11671"}],"wp:term":[{"taxonomy":"category","embeddable":true,"href":"https:\/\/blogs.diariosur.es\/tormentas-y-rayos\/wp-json\/wp\/v2\/categories?post=11671"},{"taxonomy":"post_tag","embeddable":true,"href":"https:\/\/blogs.diariosur.es\/tormentas-y-rayos\/wp-json\/wp\/v2\/tags?post=11671"}],"curies":[{"name":"wp","href":"https:\/\/api.w.org\/{rel}","templated":true}]}}