{"id":11680,"date":"2015-03-26T07:43:36","date_gmt":"2015-03-26T06:43:36","guid":{"rendered":"http:\/\/blogs.diariosur.es\/tormentas-y-rayos\/?p=11680"},"modified":"2015-03-26T07:43:36","modified_gmt":"2015-03-26T06:43:36","slug":"el-tiempo-en-andalucia-pronosticos-el-terral-de-primavera-y-el-poniente-seran-protagonistas-en-las-costas-andaluzas-suben-las-maximas","status":"publish","type":"post","link":"https:\/\/blogs.diariosur.es\/tormentas-y-rayos\/2015\/03\/26\/el-tiempo-en-andalucia-pronosticos-el-terral-de-primavera-y-el-poniente-seran-protagonistas-en-las-costas-andaluzas-suben-las-maximas\/","title":{"rendered":"El tiempo en Andaluc\u00eda pron\u00f3sticos. El terral de primavera y el poniente ser\u00e1n protagonistas en las costas Andaluzas. Suben las m\u00e1ximas."},"content":{"rendered":"<p>&nbsp;<\/p>\n<p><img loading=\"lazy\" class=\"aligncenter\" src=\"https:\/\/farm3.staticflickr.com\/2898\/14371881571_bbae3518b1_q.jpg\" alt=\"\" width=\"150\" height=\"150\" \/><\/p>\n<p>&nbsp;<\/p>\n<p>&nbsp;<\/p>\n<p>&nbsp;<\/p>\n<p>&nbsp;<\/p>\n<p>&nbsp;<\/p>\n<p><strong>Buenos dias amigos de la meteo son las seis de la ma\u00f1ana, mi estaci\u00f3n registra en M\u00e1laga Capital 11 grados, pero debido al viento de terral, \u00a0la sensaci\u00f3n termica es de 7. \u00a0Estas son las\u00a0m\u00ednimas\u00a0que se registraban en\u00a0nuestra Comunidad Andaluza a las cinco de la ma\u00f1ana.\u00a0<\/strong><\/p>\n<p><a href=\"https:\/\/blogs.diariosur.es\/tormentas-y-rayos\/2015\/03\/26\/el-tiempo-en-andalucia-pronosticos-el-terral-de-primavera-y-el-poniente-seran-protagonistas-en-las-costas-andaluzas-suben-las-maximas\/minimas-14\/\" rel=\"attachment wp-att-11690\"><img loading=\"lazy\" class=\"aligncenter size-full wp-image-11690\" title=\"minimas\" src=\"\/tormentas-y-rayos\/wp-content\/uploads\/sites\/12\/2015\/03\/minimas1.jpg\" alt=\"\" width=\"377\" height=\"208\" \/><\/a><a href=\"https:\/\/blogs.diariosur.es\/tormentas-y-rayos\/2015\/03\/26\/el-tiempo-en-andalucia-pronosticos-el-terral-de-primavera-y-el-poniente-seran-protagonistas-en-las-costas-andaluzas-suben-las-maximas\/mini-6\/\" rel=\"attachment wp-att-11691\"><img loading=\"lazy\" class=\"aligncenter size-medium wp-image-11691\" title=\"mini\" src=\"\/tormentas-y-rayos\/wp-content\/uploads\/sites\/12\/2015\/03\/mini2.jpg\" alt=\"\" width=\"568\" height=\"400\" srcset=\"https:\/\/static-blogs.diariosur.es\/wp-content\/uploads\/sites\/12\/2015\/03\/mini2.jpg 719w, https:\/\/static-blogs.diariosur.es\/wp-content\/uploads\/sites\/12\/2015\/03\/mini2-568x400.jpg 568w\" sizes=\"(max-width: 568px) 100vw, 568px\" \/><\/a><\/p>\n<p>&nbsp;<\/p>\n<p>&nbsp;<\/p>\n<p><strong>Los cielos Andaluces lo adornan nubes altas tipo cirrus y altocumulus . Seguro que tendremos un bonito amanecer.<\/strong><\/p>\n<p>&nbsp;<\/p>\n<p><a href=\"https:\/\/blogs.diariosur.es\/tormentas-y-rayos\/2015\/03\/26\/el-tiempo-en-andalucia-pronosticos-el-terral-de-primavera-y-el-poniente-seran-protagonistas-en-las-costas-andaluzas-suben-las-maximas\/webexterna_colorir87_04-45-5\/\" rel=\"attachment wp-att-11681\"><img loading=\"lazy\" class=\"aligncenter size-medium wp-image-11681\" title=\"webexterna_ColorIR87_[04-45]\" src=\"\/tormentas-y-rayos\/wp-content\/uploads\/sites\/12\/2015\/03\/webexterna_ColorIR87_04-45.jpg\" alt=\"\" width=\"579\" height=\"400\" srcset=\"https:\/\/static-blogs.diariosur.es\/wp-content\/uploads\/sites\/12\/2015\/03\/webexterna_ColorIR87_04-45.jpg 750w, https:\/\/static-blogs.diariosur.es\/wp-content\/uploads\/sites\/12\/2015\/03\/webexterna_ColorIR87_04-45-579x400.jpg 579w\" sizes=\"(max-width: 579px) 100vw, 579px\" \/><\/a><\/p>\n<p>&nbsp;<\/p>\n<p>&nbsp;<\/p>\n<p><strong>Os paso una foto desde la terraza.\u00a0<\/strong><\/p>\n<p>&nbsp;<\/p>\n<p>&nbsp;<\/p>\n<p><img loading=\"lazy\" class=\"aligncenter\" src=\"https:\/\/farm8.staticflickr.com\/7652\/16746232340_de79320265_z.jpg\" alt=\"\" width=\"640\" height=\"427\" \/><\/p>\n<p>&nbsp;<\/p>\n<p>&nbsp;<\/p>\n<p><strong>Mi amiga Paqui Lara \u00a0Amores, me acaba de mandar tambi\u00e9n el amanecer de hoy. \u00a0Aqu\u00ed\u00a0se pueden ver mejor los altocumulus lenticularis. Fot\u00f3nnnn amiga<\/strong><\/p>\n<p>&nbsp;<\/p>\n<p>&nbsp;<\/p>\n<p><a href=\"https:\/\/blogs.diariosur.es\/tormentas-y-rayos\/2015\/03\/26\/el-tiempo-en-andalucia-pronosticos-el-terral-de-primavera-y-el-poniente-seran-protagonistas-en-las-costas-andaluzas-suben-las-maximas\/10662026_1056188157729446_2637602816398081815_o_1\/\" rel=\"attachment wp-att-11694\"><img loading=\"lazy\" class=\"aligncenter size-full wp-image-11694\" title=\"10662026_1056188157729446_2637602816398081815_o_1\" src=\"\/tormentas-y-rayos\/wp-content\/uploads\/sites\/12\/2015\/03\/10662026_1056188157729446_2637602816398081815_o_1.jpg\" alt=\"\" width=\"640\" height=\"360\" \/><\/a><\/p>\n<p>&nbsp;<\/p>\n<p>&nbsp;<\/p>\n<p><strong>El terral de primavera y el poniente soplara fuerte en las Costas de nuestra comunidad, asi como tambi\u00e9n por el interior. <\/strong><\/p>\n<p><a href=\"https:\/\/blogs.diariosur.es\/tormentas-y-rayos\/2015\/03\/26\/el-tiempo-en-andalucia-pronosticos-el-terral-de-primavera-y-el-poniente-seran-protagonistas-en-las-costas-andaluzas-suben-las-maximas\/viento-43\/\" rel=\"attachment wp-att-11692\"><img loading=\"lazy\" class=\"aligncenter size-medium wp-image-11692\" title=\"viento\" src=\"\/tormentas-y-rayos\/wp-content\/uploads\/sites\/12\/2015\/03\/viento1.jpg\" alt=\"\" width=\"580\" height=\"400\" srcset=\"https:\/\/static-blogs.diariosur.es\/wp-content\/uploads\/sites\/12\/2015\/03\/viento1.jpg 803w, https:\/\/static-blogs.diariosur.es\/wp-content\/uploads\/sites\/12\/2015\/03\/viento1-581x400.jpg 581w, https:\/\/static-blogs.diariosur.es\/wp-content\/uploads\/sites\/12\/2015\/03\/viento1-768x529.jpg 768w\" sizes=\"(max-width: 580px) 100vw, 580px\" \/><\/a><\/p>\n<p>&nbsp;<\/p>\n<p><strong>Un frente muy debilitado cruza la\u00a0pen\u00ednsula\u00a0dejando chubascos por el norte y nubes altas por el sur. El anticicl\u00f3n tomara \u00a0ma\u00f1ana protagonismo y las\u00a0m\u00e1ximas\u00a0subir\u00e1n\u00a0en toda Andaluc\u00eda. Si ma\u00f1ana sigue el terral en las\u00a0Costas\u00a0Malague\u00f1as, no me\u00a0extra\u00f1ar\u00eda\u00a0que en algunos puntos expuestos a este viento superen los 23 \u00a0grados.<\/strong><\/p>\n<p><strong>Poco mas que contar, os dejo con algunas fotos que me mandasteis ayer. Nos vemos ma\u00f1ana con la previsi\u00f3n del Viernes de Dolores. Muy bonitas todas.<\/strong><\/p>\n<p>&nbsp;<\/p>\n<p>&nbsp;<\/p>\n<p><strong>Juanita Luque.<\/strong><\/p>\n<p>&nbsp;<\/p>\n<p><a href=\"https:\/\/blogs.diariosur.es\/tormentas-y-rayos\/2015\/03\/26\/el-tiempo-en-andalucia-pronosticos-el-terral-de-primavera-y-el-poniente-seran-protagonistas-en-las-costas-andaluzas-suben-las-maximas\/juanita-luque-2\/\" rel=\"attachment wp-att-11683\"><img loading=\"lazy\" class=\"aligncenter size-full wp-image-11683\" title=\"Juanita Luque\" src=\"\/tormentas-y-rayos\/wp-content\/uploads\/sites\/12\/2015\/03\/Juanita-Luque1.jpg\" alt=\"\" width=\"640\" height=\"480\" srcset=\"https:\/\/static-blogs.diariosur.es\/wp-content\/uploads\/sites\/12\/2015\/03\/Juanita-Luque1.jpg 640w, https:\/\/static-blogs.diariosur.es\/wp-content\/uploads\/sites\/12\/2015\/03\/Juanita-Luque1-533x400.jpg 533w\" sizes=\"(max-width: 640px) 100vw, 640px\" \/><\/a><\/p>\n<p>&nbsp;<\/p>\n<p><strong>Juan Canales Carrasco, bonitas virgas<\/strong><\/p>\n<p>&nbsp;<\/p>\n<p><a href=\"https:\/\/blogs.diariosur.es\/tormentas-y-rayos\/2015\/03\/26\/el-tiempo-en-andalucia-pronosticos-el-terral-de-primavera-y-el-poniente-seran-protagonistas-en-las-costas-andaluzas-suben-las-maximas\/juan-canales-carrasco-4\/\" rel=\"attachment wp-att-11684\"><img loading=\"lazy\" class=\"aligncenter size-full wp-image-11684\" title=\"juan canales carrasco\" src=\"\/tormentas-y-rayos\/wp-content\/uploads\/sites\/12\/2015\/03\/juan-canales-carrasco.jpg\" alt=\"\" width=\"640\" height=\"480\" srcset=\"https:\/\/static-blogs.diariosur.es\/wp-content\/uploads\/sites\/12\/2015\/03\/juan-canales-carrasco.jpg 640w, https:\/\/static-blogs.diariosur.es\/wp-content\/uploads\/sites\/12\/2015\/03\/juan-canales-carrasco-533x400.jpg 533w\" sizes=\"(max-width: 640px) 100vw, 640px\" \/><\/a><\/p>\n<p>&nbsp;<\/p>\n<p><strong>Manuel Olea<\/strong><\/p>\n<p>&nbsp;<\/p>\n<p>&nbsp;<\/p>\n<p><a href=\"https:\/\/blogs.diariosur.es\/tormentas-y-rayos\/2015\/03\/26\/el-tiempo-en-andalucia-pronosticos-el-terral-de-primavera-y-el-poniente-seran-protagonistas-en-las-costas-andaluzas-suben-las-maximas\/11078173_10203110933128925_8640431604989044878_o_1\/\" rel=\"attachment wp-att-11685\"><img loading=\"lazy\" class=\"aligncenter size-full wp-image-11685\" title=\"11078173_10203110933128925_8640431604989044878_o_1\" src=\"\/tormentas-y-rayos\/wp-content\/uploads\/sites\/12\/2015\/03\/11078173_10203110933128925_8640431604989044878_o_1.jpg\" alt=\"\" width=\"640\" height=\"325\" \/><\/a><\/p>\n<p><strong>Eva Maria Sosso Prieto.<\/strong><\/p>\n<p><a href=\"https:\/\/blogs.diariosur.es\/tormentas-y-rayos\/2015\/03\/26\/el-tiempo-en-andalucia-pronosticos-el-terral-de-primavera-y-el-poniente-seran-protagonistas-en-las-costas-andaluzas-suben-las-maximas\/eva-maria-sosso-prieto-4\/\" rel=\"attachment wp-att-11687\"><img loading=\"lazy\" class=\"aligncenter size-full wp-image-11687\" title=\"eva maria sosso prieto\" src=\"\/tormentas-y-rayos\/wp-content\/uploads\/sites\/12\/2015\/03\/eva-maria-sosso-prieto.jpg\" alt=\"\" width=\"640\" height=\"480\" srcset=\"https:\/\/static-blogs.diariosur.es\/wp-content\/uploads\/sites\/12\/2015\/03\/eva-maria-sosso-prieto.jpg 640w, https:\/\/static-blogs.diariosur.es\/wp-content\/uploads\/sites\/12\/2015\/03\/eva-maria-sosso-prieto-533x400.jpg 533w\" sizes=\"(max-width: 640px) 100vw, 640px\" \/><\/a><\/p>\n<p>&nbsp;<\/p>\n<p>&nbsp;<\/p>\n<p><strong>Maribel Rodriguez Barcena.<\/strong><\/p>\n<p>&nbsp;<\/p>\n<p><a href=\"https:\/\/blogs.diariosur.es\/tormentas-y-rayos\/2015\/03\/26\/el-tiempo-en-andalucia-pronosticos-el-terral-de-primavera-y-el-poniente-seran-protagonistas-en-las-costas-andaluzas-suben-las-maximas\/maribel-rodriguez-barcena-2\/\" rel=\"attachment wp-att-11688\"><img loading=\"lazy\" class=\"aligncenter size-full wp-image-11688\" title=\"maribel rodriguez barcena\" src=\"\/tormentas-y-rayos\/wp-content\/uploads\/sites\/12\/2015\/03\/maribel-rodriguez-barcena.jpg\" alt=\"\" width=\"640\" height=\"480\" srcset=\"https:\/\/static-blogs.diariosur.es\/wp-content\/uploads\/sites\/12\/2015\/03\/maribel-rodriguez-barcena.jpg 640w, https:\/\/static-blogs.diariosur.es\/wp-content\/uploads\/sites\/12\/2015\/03\/maribel-rodriguez-barcena-533x400.jpg 533w\" sizes=\"(max-width: 640px) 100vw, 640px\" \/><\/a><\/p>\n<p>&nbsp;<\/p>\n<p><strong>Maria Jose Moyano Ponce.<\/strong><\/p>\n<p>&nbsp;<\/p>\n<p><a href=\"https:\/\/blogs.diariosur.es\/tormentas-y-rayos\/2015\/03\/26\/el-tiempo-en-andalucia-pronosticos-el-terral-de-primavera-y-el-poniente-seran-protagonistas-en-las-costas-andaluzas-suben-las-maximas\/11026187_361876050682234_1492997502301222515_n\/\" rel=\"attachment wp-att-11689\"><img loading=\"lazy\" class=\"aligncenter size-full wp-image-11689\" title=\"11026187_361876050682234_1492997502301222515_n\" src=\"\/tormentas-y-rayos\/wp-content\/uploads\/sites\/12\/2015\/03\/11026187_361876050682234_1492997502301222515_n.jpg\" alt=\"\" width=\"640\" height=\"480\" srcset=\"https:\/\/static-blogs.diariosur.es\/wp-content\/uploads\/sites\/12\/2015\/03\/11026187_361876050682234_1492997502301222515_n.jpg 640w, https:\/\/static-blogs.diariosur.es\/wp-content\/uploads\/sites\/12\/2015\/03\/11026187_361876050682234_1492997502301222515_n-533x400.jpg 533w\" sizes=\"(max-width: 640px) 100vw, 640px\" \/><\/a><\/p>\n<p>&nbsp;<\/p>\n<p>&nbsp;<\/p>\n<p><a href=\"https:\/\/blogs.diariosur.es\/tormentas-y-rayos\/2015\/03\/26\/el-tiempo-en-andalucia-pronosticos-el-terral-de-primavera-y-el-poniente-seran-protagonistas-en-las-costas-andaluzas-suben-las-maximas\/captura-611\/\" rel=\"attachment wp-att-11686\"><img loading=\"lazy\" class=\"aligncenter size-medium wp-image-11686\" title=\"Captura\" src=\"\/tormentas-y-rayos\/wp-content\/uploads\/sites\/12\/2015\/03\/Captura20.jpg\" alt=\"\" width=\"519\" height=\"400\" srcset=\"https:\/\/static-blogs.diariosur.es\/wp-content\/uploads\/sites\/12\/2015\/03\/Captura20.jpg 800w, https:\/\/static-blogs.diariosur.es\/wp-content\/uploads\/sites\/12\/2015\/03\/Captura20-519x400.jpg 519w, https:\/\/static-blogs.diariosur.es\/wp-content\/uploads\/sites\/12\/2015\/03\/Captura20-768x591.jpg 768w\" sizes=\"(max-width: 519px) 100vw, 519px\" \/><\/a><\/p>\n","protected":false},"excerpt":{"rendered":"<p>&nbsp; &nbsp; &nbsp; &nbsp; &nbsp; &nbsp; Buenos dias amigos de la meteo son las seis de la ma\u00f1ana, mi estaci\u00f3n registra en M\u00e1laga Capital 11 grados, pero debido al viento de terral, \u00a0la sensaci\u00f3n termica es de 7. \u00a0Estas son las\u00a0m\u00ednimas\u00a0que se registraban en\u00a0nuestra Comunidad Andaluza a las cinco de la ma\u00f1ana.\u00a0 &nbsp; &nbsp; Los [&hellip;]<\/p>\n","protected":false},"author":16,"featured_media":11693,"comment_status":"open","ping_status":"open","sticky":false,"template":"","format":"standard","meta":[],"categories":[2],"tags":[100,358,627,791,824,933,975],"_links":{"self":[{"href":"https:\/\/blogs.diariosur.es\/tormentas-y-rayos\/wp-json\/wp\/v2\/posts\/11680"}],"collection":[{"href":"https:\/\/blogs.diariosur.es\/tormentas-y-rayos\/wp-json\/wp\/v2\/posts"}],"about":[{"href":"https:\/\/blogs.diariosur.es\/tormentas-y-rayos\/wp-json\/wp\/v2\/types\/post"}],"author":[{"embeddable":true,"href":"https:\/\/blogs.diariosur.es\/tormentas-y-rayos\/wp-json\/wp\/v2\/users\/16"}],"replies":[{"embeddable":true,"href":"https:\/\/blogs.diariosur.es\/tormentas-y-rayos\/wp-json\/wp\/v2\/comments?post=11680"}],"version-history":[{"count":0,"href":"https:\/\/blogs.diariosur.es\/tormentas-y-rayos\/wp-json\/wp\/v2\/posts\/11680\/revisions"}],"wp:featuredmedia":[{"embeddable":true,"href":"https:\/\/blogs.diariosur.es\/tormentas-y-rayos\/wp-json\/wp\/v2\/media\/11693"}],"wp:attachment":[{"href":"https:\/\/blogs.diariosur.es\/tormentas-y-rayos\/wp-json\/wp\/v2\/media?parent=11680"}],"wp:term":[{"taxonomy":"category","embeddable":true,"href":"https:\/\/blogs.diariosur.es\/tormentas-y-rayos\/wp-json\/wp\/v2\/categories?post=11680"},{"taxonomy":"post_tag","embeddable":true,"href":"https:\/\/blogs.diariosur.es\/tormentas-y-rayos\/wp-json\/wp\/v2\/tags?post=11680"}],"curies":[{"name":"wp","href":"https:\/\/api.w.org\/{rel}","templated":true}]}}