{"id":11696,"date":"2015-03-27T07:15:36","date_gmt":"2015-03-27T06:15:36","guid":{"rendered":"http:\/\/blogs.diariosur.es\/tormentas-y-rayos\/?p=11696"},"modified":"2015-03-27T07:15:36","modified_gmt":"2015-03-27T06:15:36","slug":"el-tiempo-en-la-semana-santa-de-andalucia-2015-pronostico-viernes-de-dolores-subida-de-temperaturas-estepona-dio-la-maxima-de-espana-con-213","status":"publish","type":"post","link":"https:\/\/blogs.diariosur.es\/tormentas-y-rayos\/2015\/03\/27\/el-tiempo-en-la-semana-santa-de-andalucia-2015-pronostico-viernes-de-dolores-subida-de-temperaturas-estepona-dio-la-maxima-de-espana-con-213\/","title":{"rendered":"El tiempo en la  Semana Santa de Andaluc\u00eda 2015. Pron\u00f3stico Viernes de Dolores. Subida de temperaturas. Estepona dio la maxima de Espa\u00f1a con 21,3."},"content":{"rendered":"<p>&nbsp;<\/p>\n<p>&nbsp;<\/p>\n<p><img loading=\"lazy\" class=\"aligncenter\" src=\"https:\/\/farm6.staticflickr.com\/5566\/14568830453_8e0522e3fc_q.jpg\" alt=\"\" width=\"150\" height=\"150\" \/><\/p>\n<p>&nbsp;<\/p>\n<p>&nbsp;<\/p>\n<p><strong>Buenos dias amigos de la meteo.<\/strong><\/p>\n<p><strong> Antes de nada os quiero dar las gracias a todos los que ayer me mandasteis fotos, como todos\u00a0sab\u00e9is\u00a0los lenticularis fueron los protagonistas. He recibido cerca de 200 fotos y me hubiera encantado ponerlas todas\u00a0aqu\u00ed, pero eso me\u00a0llevar\u00eda\u00a0casi un\u00a0d\u00eda\u00a0entero. Me\u00a0hab\u00e9is\u00a0\u00a0emocionado amigos, os quiero un mont\u00f3n. Poco a poco en lo que queda de a\u00f1o\u00a0ir\u00e9\u00a0poni\u00e9ndolas. El post de hoy va\u00a0dedicado\u00a0a todos vosotros.<\/strong><\/p>\n<p>&nbsp;<\/p>\n<p><a href=\"https:\/\/blogs.diariosur.es\/tormentas-y-rayos\/2015\/03\/27\/el-tiempo-en-la-semana-santa-de-andalucia-2015-pronostico-viernes-de-dolores-subida-de-temperaturas-estepona-dio-la-maxima-de-espana-con-213\/l-8\/\" rel=\"attachment wp-att-11702\"><img loading=\"lazy\" class=\"aligncenter size-full wp-image-11702\" title=\"l\" src=\"\/tormentas-y-rayos\/wp-content\/uploads\/sites\/12\/2015\/03\/l2.jpg\" alt=\"\" width=\"640\" height=\"479\" srcset=\"https:\/\/static-blogs.diariosur.es\/wp-content\/uploads\/sites\/12\/2015\/03\/l2.jpg 640w, https:\/\/static-blogs.diariosur.es\/wp-content\/uploads\/sites\/12\/2015\/03\/l2-534x400.jpg 534w\" sizes=\"(max-width: 640px) 100vw, 640px\" \/><\/a><\/p>\n<p>&nbsp;<\/p>\n<p><strong>Son las seis y media de la ma\u00f1ana, mi estaci\u00f3n en M\u00e1laga Capital registra 16 grados, y en estos momentos no hiela en ninguna zona de Andaluc\u00eda . Los cielos de casi toda la Comunidad Andaluza est\u00e1n despejados y solo veo algo de\u00a0nubosidad\u00a0por el interior oriental.\u00a0<\/strong><\/p>\n<p><strong>Hoy Viernes de Dolores\u00a0subir\u00e1n\u00a0las\u00a0m\u00e1ximas<span style=\"color: #ff0000;\">\u00a0en toda Andaluc\u00eda<\/span>, siendo mas notable estas subida en las zonas expuestas al terral de primavera.\u00a0<\/strong><strong>\u00a0M\u00e1laga Capital, Estepona y V\u00e9lez M\u00e1laga se pueden acercar a los <span style=\"color: #ff0000;\">26 grados<\/span>. En el Valle del Guadalquivir y Huelva rondaran los 21.<\/strong><\/p>\n<p><strong>A partir de hoy\u00a0dar\u00e9\u00a0diariamente los\u00a0<\/strong><strong>pron\u00f3sticos hasta el Domingo de\u00a0Resurrecci\u00f3n.\u00a0<\/strong><\/p>\n<p><strong>Hasta el\u00a0S\u00e1bado\u00a0de Gloria \u00a0veremos a este nuevo nazareno anunciando el tiempo, mi cu\u00f1ado Fefo me lo entrego en primicia anoche jijij.<\/strong><\/p>\n<p>&nbsp;<\/p>\n<p><a href=\"https:\/\/blogs.diariosur.es\/tormentas-y-rayos\/2015\/03\/27\/el-tiempo-en-la-semana-santa-de-andalucia-2015-pronostico-viernes-de-dolores-subida-de-temperaturas-estepona-dio-la-maxima-de-espana-con-213\/nazaplaya\/\" rel=\"attachment wp-att-11697\"><img loading=\"lazy\" class=\"aligncenter size-full wp-image-11697\" title=\"NazaPlaya\" src=\"\/tormentas-y-rayos\/wp-content\/uploads\/sites\/12\/2015\/03\/NazaPlaya.jpg\" alt=\"\" width=\"450\" height=\"550\" srcset=\"https:\/\/static-blogs.diariosur.es\/wp-content\/uploads\/sites\/12\/2015\/03\/NazaPlaya.jpg 450w, https:\/\/static-blogs.diariosur.es\/wp-content\/uploads\/sites\/12\/2015\/03\/NazaPlaya-327x400.jpg 327w\" sizes=\"(max-width: 450px) 100vw, 450px\" \/><\/a><\/p>\n<p>&nbsp;<\/p>\n<p><strong>La tendencia al Domingo de Resurrecci\u00f3n\u00a0no esta muy clara\u00a0aun. Os paso el panel previsto del modelo gfs desde hoy.<\/strong><\/p>\n<p>&nbsp;<\/p>\n<p><a href=\"https:\/\/blogs.diariosur.es\/tormentas-y-rayos\/2015\/03\/27\/el-tiempo-en-la-semana-santa-de-andalucia-2015-pronostico-viernes-de-dolores-subida-de-temperaturas-estepona-dio-la-maxima-de-espana-con-213\/1-109\/\" rel=\"attachment wp-att-11698\"><img loading=\"lazy\" class=\"aligncenter size-medium wp-image-11698\" title=\"1\" src=\"\/tormentas-y-rayos\/wp-content\/uploads\/sites\/12\/2015\/03\/13.jpg\" alt=\"\" width=\"512\" height=\"400\" srcset=\"https:\/\/static-blogs.diariosur.es\/wp-content\/uploads\/sites\/12\/2015\/03\/13.jpg 1012w, https:\/\/static-blogs.diariosur.es\/wp-content\/uploads\/sites\/12\/2015\/03\/13-512x400.jpg 512w, https:\/\/static-blogs.diariosur.es\/wp-content\/uploads\/sites\/12\/2015\/03\/13-768x600.jpg 768w\" sizes=\"(max-width: 512px) 100vw, 512px\" \/><\/a><\/p>\n<p>&nbsp;<\/p>\n<p><a href=\"https:\/\/blogs.diariosur.es\/tormentas-y-rayos\/2015\/03\/27\/el-tiempo-en-la-semana-santa-de-andalucia-2015-pronostico-viernes-de-dolores-subida-de-temperaturas-estepona-dio-la-maxima-de-espana-con-213\/2-79\/\" rel=\"attachment wp-att-11699\"><img loading=\"lazy\" class=\"aligncenter size-medium wp-image-11699\" title=\"2\" src=\"\/tormentas-y-rayos\/wp-content\/uploads\/sites\/12\/2015\/03\/22.jpg\" alt=\"\" width=\"514\" height=\"400\" srcset=\"https:\/\/static-blogs.diariosur.es\/wp-content\/uploads\/sites\/12\/2015\/03\/22.jpg 1006w, https:\/\/static-blogs.diariosur.es\/wp-content\/uploads\/sites\/12\/2015\/03\/22-515x400.jpg 515w, https:\/\/static-blogs.diariosur.es\/wp-content\/uploads\/sites\/12\/2015\/03\/22-768x597.jpg 768w\" sizes=\"(max-width: 514px) 100vw, 514px\" \/><\/a><\/p>\n<p>&nbsp;<\/p>\n<p><strong>Poco mas que contar de hoy amigos de la meteo. Este a\u00f1o y aunque en\u00a0meteorolog\u00eda\u00a0no se puede asegurar nada, no veremos a estos dos nazarenos jijiji.<\/strong><\/p>\n<p>&nbsp;<\/p>\n<p><img loading=\"lazy\" class=\"aligncenter\" src=\"https:\/\/farm9.staticflickr.com\/8631\/16519342847_b792a21d05_n.jpg\" alt=\"\" width=\"275\" height=\"320\" \/><img loading=\"lazy\" class=\"aligncenter\" src=\"https:\/\/farm9.staticflickr.com\/8672\/16725548732_bb10f7d2f4_n.jpg\" alt=\"\" width=\"276\" height=\"320\" \/><\/p>\n<p><strong>Os dejo con los datos mas destacados que se dieron ayer en Andaluc\u00eda. Estepona dio la maxima de Espa\u00f1a. Fuente AEMET.<\/strong><\/p>\n<p>&nbsp;<\/p>\n<p><a href=\"https:\/\/blogs.diariosur.es\/tormentas-y-rayos\/2015\/03\/27\/el-tiempo-en-la-semana-santa-de-andalucia-2015-pronostico-viernes-de-dolores-subida-de-temperaturas-estepona-dio-la-maxima-de-espana-con-213\/captura-612\/\" rel=\"attachment wp-att-11703\"><img loading=\"lazy\" class=\"aligncenter size-medium wp-image-11703\" title=\"Captura\" src=\"\/tormentas-y-rayos\/wp-content\/uploads\/sites\/12\/2015\/03\/Captura21.jpg\" alt=\"\" width=\"600\" height=\"327\" srcset=\"https:\/\/static-blogs.diariosur.es\/wp-content\/uploads\/sites\/12\/2015\/03\/Captura21.jpg 778w, https:\/\/static-blogs.diariosur.es\/wp-content\/uploads\/sites\/12\/2015\/03\/Captura21-640x350.jpg 640w, https:\/\/static-blogs.diariosur.es\/wp-content\/uploads\/sites\/12\/2015\/03\/Captura21-768x420.jpg 768w\" sizes=\"(max-width: 600px) 100vw, 600px\" \/><\/a><\/p>\n<p>&nbsp;<\/p>\n<p>&nbsp;<\/p>\n","protected":false},"excerpt":{"rendered":"<p>&nbsp; &nbsp; &nbsp; &nbsp; Buenos dias amigos de la meteo. Antes de nada os quiero dar las gracias a todos los que ayer me mandasteis fotos, como todos\u00a0sab\u00e9is\u00a0los lenticularis fueron los protagonistas. He recibido cerca de 200 fotos y me hubiera encantado ponerlas todas\u00a0aqu\u00ed, pero eso me\u00a0llevar\u00eda\u00a0casi un\u00a0d\u00eda\u00a0entero. Me\u00a0hab\u00e9is\u00a0\u00a0emocionado amigos, os quiero un mont\u00f3n. Poco [&hellip;]<\/p>\n","protected":false},"author":16,"featured_media":11697,"comment_status":"open","ping_status":"open","sticky":false,"template":"","format":"standard","meta":[],"categories":[2],"tags":[100,358,824,903,934,962],"_links":{"self":[{"href":"https:\/\/blogs.diariosur.es\/tormentas-y-rayos\/wp-json\/wp\/v2\/posts\/11696"}],"collection":[{"href":"https:\/\/blogs.diariosur.es\/tormentas-y-rayos\/wp-json\/wp\/v2\/posts"}],"about":[{"href":"https:\/\/blogs.diariosur.es\/tormentas-y-rayos\/wp-json\/wp\/v2\/types\/post"}],"author":[{"embeddable":true,"href":"https:\/\/blogs.diariosur.es\/tormentas-y-rayos\/wp-json\/wp\/v2\/users\/16"}],"replies":[{"embeddable":true,"href":"https:\/\/blogs.diariosur.es\/tormentas-y-rayos\/wp-json\/wp\/v2\/comments?post=11696"}],"version-history":[{"count":0,"href":"https:\/\/blogs.diariosur.es\/tormentas-y-rayos\/wp-json\/wp\/v2\/posts\/11696\/revisions"}],"wp:featuredmedia":[{"embeddable":true,"href":"https:\/\/blogs.diariosur.es\/tormentas-y-rayos\/wp-json\/wp\/v2\/media\/11697"}],"wp:attachment":[{"href":"https:\/\/blogs.diariosur.es\/tormentas-y-rayos\/wp-json\/wp\/v2\/media?parent=11696"}],"wp:term":[{"taxonomy":"category","embeddable":true,"href":"https:\/\/blogs.diariosur.es\/tormentas-y-rayos\/wp-json\/wp\/v2\/categories?post=11696"},{"taxonomy":"post_tag","embeddable":true,"href":"https:\/\/blogs.diariosur.es\/tormentas-y-rayos\/wp-json\/wp\/v2\/tags?post=11696"}],"curies":[{"name":"wp","href":"https:\/\/api.w.org\/{rel}","templated":true}]}}