{"id":11704,"date":"2015-03-28T07:20:11","date_gmt":"2015-03-28T06:20:11","guid":{"rendered":"http:\/\/blogs.diariosur.es\/tormentas-y-rayos\/?p=11704"},"modified":"2015-03-28T07:20:11","modified_gmt":"2015-03-28T06:20:11","slug":"el-tiempo-en-la-semana-santa-de-andalucia-pronostico-sabado-de-pasion-el-calor-protagonista-velez-malaga-y-rincon-de-la-victoria-dan-la-maxima-de-espana","status":"publish","type":"post","link":"https:\/\/blogs.diariosur.es\/tormentas-y-rayos\/2015\/03\/28\/el-tiempo-en-la-semana-santa-de-andalucia-pronostico-sabado-de-pasion-el-calor-protagonista-velez-malaga-y-rincon-de-la-victoria-dan-la-maxima-de-espana\/","title":{"rendered":"El tiempo en la Semana Santa de Andaluc\u00eda, pron\u00f3stico S\u00e1bado de Pasi\u00f3n. El calor protagonista. V\u00e9lez M\u00e1laga y Rinc\u00f3n de la Victoria dan la maxima de Espa\u00f1a."},"content":{"rendered":"<p><img loading=\"lazy\" class=\"aligncenter\" src=\"https:\/\/farm3.staticflickr.com\/2898\/14371881571_bbae3518b1_q.jpg\" alt=\"\" width=\"150\" height=\"150\" \/><\/p>\n<p>&nbsp;<\/p>\n<p>&nbsp;<\/p>\n<p>&nbsp;<\/p>\n<p>&nbsp;<\/p>\n<p>&nbsp;<\/p>\n<p><strong>Buenos dias amigos de la meteo, son las seis y media de la ma\u00f1ana, mi estaci\u00f3n en M\u00e1laga Capital registra 18 grados y los cielos de toda\u00a0Andaluc\u00eda\u00a0est\u00e1n despejados. <\/strong><\/p>\n<p><strong>Fuente meteogalicia.<\/strong><\/p>\n<p><a href=\"https:\/\/blogs.diariosur.es\/tormentas-y-rayos\/2015\/03\/28\/el-tiempo-en-la-semana-santa-de-andalucia-pronostico-sabado-de-pasion-el-calor-protagonista-velez-malaga-y-rincon-de-la-victoria-dan-la-maxima-de-espana\/webexterna_colorir87_05-15-5\/\" rel=\"attachment wp-att-11705\"><img loading=\"lazy\" class=\"aligncenter size-medium wp-image-11705\" title=\"webexterna_ColorIR87_[05-15]\" src=\"\/tormentas-y-rayos\/wp-content\/uploads\/sites\/12\/2015\/03\/webexterna_ColorIR87_05-151.jpg\" alt=\"\" width=\"579\" height=\"400\" srcset=\"https:\/\/static-blogs.diariosur.es\/wp-content\/uploads\/sites\/12\/2015\/03\/webexterna_ColorIR87_05-151.jpg 750w, https:\/\/static-blogs.diariosur.es\/wp-content\/uploads\/sites\/12\/2015\/03\/webexterna_ColorIR87_05-151-579x400.jpg 579w\" sizes=\"(max-width: 579px) 100vw, 579px\" \/><\/a><\/p>\n<p>&nbsp;<\/p>\n<p><strong>Cuando salga el sol hay posibilidad de que se formen brumas matinales en el Valle del Guadalquivir,\u00a0as\u00ed\u00a0como en algunos puntos del interior oriental de nuestra Comunidad Andaluza.<\/strong><\/p>\n<p>&nbsp;<\/p>\n<p>&nbsp;<\/p>\n<p><a href=\"https:\/\/blogs.diariosur.es\/tormentas-y-rayos\/2015\/03\/28\/el-tiempo-en-la-semana-santa-de-andalucia-pronostico-sabado-de-pasion-el-calor-protagonista-velez-malaga-y-rincon-de-la-victoria-dan-la-maxima-de-espana\/lunes_santo_180y\/\" rel=\"attachment wp-att-11706\"><img loading=\"lazy\" class=\"aligncenter size-medium wp-image-11706\" title=\"LUNES_SANTO_180Y\" src=\"\/tormentas-y-rayos\/wp-content\/uploads\/sites\/12\/2015\/03\/LUNES_SANTO_180Y.jpg\" alt=\"\" width=\"533\" height=\"400\" srcset=\"https:\/\/static-blogs.diariosur.es\/wp-content\/uploads\/sites\/12\/2015\/03\/LUNES_SANTO_180Y.jpg 737w, https:\/\/static-blogs.diariosur.es\/wp-content\/uploads\/sites\/12\/2015\/03\/LUNES_SANTO_180Y-533x400.jpg 533w\" sizes=\"(max-width: 533px) 100vw, 533px\" \/><\/a><\/p>\n<p>&nbsp;<\/p>\n<p><strong>Hoy\u00a0S\u00e1bado\u00a0de Pasi\u00f3n el calor sera el protagonista en toda\u00a0Andaluc\u00eda, el anticicl\u00f3n y la dorsal Africana toman protagonismo y se esperan estas\u00a0m\u00e1ximas\u00a0en Andaluc\u00eda. Fuente meteociel.<\/strong><\/p>\n<p>&nbsp;<\/p>\n<p><a href=\"https:\/\/blogs.diariosur.es\/tormentas-y-rayos\/2015\/03\/28\/el-tiempo-en-la-semana-santa-de-andalucia-pronostico-sabado-de-pasion-el-calor-protagonista-velez-malaga-y-rincon-de-la-victoria-dan-la-maxima-de-espana\/super-2\/\" rel=\"attachment wp-att-11707\"><img loading=\"lazy\" class=\"aligncenter size-medium wp-image-11707\" title=\"super\" src=\"\/tormentas-y-rayos\/wp-content\/uploads\/sites\/12\/2015\/03\/super1.jpg\" alt=\"\" width=\"590\" height=\"400\" srcset=\"https:\/\/static-blogs.diariosur.es\/wp-content\/uploads\/sites\/12\/2015\/03\/super1.jpg 767w, https:\/\/static-blogs.diariosur.es\/wp-content\/uploads\/sites\/12\/2015\/03\/super1-590x400.jpg 590w\" sizes=\"(max-width: 590px) 100vw, 590px\" \/><\/a><\/p>\n<p><a href=\"https:\/\/blogs.diariosur.es\/tormentas-y-rayos\/2015\/03\/28\/el-tiempo-en-la-semana-santa-de-andalucia-pronostico-sabado-de-pasion-el-calor-protagonista-velez-malaga-y-rincon-de-la-victoria-dan-la-maxima-de-espana\/captura-613\/\" rel=\"attachment wp-att-11708\"><img loading=\"lazy\" class=\"aligncenter size-large wp-image-11708\" title=\"Captura\" src=\"\/tormentas-y-rayos\/wp-content\/uploads\/sites\/12\/2015\/03\/Captura22.jpg\" alt=\"\" width=\"615\" height=\"600\" srcset=\"https:\/\/static-blogs.diariosur.es\/wp-content\/uploads\/sites\/12\/2015\/03\/Captura22.jpg 777w, https:\/\/static-blogs.diariosur.es\/wp-content\/uploads\/sites\/12\/2015\/03\/Captura22-411x400.jpg 411w, https:\/\/static-blogs.diariosur.es\/wp-content\/uploads\/sites\/12\/2015\/03\/Captura22-768x748.jpg 768w\" sizes=\"(max-width: 615px) 100vw, 615px\" \/><\/a><\/p>\n<p>&nbsp;<\/p>\n<p>&nbsp;<\/p>\n<p>&nbsp;<\/p>\n<p>&nbsp;<\/p>\n<p><strong>Poco mas que contar de la previsi\u00f3n para hoy amigos de la meteo. Estos dos polimorfos lo dicen todo.<\/strong><\/p>\n<p>&nbsp;<\/p>\n<p>&nbsp;<\/p>\n<p><a href=\"https:\/\/blogs.diariosur.es\/tormentas-y-rayos\/2015\/03\/28\/el-tiempo-en-la-semana-santa-de-andalucia-pronostico-sabado-de-pasion-el-calor-protagonista-velez-malaga-y-rincon-de-la-victoria-dan-la-maxima-de-espana\/16952160135_c7ebd99047_n-horz\/\" rel=\"attachment wp-att-11713\"><img loading=\"lazy\" class=\"aligncenter size-full wp-image-11713\" title=\"16952160135_c7ebd99047_n-horz\" src=\"\/tormentas-y-rayos\/wp-content\/uploads\/sites\/12\/2015\/03\/16952160135_c7ebd99047_n-horz.jpg\" alt=\"\" width=\"633\" height=\"374\" \/><\/a><\/p>\n<p>&nbsp;<\/p>\n<p>&nbsp;<\/p>\n<p>&nbsp;<\/p>\n<p><strong>Ayer Viernes de Dolores, \u00a0V\u00e9lez M\u00e1laga y el Rinc\u00f3n de la Victoria dieron la maxima de Espa\u00f1a con 28,7 y 28,6. <\/strong><\/p>\n<p><strong>Muchos me preguntareis, !! Jose , si en el Rinc\u00f3n no llega el terral !!, en ocasiones muy contadas si llega amigos, concretamenete el 14 de julio del 2012 registro 41,7 grados.\u00a0<\/strong><\/p>\n<p><strong><a href=\"https:\/\/blogs.diariosur.es\/tormentas-y-rayos\/2012\/07\/16\/porque-el-sabado-el-rincon-de-la-victoria-llego-a-417-grados-record-historico\/\">OS PASO EL ENLACE DONDE EXPLICO EL POR QU\u00c9 ALGUNAS VECES LLEGA EL TERRAL AL RINC\u00d3N DE LA VICTORIA.<\/a><\/strong><\/p>\n<p>&nbsp;<\/p>\n<p><a href=\"https:\/\/blogs.diariosur.es\/tormentas-y-rayos\/2015\/03\/28\/el-tiempo-en-la-semana-santa-de-andalucia-pronostico-sabado-de-pasion-el-calor-protagonista-velez-malaga-y-rincon-de-la-victoria-dan-la-maxima-de-espana\/captura-614\/\" rel=\"attachment wp-att-11712\"><img loading=\"lazy\" class=\"aligncenter size-medium wp-image-11712\" title=\"Captura\" src=\"\/tormentas-y-rayos\/wp-content\/uploads\/sites\/12\/2015\/03\/Captura23.jpg\" alt=\"\" width=\"600\" height=\"331\" srcset=\"https:\/\/static-blogs.diariosur.es\/wp-content\/uploads\/sites\/12\/2015\/03\/Captura23.jpg 774w, https:\/\/static-blogs.diariosur.es\/wp-content\/uploads\/sites\/12\/2015\/03\/Captura23-640x354.jpg 640w, https:\/\/static-blogs.diariosur.es\/wp-content\/uploads\/sites\/12\/2015\/03\/Captura23-768x425.jpg 768w\" sizes=\"(max-width: 600px) 100vw, 600px\" \/><\/a><a href=\"https:\/\/blogs.diariosur.es\/tormentas-y-rayos\/2015\/03\/28\/el-tiempo-en-la-semana-santa-de-andalucia-pronostico-sabado-de-pasion-el-calor-protagonista-velez-malaga-y-rincon-de-la-victoria-dan-la-maxima-de-espana\/mamama\/\" rel=\"attachment wp-att-11710\"><img loading=\"lazy\" class=\"aligncenter size-full wp-image-11710\" title=\"mamama\" src=\"\/tormentas-y-rayos\/wp-content\/uploads\/sites\/12\/2015\/03\/mamama.jpg\" alt=\"\" width=\"391\" height=\"376\" \/><\/a><\/p>\n<p>&nbsp;<\/p>\n","protected":false},"excerpt":{"rendered":"<p>&nbsp; &nbsp; &nbsp; &nbsp; &nbsp; Buenos dias amigos de la meteo, son las seis y media de la ma\u00f1ana, mi estaci\u00f3n en M\u00e1laga Capital registra 18 grados y los cielos de toda\u00a0Andaluc\u00eda\u00a0est\u00e1n despejados. Fuente meteogalicia. &nbsp; Cuando salga el sol hay posibilidad de que se formen brumas matinales en el Valle del Guadalquivir,\u00a0as\u00ed\u00a0como en algunos [&hellip;]<\/p>\n","protected":false},"author":16,"featured_media":11715,"comment_status":"open","ping_status":"open","sticky":false,"template":"","format":"standard","meta":[],"categories":[2],"tags":[100,358,824,903],"_links":{"self":[{"href":"https:\/\/blogs.diariosur.es\/tormentas-y-rayos\/wp-json\/wp\/v2\/posts\/11704"}],"collection":[{"href":"https:\/\/blogs.diariosur.es\/tormentas-y-rayos\/wp-json\/wp\/v2\/posts"}],"about":[{"href":"https:\/\/blogs.diariosur.es\/tormentas-y-rayos\/wp-json\/wp\/v2\/types\/post"}],"author":[{"embeddable":true,"href":"https:\/\/blogs.diariosur.es\/tormentas-y-rayos\/wp-json\/wp\/v2\/users\/16"}],"replies":[{"embeddable":true,"href":"https:\/\/blogs.diariosur.es\/tormentas-y-rayos\/wp-json\/wp\/v2\/comments?post=11704"}],"version-history":[{"count":0,"href":"https:\/\/blogs.diariosur.es\/tormentas-y-rayos\/wp-json\/wp\/v2\/posts\/11704\/revisions"}],"wp:featuredmedia":[{"embeddable":true,"href":"https:\/\/blogs.diariosur.es\/tormentas-y-rayos\/wp-json\/wp\/v2\/media\/11715"}],"wp:attachment":[{"href":"https:\/\/blogs.diariosur.es\/tormentas-y-rayos\/wp-json\/wp\/v2\/media?parent=11704"}],"wp:term":[{"taxonomy":"category","embeddable":true,"href":"https:\/\/blogs.diariosur.es\/tormentas-y-rayos\/wp-json\/wp\/v2\/categories?post=11704"},{"taxonomy":"post_tag","embeddable":true,"href":"https:\/\/blogs.diariosur.es\/tormentas-y-rayos\/wp-json\/wp\/v2\/tags?post=11704"}],"curies":[{"name":"wp","href":"https:\/\/api.w.org\/{rel}","templated":true}]}}