{"id":11716,"date":"2015-03-29T08:20:30","date_gmt":"2015-03-29T06:20:30","guid":{"rendered":"http:\/\/blogs.diariosur.es\/tormentas-y-rayos\/?p=11716"},"modified":"2015-03-29T08:20:30","modified_gmt":"2015-03-29T06:20:30","slug":"pronosticos-del-tiempo-en-andalucia-domingo-de-ramos-caluroso-torremolinos-y-malaga-dan-la-maxima-de-espana-con-302-y-301-grados","status":"publish","type":"post","link":"https:\/\/blogs.diariosur.es\/tormentas-y-rayos\/2015\/03\/29\/pronosticos-del-tiempo-en-andalucia-domingo-de-ramos-caluroso-torremolinos-y-malaga-dan-la-maxima-de-espana-con-302-y-301-grados\/","title":{"rendered":"Pron\u00f3sticos del tiempo en Andaluc\u00eda. Domingo de Ramos caluroso. Torremolinos y M\u00e1laga dan la maxima de Espa\u00f1a con 30,2 y 30,1 grados."},"content":{"rendered":"<p><img loading=\"lazy\" class=\"aligncenter\" src=\"https:\/\/farm3.staticflickr.com\/2898\/14371881571_bbae3518b1_q.jpg\" alt=\"\" width=\"150\" height=\"150\" \/><\/p>\n<p>&nbsp;<\/p>\n<p>&nbsp;<\/p>\n<p><strong>Buenos\u00a0d\u00edas\u00a0amigos de la meteo, son las ocho de la ma\u00f1ana, mi\u00a0estaci\u00f3n en M\u00e1laga Capital registra 19,5 grados y los cielos Andaluces est\u00e1n despejados.\u00a0<\/strong><\/p>\n<p><strong>Amigo Paco Alba antes de que se me olvide jijijij, el terral aunque\u00a0seguir\u00e1\u00a0soplando, lo\u00a0har\u00e1 \u00a0mas flojo en cuanto velocidad. \u00a0Incluso en algunos momentos en la Costa\u00a0Mediterr\u00e1nea\u00a0Andaluza\u00a0habr\u00e1\u00a0alguna reboza de sureste. La maxima puede estar entre los 27 y 30 grados seg\u00fan las zonas.\u00a0<\/strong><\/p>\n<p><strong>Pues ya llego el Domingo de Ramos amigos de la meteo , esta ma\u00f1ana los ni\u00f1os son los protagonistas. Esta foto es de hace muchos a\u00f1os, son de unos amigos\u00a0m\u00edos, ese\u00a0d\u00eda\u00a0el fresquete era el protagonista, e\u00a0incluso\u00a0recuerdo que cayeron algunas gotas.<\/strong><\/p>\n<p>&nbsp;<\/p>\n<p style=\"text-align: center;\"><img loading=\"lazy\" class=\"aligncenter\" src=\"\/\/api.ning.com\/files\/mAk8vtc4TowFOb6LD6mOdo9jOe7Es1UIfcXl9vF4tp25gOhJsP4-pm4WkUjmc2hURoQzRAx6cvu2Oa22sAbFQOZHJgQjXGgy\/DOMINGODERAMOS.jpg?width=727&#038;height=600\" alt=\"\" width=\"582\" height=\"480\" \/><\/p>\n<p>&nbsp;<\/p>\n<p><strong>Hoy Domingo de Ramos \u00a0nuestra Comunidad Andaluza disfrutara de un\u00a0d\u00eda\u00a0veraniego, y nuevamente en algunos puntos se pueden alcanzar los 30 grados. La manga corta y el ba\u00f1ador\u00a0ser\u00e1n\u00a0los protagonistas.<\/strong><\/p>\n<p>&nbsp;<\/p>\n<p>&nbsp;<\/p>\n<p style=\"text-align: center;\"><a href=\"https:\/\/blogs.diariosur.es\/tormentas-y-rayos\/2015\/03\/29\/pronosticos-del-tiempo-en-andalucia-domingo-de-ramos-caluroso-torremolinos-y-malaga-dan-la-maxima-de-espana-con-302-y-301-grados\/16952160135_c7ebd99047_n-horz-3\/\" rel=\"attachment wp-att-11720\"><img loading=\"lazy\" class=\"aligncenter  wp-image-11720\" title=\"16952160135_c7ebd99047_n-horz\" src=\"\/tormentas-y-rayos\/wp-content\/uploads\/sites\/12\/2015\/03\/16952160135_c7ebd99047_n-horz2.jpg\" alt=\"\" width=\"570\" height=\"337\" \/><\/a><\/p>\n<p>&nbsp;<\/p>\n<p>&nbsp;<\/p>\n<p>&nbsp;<\/p>\n<p><a href=\"https:\/\/blogs.diariosur.es\/tormentas-y-rayos\/2015\/03\/29\/pronosticos-del-tiempo-en-andalucia-domingo-de-ramos-caluroso-torremolinos-y-malaga-dan-la-maxima-de-espana-con-302-y-301-grados\/ttttt-2\/\" rel=\"attachment wp-att-11717\"><img loading=\"lazy\" class=\"aligncenter size-medium wp-image-11717\" title=\"ttttt\" src=\"\/tormentas-y-rayos\/wp-content\/uploads\/sites\/12\/2015\/03\/ttttt.jpg\" alt=\"\" width=\"585\" height=\"400\" srcset=\"https:\/\/static-blogs.diariosur.es\/wp-content\/uploads\/sites\/12\/2015\/03\/ttttt.jpg 796w, https:\/\/static-blogs.diariosur.es\/wp-content\/uploads\/sites\/12\/2015\/03\/ttttt-585x400.jpg 585w, https:\/\/static-blogs.diariosur.es\/wp-content\/uploads\/sites\/12\/2015\/03\/ttttt-768x525.jpg 768w\" sizes=\"(max-width: 585px) 100vw, 585px\" \/><\/a><\/p>\n<p>&nbsp;<\/p>\n<p style=\"text-align: center;\"><img loading=\"lazy\" class=\"aligncenter\" src=\"\/\/api.ning.com\/files\/YptWUG-pLvju93HA0VolnbBUDftTuzkJlOo60lz1We1fs4K8bElYK5bXckk6ynfJwk80FPcqHFAEq6s0QayEY69j9cM3QwO4\/cof.jpg?width=735&#038;height=600\" alt=\"\" width=\"588\" height=\"480\" \/><\/p>\n<p>&nbsp;<\/p>\n<p><strong>Poco mas que contar del pronostico de hoy, os dejo con los datos mas destacados que se dieron ayer en Andaluc\u00eda.\u00a0<\/strong><\/p>\n<p><strong>Como muchos\u00a0sab\u00e9is Torremolinos,\u00a0seguida\u00a0de M\u00e1laga Capital dieron la maxima de Espa\u00f1a con 30,2 y 30,1 grados.\u00a0\u00a0De todas formas el\u00a0r\u00e9cord\u00a0de maxima para un mes de Marzo \u00a0en Malaga Capital es de \u00a031,4 grados, esta temperatura se dio el 26 del 1988.<\/strong><\/p>\n<p><strong> Os paso las\u00a0m\u00e1ximas\u00a0mas altas que se han dado en un mes \u00a0Marzo en Andaluc\u00eda.<\/strong><\/p>\n<p><strong>Almer\u00eda 32,4 , C\u00e1diz 29,\u00a0C\u00f3rdoba\u00a030,6, Granada 30, Huelva 31, Ja\u00e9n 29,8 y por ultimo Sevilla 30,8. No me\u00a0extra\u00f1ar\u00eda que\u00a0Sevilla y C\u00f3rdoba \u00a0puedan batir esta marca en estos\u00a0d\u00edas\u00a0que quedan del mes.<\/strong><\/p>\n<p><strong>Hasta ma\u00f1ana amigos<\/strong><\/p>\n<p><strong>Fuente AEMET.<\/strong><\/p>\n<p>&nbsp;<\/p>\n<p><a href=\"https:\/\/blogs.diariosur.es\/tormentas-y-rayos\/2015\/03\/29\/pronosticos-del-tiempo-en-andalucia-domingo-de-ramos-caluroso-torremolinos-y-malaga-dan-la-maxima-de-espana-con-302-y-301-grados\/captura-615\/\" rel=\"attachment wp-att-11718\"><img loading=\"lazy\" class=\"aligncenter size-large wp-image-11718\" title=\"Captura\" src=\"\/tormentas-y-rayos\/wp-content\/uploads\/sites\/12\/2015\/03\/Captura24.jpg\" alt=\"\" width=\"550\" height=\"600\" srcset=\"https:\/\/static-blogs.diariosur.es\/wp-content\/uploads\/sites\/12\/2015\/03\/Captura24.jpg 789w, https:\/\/static-blogs.diariosur.es\/wp-content\/uploads\/sites\/12\/2015\/03\/Captura24-367x400.jpg 367w, https:\/\/static-blogs.diariosur.es\/wp-content\/uploads\/sites\/12\/2015\/03\/Captura24-768x837.jpg 768w\" sizes=\"(max-width: 550px) 100vw, 550px\" \/><\/a><a href=\"https:\/\/blogs.diariosur.es\/tormentas-y-rayos\/2015\/03\/29\/pronosticos-del-tiempo-en-andalucia-domingo-de-ramos-caluroso-torremolinos-y-malaga-dan-la-maxima-de-espana-con-302-y-301-grados\/t-12\/\" rel=\"attachment wp-att-11719\"><img loading=\"lazy\" class=\"aligncenter size-full wp-image-11719\" title=\"t\" src=\"\/tormentas-y-rayos\/wp-content\/uploads\/sites\/12\/2015\/03\/t1.jpg\" alt=\"\" width=\"396\" height=\"378\" \/><\/a><\/p>\n<p>&nbsp;<\/p>\n<p><strong>\u00a0\u00a0<\/strong><\/p>\n<p>&nbsp;<\/p>\n","protected":false},"excerpt":{"rendered":"<p>&nbsp; &nbsp; Buenos\u00a0d\u00edas\u00a0amigos de la meteo, son las ocho de la ma\u00f1ana, mi\u00a0estaci\u00f3n en M\u00e1laga Capital registra 19,5 grados y los cielos Andaluces est\u00e1n despejados.\u00a0 Amigo Paco Alba antes de que se me olvide jijijij, el terral aunque\u00a0seguir\u00e1\u00a0soplando, lo\u00a0har\u00e1 \u00a0mas flojo en cuanto velocidad. \u00a0Incluso en algunos momentos en la Costa\u00a0Mediterr\u00e1nea\u00a0Andaluza\u00a0habr\u00e1\u00a0alguna reboza de sureste. La [&hellip;]<\/p>\n","protected":false},"author":16,"featured_media":11721,"comment_status":"open","ping_status":"open","sticky":false,"template":"","format":"standard","meta":[],"categories":[2],"tags":[99,342,824,980],"_links":{"self":[{"href":"https:\/\/blogs.diariosur.es\/tormentas-y-rayos\/wp-json\/wp\/v2\/posts\/11716"}],"collection":[{"href":"https:\/\/blogs.diariosur.es\/tormentas-y-rayos\/wp-json\/wp\/v2\/posts"}],"about":[{"href":"https:\/\/blogs.diariosur.es\/tormentas-y-rayos\/wp-json\/wp\/v2\/types\/post"}],"author":[{"embeddable":true,"href":"https:\/\/blogs.diariosur.es\/tormentas-y-rayos\/wp-json\/wp\/v2\/users\/16"}],"replies":[{"embeddable":true,"href":"https:\/\/blogs.diariosur.es\/tormentas-y-rayos\/wp-json\/wp\/v2\/comments?post=11716"}],"version-history":[{"count":0,"href":"https:\/\/blogs.diariosur.es\/tormentas-y-rayos\/wp-json\/wp\/v2\/posts\/11716\/revisions"}],"wp:featuredmedia":[{"embeddable":true,"href":"https:\/\/blogs.diariosur.es\/tormentas-y-rayos\/wp-json\/wp\/v2\/media\/11721"}],"wp:attachment":[{"href":"https:\/\/blogs.diariosur.es\/tormentas-y-rayos\/wp-json\/wp\/v2\/media?parent=11716"}],"wp:term":[{"taxonomy":"category","embeddable":true,"href":"https:\/\/blogs.diariosur.es\/tormentas-y-rayos\/wp-json\/wp\/v2\/categories?post=11716"},{"taxonomy":"post_tag","embeddable":true,"href":"https:\/\/blogs.diariosur.es\/tormentas-y-rayos\/wp-json\/wp\/v2\/tags?post=11716"}],"curies":[{"name":"wp","href":"https:\/\/api.w.org\/{rel}","templated":true}]}}