{"id":11740,"date":"2015-03-31T08:36:28","date_gmt":"2015-03-31T06:36:28","guid":{"rendered":"http:\/\/blogs.diariosur.es\/tormentas-y-rayos\/?p=11740"},"modified":"2015-03-31T08:36:28","modified_gmt":"2015-03-31T06:36:28","slug":"el-tiempo-en-semana-santa-en-andalucia-pronosticos-seguimos-con-un-verano-anticipado-fotos-del-cautivo-de-malaga","status":"publish","type":"post","link":"https:\/\/blogs.diariosur.es\/tormentas-y-rayos\/2015\/03\/31\/el-tiempo-en-semana-santa-en-andalucia-pronosticos-seguimos-con-un-verano-anticipado-fotos-del-cautivo-de-malaga\/","title":{"rendered":"El tiempo en Semana Santa en  Andaluc\u00eda pron\u00f3sticos. Seguimos  con un verano anticipado. Fotos del Cautivo de M\u00e1laga."},"content":{"rendered":"<p>&nbsp;<\/p>\n<p>&nbsp;<\/p>\n<p><img loading=\"lazy\" class=\"aligncenter\" src=\"https:\/\/farm6.staticflickr.com\/5566\/14568830453_8e0522e3fc_q.jpg\" alt=\"\" width=\"150\" height=\"150\" \/><\/p>\n<p>&nbsp;<\/p>\n<p>&nbsp;<\/p>\n<p>&nbsp;<\/p>\n<p>&nbsp;<\/p>\n<p><strong>Buenos dias amigos de la meteo, son las ocho de la ma\u00f1ana, mi estaci\u00f3n en M\u00e1laga Capital registra 20,2 grados y los cielos Andaluces est\u00e1n poco nubosos. Posibles brumas o nieblas en el Litoral Mediterr\u00e1neo y Atl\u00e1ntico.\u00a0<\/strong><\/p>\n<p><strong> El domingo pasado se\u00a0bati\u00f3\u00a0el anterior r\u00e9cord de temperatura\u00a0m\u00ednima\u00a0mas alta para un mes de marzo en la Capital Malague\u00f1a. El anterior registro estaba en 19,4 \u00a0y el nuevo\u00a0r\u00e9cord es de 20,1 grados.\u00a0\u00a0Hoy, y si los datos de mi estaci\u00f3n se asemejan a los datos del\u00a0Aeropuerto, nuevamente habremos batido el\u00a0r\u00e9cord\u00a0del domingo pasado con 20,2 grados. En unos\u00a0d\u00edas\u00a0lo sabremos.<\/strong><\/p>\n<p>&nbsp;<\/p>\n<p>&nbsp;<\/p>\n<p><img loading=\"lazy\" class=\"aligncenter\" src=\"https:\/\/farm8.staticflickr.com\/7626\/16799050770_92e7749856_z.jpg\" alt=\"\" width=\"640\" height=\"428\" \/><\/p>\n<p>&nbsp;<\/p>\n<p>&nbsp;<\/p>\n<p>&nbsp;<\/p>\n<p>&nbsp;<\/p>\n<p><strong>Nuestra Comunidad Andaluza\u00a0seguir\u00e1\u00a0hoy con un verano\u00a0anticipado, incluso en el Valle del Guadaquivir y zonas del interior de Huelva las\u00a0m\u00e1ximas\u00a0pueden subir. Hoy se pueden batir\u00a0alg\u00fan\u00a0r\u00e9cord\u00a0de\u00a0m\u00e1ximas\u00a0mas\u00a0alta\u00a0para un mes de Marzo en esas zonas. En el Litoral\u00a0Mediterr\u00e1neo\u00a0Andaluz bajaran un poco, esta bajada se notara mas a partir de ma\u00f1ana\u00a0Mi\u00e9rcoles\u00a0y el jueves.<\/strong><\/p>\n<p><strong>El levante tomara\u00a0protagonismo a partir del\u00a0mediod\u00eda\u00a0de ma\u00f1ana, soplando con rachas fuertes en el Estrecho. Pero de esto ultimo hablaremos ma\u00f1ana cuando\u00a0actualice\u00a0el blog.\u00a0<\/strong><\/p>\n<p>&nbsp;<\/p>\n<p><a href=\"https:\/\/blogs.diariosur.es\/tormentas-y-rayos\/2015\/03\/31\/el-tiempo-en-semana-santa-en-andalucia-pronosticos-seguimos-con-un-verano-anticipado-fotos-del-cautivo-de-malaga\/16952160135_c7ebd99047_n-horz-5\/\" rel=\"attachment wp-att-11741\"><img loading=\"lazy\" class=\"aligncenter size-full wp-image-11741\" title=\"16952160135_c7ebd99047_n-horz\" src=\"\/tormentas-y-rayos\/wp-content\/uploads\/sites\/12\/2015\/03\/16952160135_c7ebd99047_n-horz4.jpg\" alt=\"\" width=\"633\" height=\"374\" \/><\/a><\/p>\n<p>&nbsp;<\/p>\n<p>&nbsp;<\/p>\n<p><strong>Os dejo con algunas fotos del Cautivo, espero que os guste.<\/strong><\/p>\n<p>&nbsp;<\/p>\n<p><img loading=\"lazy\" class=\"aligncenter\" src=\"https:\/\/farm8.staticflickr.com\/7586\/16798781258_c45b6401ed_z.jpg\" alt=\"\" width=\"640\" height=\"428\" \/><\/p>\n<p>&nbsp;<\/p>\n<p><img loading=\"lazy\" class=\"aligncenter\" src=\"https:\/\/farm9.staticflickr.com\/8711\/16799050560_af5a50eaa9_z.jpg\" alt=\"\" width=\"640\" height=\"428\" \/><\/p>\n<p>&nbsp;<\/p>\n<p><img loading=\"lazy\" class=\"aligncenter\" src=\"https:\/\/farm9.staticflickr.com\/8704\/16986493015_ccb1bfaedf_z.jpg\" alt=\"\" width=\"640\" height=\"428\" \/><\/p>\n<p>&nbsp;<\/p>\n<p><img loading=\"lazy\" class=\"aligncenter\" src=\"https:\/\/farm9.staticflickr.com\/8697\/16366401003_5e0da29f52_z.jpg\" alt=\"\" width=\"640\" height=\"503\" \/><\/p>\n<p>&nbsp;<\/p>\n<p><a href=\"https:\/\/blogs.diariosur.es\/tormentas-y-rayos\/2015\/03\/31\/el-tiempo-en-semana-santa-en-andalucia-pronosticos-seguimos-con-un-verano-anticipado-fotos-del-cautivo-de-malaga\/_dsc7919\/\" rel=\"attachment wp-att-11743\"><img loading=\"lazy\" class=\"aligncenter size-full wp-image-11743\" title=\"_DSC7919\" src=\"\/tormentas-y-rayos\/wp-content\/uploads\/sites\/12\/2015\/03\/DSC7919.jpg\" alt=\"\" width=\"640\" height=\"427\" srcset=\"https:\/\/static-blogs.diariosur.es\/wp-content\/uploads\/sites\/12\/2015\/03\/DSC7919.jpg 640w, https:\/\/static-blogs.diariosur.es\/wp-content\/uploads\/sites\/12\/2015\/03\/DSC7919-600x400.jpg 600w\" sizes=\"(max-width: 640px) 100vw, 640px\" \/><\/a><\/p>\n","protected":false},"excerpt":{"rendered":"<p>&nbsp; &nbsp; &nbsp; &nbsp; &nbsp; &nbsp; Buenos dias amigos de la meteo, son las ocho de la ma\u00f1ana, mi estaci\u00f3n en M\u00e1laga Capital registra 20,2 grados y los cielos Andaluces est\u00e1n poco nubosos. Posibles brumas o nieblas en el Litoral Mediterr\u00e1neo y Atl\u00e1ntico.\u00a0 El domingo pasado se\u00a0bati\u00f3\u00a0el anterior r\u00e9cord de temperatura\u00a0m\u00ednima\u00a0mas alta para un mes [&hellip;]<\/p>\n","protected":false},"author":16,"featured_media":11742,"comment_status":"open","ping_status":"open","sticky":false,"template":"","format":"standard","meta":[],"categories":[2],"tags":[100,237,358,424,587,903],"_links":{"self":[{"href":"https:\/\/blogs.diariosur.es\/tormentas-y-rayos\/wp-json\/wp\/v2\/posts\/11740"}],"collection":[{"href":"https:\/\/blogs.diariosur.es\/tormentas-y-rayos\/wp-json\/wp\/v2\/posts"}],"about":[{"href":"https:\/\/blogs.diariosur.es\/tormentas-y-rayos\/wp-json\/wp\/v2\/types\/post"}],"author":[{"embeddable":true,"href":"https:\/\/blogs.diariosur.es\/tormentas-y-rayos\/wp-json\/wp\/v2\/users\/16"}],"replies":[{"embeddable":true,"href":"https:\/\/blogs.diariosur.es\/tormentas-y-rayos\/wp-json\/wp\/v2\/comments?post=11740"}],"version-history":[{"count":0,"href":"https:\/\/blogs.diariosur.es\/tormentas-y-rayos\/wp-json\/wp\/v2\/posts\/11740\/revisions"}],"wp:featuredmedia":[{"embeddable":true,"href":"https:\/\/blogs.diariosur.es\/tormentas-y-rayos\/wp-json\/wp\/v2\/media\/11742"}],"wp:attachment":[{"href":"https:\/\/blogs.diariosur.es\/tormentas-y-rayos\/wp-json\/wp\/v2\/media?parent=11740"}],"wp:term":[{"taxonomy":"category","embeddable":true,"href":"https:\/\/blogs.diariosur.es\/tormentas-y-rayos\/wp-json\/wp\/v2\/categories?post=11740"},{"taxonomy":"post_tag","embeddable":true,"href":"https:\/\/blogs.diariosur.es\/tormentas-y-rayos\/wp-json\/wp\/v2\/tags?post=11740"}],"curies":[{"name":"wp","href":"https:\/\/api.w.org\/{rel}","templated":true}]}}