{"id":11744,"date":"2015-03-31T10:00:18","date_gmt":"2015-03-31T08:00:18","guid":{"rendered":"http:\/\/blogs.diariosur.es\/tormentas-y-rayos\/?p=11744"},"modified":"2015-03-31T10:00:18","modified_gmt":"2015-03-31T08:00:18","slug":"os-doy-una-gran-noticia-amigos-de-la-meteo-he-quedado-primero-en-el-concurso-de-meteoreportaje-2014-de-la-ame","status":"publish","type":"post","link":"https:\/\/blogs.diariosur.es\/tormentas-y-rayos\/2015\/03\/31\/os-doy-una-gran-noticia-amigos-de-la-meteo-he-quedado-primero-en-el-concurso-de-meteoreportaje-2014-de-la-ame\/","title":{"rendered":"Os doy una gran noticia amigos de la meteo. He quedado primero en el concurso de Meteoreportaje 2014 de la AME."},"content":{"rendered":"<p><img loading=\"lazy\" class=\"aligncenter\" src=\"https:\/\/farm3.staticflickr.com\/2898\/14371881571_bbae3518b1_q.jpg\" alt=\"\" width=\"150\" height=\"150\" \/><\/p>\n<p>&nbsp;<\/p>\n<p>&nbsp;<\/p>\n<p>&nbsp;<\/p>\n<p>&nbsp;<\/p>\n<p><a href=\"https:\/\/blogs.diariosur.es\/tormentas-y-rayos\/2015\/03\/31\/os-doy-una-gran-noticia-amigos-de-la-meteo-he-quedado-primero-en-el-concurso-de-meteoreportaje-2014-de-la-ame\/cartel-_meteoconcursosame_2014-2\/\" rel=\"attachment wp-att-11746\"><img loading=\"lazy\" class=\"aligncenter size-medium wp-image-11746\" title=\"cartel-_meteoconcursosame_2014\" src=\"\/tormentas-y-rayos\/wp-content\/uploads\/sites\/12\/2015\/03\/cartel-_meteoconcursosame_20141.jpg\" alt=\"\" width=\"600\" height=\"400\" srcset=\"https:\/\/static-blogs.diariosur.es\/wp-content\/uploads\/sites\/12\/2015\/03\/cartel-_meteoconcursosame_20141.jpg 800w, https:\/\/static-blogs.diariosur.es\/wp-content\/uploads\/sites\/12\/2015\/03\/cartel-_meteoconcursosame_20141-602x400.jpg 602w, https:\/\/static-blogs.diariosur.es\/wp-content\/uploads\/sites\/12\/2015\/03\/cartel-_meteoconcursosame_20141-768x511.jpg 768w\" sizes=\"(max-width: 600px) 100vw, 600px\" \/><\/a><\/p>\n<p>&nbsp;<\/p>\n<p><strong>Hola amigos de la meteo, estoy que me subo por las paredes jijiji. Este a\u00f1o he quedado primero en el Concurso de Meteoreportajes que organiza desde hace diez \u00a0a\u00f1os la AME (\u00a0Asociaci\u00f3n\u00a0Meteorol\u00f3gica\u00a0de Espa\u00f1a). La verdad que no me lo esperaba, ya que se presentan impresionantes reportajes a nivel nacional y Europeo. En total 45 meteoreportajes finalistas.<\/strong><\/p>\n<p><strong> Un jurado compuestos por 22 de personas especialistas del mundo de la\u00a0meteorolog\u00eda\u00a0le dio a mi reportaje\u00a0titulado Meteomagia 118 puntos, seguido en segundo lugar \u00a0por el reportaje de Diez Instantes de Rub\u00e9n del Campo con 109 puntos y en tercer lugar el meteoreportaje\u00a0Energ\u00eda\u00a0Desatada de David Mancebo\u00a0Atiencia con 107 puntos. Destacar al malague\u00f1o cazatormentas David Mancebo por quedar tambi\u00e9n tercero en Meteovideo y primero en la foto del concurso.<\/strong><\/p>\n<p><strong>Mi amigo Javier Aguilar hombre del tiempo \u00a0de Canal Sur , me menciona por haber ganado este premio. En el minuto cinco y 23 segundos se puede ver. Muchas gracias, ha sido una gran sorpresa escuchar mi nombre.<\/strong><\/p>\n<p>&nbsp;<\/p>\n<p><iframe loading=\"lazy\" src=\"https:\/\/www.youtube.com\/embed\/FEsOFl7i4ck\" frameborder=\"0\" width=\"640\" height=\"360\"><\/iframe><\/p>\n<p><strong>OS PASO LOS ENLACES A LOS METEOROREPORTAJES , \u00a0METEOVIDEOS Y FOTOS DEL CONCURSO CANDIDATAS AL PREMIO<\/strong><\/p>\n<p><strong>.<\/strong><\/p>\n<p><strong><em><a href=\"http:\/\/meteoreportajeame2014.blogspot.com.es\/2014\/11\/indice-alfabetico-de-reportajes.html\" rel=\"external nofollow\">REPORTAJES PINCHAR<\/a><\/em><\/strong><\/p>\n<p>&nbsp;<\/p>\n<p><a href=\"http:\/\/meteovideoame2014.blogspot.com.es\/2014\/12\/indice-alfabetico-de-videos2014.html\" rel=\"external nofollow\"><strong><em>VIDEOS<\/em><\/strong>\u00a0<\/a><\/p>\n<div><\/div>\n<div><em><strong><a href=\"http:\/\/meteoreportajeame2014.blogspot.com.es\/2014\/11\/fotografias-candidatas-al-premio-la.html\" rel=\"external nofollow\">FOTOS DEL CONCURSO<\/a><\/strong><\/em><\/div>\n<div><\/div>\n<div><\/div>\n<div><\/div>\n<div><\/div>\n<div><\/div>\n<div><\/div>\n<div><\/div>\n<div><\/div>\n<div><\/div>\n<div><\/div>\n<div><\/div>\n<div>\n<div>\n<div>\n<div id=\"main\">\n<div id=\"Blog1\">\n<div>\n<div>\n<div>\n<div>\n<div>\n<p><a name=\"9183789929088104795\"><\/a><\/p>\n<h3><\/h3>\n<h3><\/h3>\n<h3>Meteomagia<\/h3>\n<div><\/div>\n<div id=\"post-body-9183789929088104795\"><strong><em>Por Jos\u00e9 Luis Escudero Gallegos<\/em>\u00a0<\/strong><strong>Con este t\u00edtulo nos referimos a aquellas situaciones donde se funde la ciencia de la Meteorolog\u00eda con la espectacularidad y capacidad de asombrarnos de los fen\u00f3menos naturales. Esos momentos que, aunque quiz\u00e1s tengan explicaciones racionales simples, nos dejen con la boca abierta y pidiendo mas.\u00a0<\/strong><br \/>\n<strong>\u00a1Que comience el espect\u00e1culo!\u00a0<\/strong><strong>Foto 1- \u201dFantasmas\u201d:\u00a0M\u00e1laga. 14-8-2014\u00a0<\/strong><br \/>\n<strong>Unas et\u00e9reas nubes fantasmas se adue\u00f1an de la noche iluminadas por el resplandor de la ciudad. Se levanta el tel\u00f3n.\u00a0<\/strong><img loading=\"lazy\" class=\"aligncenter\" src=\"\/\/www.ame-web.org\/meteoreportaje\/2014\/12.01.jpg\" alt=\"\" width=\"640\" height=\"427\" \/><strong>Foto 2- \u201cAmanecer\u201d:\u00a0M\u00e1laga. 20-5-2014\u00a0<\/strong><br \/>\n<strong>Los tonos rojos y dorados dominan el candilazo del amanecer sobre la bah\u00eda de M\u00e1laga\u00a0<\/strong><img loading=\"lazy\" class=\"aligncenter\" src=\"\/\/www.ame-web.org\/meteoreportaje\/2014\/12.02.jpg\" alt=\"\" width=\"640\" height=\"436\" \/><strong>Foto 3- \u201cAl Alba\u201d:\u00a0M\u00e1laga. 7-9-2014\u00a0<\/strong><br \/>\n<strong>En esos momentos los colores del cobre y el oro viejo, se hacen due\u00f1os del cielo y el mar eclipsando las luces y formas de la ciudad.\u00a0<\/strong><img loading=\"lazy\" class=\"aligncenter\" src=\"\/\/www.ame-web.org\/meteoreportaje\/2014\/12.03.jpg\" alt=\"\" width=\"640\" height=\"427\" \/><\/p>\n<p><strong>Foto 4- \u201cArco espectral\u201d:\u00a0Benajarafe. 22-7-2014\u00a0<\/strong><br \/>\n<strong>Un fantasmag\u00f3rico arco de niebla sobre una playa desierta parece anunciar el final del primer acto del espect\u00e1culo de MeteoMagia.\u00a0<\/strong><\/p>\n<p><img loading=\"lazy\" class=\"aligncenter\" src=\"\/\/www.ame-web.org\/meteoreportaje\/2014\/12.04.jpg\" alt=\"\" width=\"640\" height=\"427\" \/><\/p>\n<p><strong>Foto 5- \u201cAlgodonal\u201d:\u00a0Torre de Benagalb\u00f3n. 19-7-2014\u00a0<\/strong><br \/>\n<strong>El color da paso a las formas en un cielo empedrado de borreguitos al atardecer.\u00a0<\/strong><\/p>\n<p><img loading=\"lazy\" class=\"aligncenter\" src=\"\/\/www.ame-web.org\/meteoreportaje\/2014\/12.05.jpg\" alt=\"\" width=\"640\" height=\"427\" \/><\/p>\n<p><strong>Foto 6- \u201cPlatillos volantes\u201d:\u00a0M\u00e1laga. .27-2-2014\u00a0<\/strong><br \/>\n<strong>Ante nuestros ojos, el cielo de la ciudad parece ser invadido por la vajilla de la cocina de los gigantes.\u00a0<\/strong><\/p>\n<p><img loading=\"lazy\" class=\"aligncenter\" src=\"\/\/www.ame-web.org\/meteoreportaje\/2014\/12.06.jpg\" alt=\"\" width=\"640\" height=\"480\" \/><\/p>\n<p><strong>Foto 7- \u201cPlumeros\u201d:\u00a0M\u00e1laga. 1-7-2014\u00a0<\/strong><br \/>\n<strong>Las \u00faltimas luces del atardecer remarcan los plumones deshilachados de unos cirros con virga que se han adue\u00f1ado de los cielos.\u00a0<\/strong><\/p>\n<p><img loading=\"lazy\" class=\"aligncenter\" src=\"\/\/www.ame-web.org\/meteoreportaje\/2014\/12.07.jpg\" alt=\"\" width=\"640\" height=\"427\" \/><\/p>\n<p><strong>Foto 8- \u201cLa tormenta\u201d:\u00a0M\u00e1laga. 27-11-2014\u00a0<\/strong><br \/>\n<strong>Pero todo palidece y parece empeque\u00f1ecido ante la manifestaci\u00f3n del poder de los grandes cumulonimbos de una tormenta que se abate sobre la ciudad.\u00a0<\/strong><\/p>\n<p><img loading=\"lazy\" class=\"aligncenter\" src=\"\/\/www.ame-web.org\/meteoreportaje\/2014\/12.08.jpg\" alt=\"\" width=\"640\" height=\"427\" \/><\/p>\n<p><strong>Foto 9- \u201cPresagio\u201d:\u00a0M\u00e1laga. 27-11-2014\u00a0<\/strong><br \/>\n<strong>Es el momento en que las sombras se ti\u00f1en de azul de prusia e \u00edndigo y la oscuridad solo deja resquicios a la luz.\u00a0<\/strong><\/p>\n<p><img loading=\"lazy\" class=\"aligncenter\" src=\"\/\/www.ame-web.org\/meteoreportaje\/2014\/12.09.jpg\" alt=\"\" width=\"640\" height=\"427\" \/><\/p>\n<p><strong>Foto 10- \u201cMutis por la tuba\u201d.\u00a0M\u00e1laga. 27-11-2014\u00a0<\/strong><br \/>\n<strong>En esos momentos entre cortinas de agua, \u00a1\u00a1ABRAKADABRA!! Una tromba marina baja del cielo llev\u00e1ndose al ilusionista; a los espectadores; al acomodador&#8230; Dejando un escenario vac\u00edo ante los ojos at\u00f3nitos del fot\u00f3grafo.\u00a0<\/strong><\/p>\n<p><strong><img loading=\"lazy\" class=\"aligncenter\" src=\"\/\/www.ame-web.org\/meteoreportaje\/2014\/12.10.jpg\" alt=\"\" width=\"640\" height=\"427\" \/><\/strong><\/p>\n<div><\/div>\n<\/div>\n<div><\/div>\n<\/div>\n<\/div>\n<\/div>\n<\/div>\n<\/div>\n<\/div>\n<\/div>\n<\/div>\n<\/div>\n<\/div>\n","protected":false},"excerpt":{"rendered":"<p>&nbsp; &nbsp; &nbsp; &nbsp; &nbsp; Hola amigos de la meteo, estoy que me subo por las paredes jijiji. Este a\u00f1o he quedado primero en el Concurso de Meteoreportajes que organiza desde hace diez \u00a0a\u00f1os la AME (\u00a0Asociaci\u00f3n\u00a0Meteorol\u00f3gica\u00a0de Espa\u00f1a). La verdad que no me lo esperaba, ya que se presentan impresionantes reportajes a nivel nacional y [&hellip;]<\/p>\n","protected":false},"author":16,"featured_media":11745,"comment_status":"open","ping_status":"open","sticky":false,"template":"","format":"standard","meta":[],"categories":[2],"tags":[96,642,803,817],"_links":{"self":[{"href":"https:\/\/blogs.diariosur.es\/tormentas-y-rayos\/wp-json\/wp\/v2\/posts\/11744"}],"collection":[{"href":"https:\/\/blogs.diariosur.es\/tormentas-y-rayos\/wp-json\/wp\/v2\/posts"}],"about":[{"href":"https:\/\/blogs.diariosur.es\/tormentas-y-rayos\/wp-json\/wp\/v2\/types\/post"}],"author":[{"embeddable":true,"href":"https:\/\/blogs.diariosur.es\/tormentas-y-rayos\/wp-json\/wp\/v2\/users\/16"}],"replies":[{"embeddable":true,"href":"https:\/\/blogs.diariosur.es\/tormentas-y-rayos\/wp-json\/wp\/v2\/comments?post=11744"}],"version-history":[{"count":0,"href":"https:\/\/blogs.diariosur.es\/tormentas-y-rayos\/wp-json\/wp\/v2\/posts\/11744\/revisions"}],"wp:featuredmedia":[{"embeddable":true,"href":"https:\/\/blogs.diariosur.es\/tormentas-y-rayos\/wp-json\/wp\/v2\/media\/11745"}],"wp:attachment":[{"href":"https:\/\/blogs.diariosur.es\/tormentas-y-rayos\/wp-json\/wp\/v2\/media?parent=11744"}],"wp:term":[{"taxonomy":"category","embeddable":true,"href":"https:\/\/blogs.diariosur.es\/tormentas-y-rayos\/wp-json\/wp\/v2\/categories?post=11744"},{"taxonomy":"post_tag","embeddable":true,"href":"https:\/\/blogs.diariosur.es\/tormentas-y-rayos\/wp-json\/wp\/v2\/tags?post=11744"}],"curies":[{"name":"wp","href":"https:\/\/api.w.org\/{rel}","templated":true}]}}