{"id":13548,"date":"2015-09-29T21:33:12","date_gmt":"2015-09-29T19:33:12","guid":{"rendered":"http:\/\/blogs.diariosur.es\/tormentas-y-rayos\/?p=13548"},"modified":"2015-09-29T21:33:12","modified_gmt":"2015-09-29T19:33:12","slug":"posible-medicane-en-el-mar-mediterraneo-muy-cerca-de-las-islas-baleares-ciclogenesis","status":"publish","type":"post","link":"https:\/\/blogs.diariosur.es\/tormentas-y-rayos\/2015\/09\/29\/posible-medicane-en-el-mar-mediterraneo-muy-cerca-de-las-islas-baleares-ciclogenesis\/","title":{"rendered":"&#8220;Posible medicane&#8221; en el Mar Mediterr\u00e1neo, muy cerca de las Islas Baleares. Ciclog\u00e9nesis."},"content":{"rendered":"<p><img loading=\"lazy\" class=\"aligncenter\" src=\"https:\/\/c2.staticflickr.com\/6\/5566\/14568830453_8e0522e3fc_m.jpg\" alt=\"\" width=\"240\" height=\"196\" \/><\/p>\n<p>&nbsp;<\/p>\n<p>&nbsp;<\/p>\n<p>&nbsp;<\/p>\n<p>&nbsp;<\/p>\n<p>&nbsp;<\/p>\n<p><strong>Buenas noches amigos de la meteo, no\u00a0acostumbro\u00a0actualizar el blog por la noche y menos dos veces en un dia. Pero esta posible situaci\u00f3n que se puede dar ma\u00f1ana en el Mar\u00a0Mediterr\u00e1neo\u00a0y concretamente muy cerca de las\u00a0Islas Baleares merece la pena comentarla en el \u00a0blog.\u00a0<\/strong><\/p>\n<p><em><strong>La palabra medicane significa\u00a0<strong>Medicanes<\/strong>\u00a0(medi , mediterr\u00e1neo, y cane, de hurricane, hurac\u00e1n en ingl\u00e9s), \u00a0son bajas mesoescalares con apariencia de \u00a0cicl\u00f3n. Ya se han dado en m\u00e1s de una ocasi\u00f3n, en el a\u00f1o 2007 y concretamente un 18 de octubre, frente a las Costas de Murcia se formo uno. Fuente Revista Ram<\/strong><\/em><\/p>\n<p><strong>Imagenes sacadas de la Revista Ram.<\/strong><\/p>\n<p>&nbsp;<\/p>\n<p>&nbsp;<\/p>\n<p><a href=\"https:\/\/blogs.diariosur.es\/tormentas-y-rayos\/2015\/09\/29\/posible-medicane-en-el-mar-mediterraneo-muy-cerca-de-las-islas-baleares-ciclogenesis\/medicane5-4\/\" rel=\"attachment wp-att-13549\"><img loading=\"lazy\" class=\"aligncenter size-full wp-image-13549\" title=\"medicane5\" src=\"\/tormentas-y-rayos\/wp-content\/uploads\/sites\/12\/2015\/09\/medicane5.jpg\" alt=\"\" width=\"566\" height=\"423\" srcset=\"https:\/\/static-blogs.diariosur.es\/wp-content\/uploads\/sites\/12\/2015\/09\/medicane5.jpg 566w, https:\/\/static-blogs.diariosur.es\/wp-content\/uploads\/sites\/12\/2015\/09\/medicane5-535x400.jpg 535w\" sizes=\"(max-width: 566px) 100vw, 566px\" \/><\/a><\/p>\n<p>&nbsp;<\/p>\n<p><a href=\"https:\/\/blogs.diariosur.es\/tormentas-y-rayos\/2015\/09\/29\/posible-medicane-en-el-mar-mediterraneo-muy-cerca-de-las-islas-baleares-ciclogenesis\/medicane7-2\/\" rel=\"attachment wp-att-13550\"><img loading=\"lazy\" class=\"aligncenter size-full wp-image-13550\" title=\"medicane7\" src=\"\/tormentas-y-rayos\/wp-content\/uploads\/sites\/12\/2015\/09\/medicane7.jpg\" alt=\"\" width=\"539\" height=\"500\" srcset=\"https:\/\/static-blogs.diariosur.es\/wp-content\/uploads\/sites\/12\/2015\/09\/medicane7.jpg 539w, https:\/\/static-blogs.diariosur.es\/wp-content\/uploads\/sites\/12\/2015\/09\/medicane7-431x400.jpg 431w\" sizes=\"(max-width: 539px) 100vw, 539px\" \/><\/a><\/p>\n<p>&nbsp;<\/p>\n<p><strong><em>Este dia se registraron rachas de viento de mas de 80 km\/h \u00a0y sostenidas de 50 en Santa Pola. En algunos puntos de Murcia, Alicante y Almer\u00eda se registraron fuertes precipitaciones. <a href=\"http:\/\/www.tiempo.com\/ram\/108\/los-%E2%80%98medicanes%E2%80%99-o-bajas-mesoescalares-con-apariencia-de-ciclon-tropical-en-la-cuenca-mediterranea-algunos-casos-de-2007\/\" rel=\"external nofollow\">Os paso este enlace a la Revista Ram donde explica este\u00a0fen\u00f3meno.<\/a><\/em><\/strong><\/p>\n<p>&nbsp;<\/p>\n<p><strong>He estado viendo mapas toda esta tarde, y hay una alta posibilidad de que se forme. La ciclog\u00e9nesis sera muy\u00a0r\u00e1pida, y en poco tiempo bajara su presi\u00f3n. Os paso unos mapas de superficie del hirlam.<\/strong><\/p>\n<p>&nbsp;<\/p>\n<p><a href=\"https:\/\/blogs.diariosur.es\/tormentas-y-rayos\/2015\/09\/29\/posible-medicane-en-el-mar-mediterraneo-muy-cerca-de-las-islas-baleares-ciclogenesis\/z-horz-9\/\" rel=\"attachment wp-att-13551\"><img loading=\"lazy\" class=\"aligncenter size-full wp-image-13551\" title=\"z-horz\" src=\"\/tormentas-y-rayos\/wp-content\/uploads\/sites\/12\/2015\/09\/z-horz.jpg\" alt=\"\" width=\"629\" height=\"215\" \/><\/a><a href=\"https:\/\/blogs.diariosur.es\/tormentas-y-rayos\/2015\/09\/29\/posible-medicane-en-el-mar-mediterraneo-muy-cerca-de-las-islas-baleares-ciclogenesis\/z2-horz-4\/\" rel=\"attachment wp-att-13552\"><img loading=\"lazy\" class=\"aligncenter size-full wp-image-13552\" title=\"z2-horz\" src=\"\/tormentas-y-rayos\/wp-content\/uploads\/sites\/12\/2015\/09\/z2-horz.jpg\" alt=\"\" width=\"605\" height=\"220\" \/><\/a><a href=\"https:\/\/blogs.diariosur.es\/tormentas-y-rayos\/2015\/09\/29\/posible-medicane-en-el-mar-mediterraneo-muy-cerca-de-las-islas-baleares-ciclogenesis\/z4-7\/\" rel=\"attachment wp-att-13553\"><img loading=\"lazy\" class=\"aligncenter size-medium wp-image-13553\" title=\"z4\" src=\"\/tormentas-y-rayos\/wp-content\/uploads\/sites\/12\/2015\/09\/z42-543x400.png\" alt=\"\" width=\"543\" height=\"400\" srcset=\"https:\/\/static-blogs.diariosur.es\/wp-content\/uploads\/sites\/12\/2015\/09\/z42-543x400.png 543w, https:\/\/static-blogs.diariosur.es\/wp-content\/uploads\/sites\/12\/2015\/09\/z42.png 766w\" sizes=\"(max-width: 543px) 100vw, 543px\" \/><\/a><\/p>\n<p>&nbsp;<\/p>\n<p><strong>Estos mapas previstos son muy interesantes.<\/strong><\/p>\n<p>&nbsp;<\/p>\n<p><a href=\"https:\/\/blogs.diariosur.es\/tormentas-y-rayos\/2015\/09\/29\/posible-medicane-en-el-mar-mediterraneo-muy-cerca-de-las-islas-baleares-ciclogenesis\/1-138\/\" rel=\"attachment wp-att-13554\"><img loading=\"lazy\" class=\"aligncenter size-large wp-image-13554\" title=\"1\" src=\"\/tormentas-y-rayos\/wp-content\/uploads\/sites\/12\/2015\/09\/18-609x600.png\" alt=\"\" width=\"609\" height=\"600\" \/><\/a><\/p>\n<p>&nbsp;<\/p>\n<p><a href=\"https:\/\/blogs.diariosur.es\/tormentas-y-rayos\/2015\/09\/29\/posible-medicane-en-el-mar-mediterraneo-muy-cerca-de-las-islas-baleares-ciclogenesis\/2-102\/\" rel=\"attachment wp-att-13555\"><img loading=\"lazy\" class=\"aligncenter size-large wp-image-13555\" title=\"2\" src=\"\/tormentas-y-rayos\/wp-content\/uploads\/sites\/12\/2015\/09\/27-619x600.png\" alt=\"\" width=\"619\" height=\"600\" \/><\/a><\/p>\n<p><a href=\"https:\/\/blogs.diariosur.es\/tormentas-y-rayos\/2015\/09\/29\/posible-medicane-en-el-mar-mediterraneo-muy-cerca-de-las-islas-baleares-ciclogenesis\/3-55\/\" rel=\"attachment wp-att-13556\"><img loading=\"lazy\" class=\"aligncenter size-large wp-image-13556\" title=\"3\" src=\"\/tormentas-y-rayos\/wp-content\/uploads\/sites\/12\/2015\/09\/31-604x600.png\" alt=\"\" width=\"604\" height=\"600\" \/><\/a><\/p>\n<p><a href=\"https:\/\/blogs.diariosur.es\/tormentas-y-rayos\/2015\/09\/29\/posible-medicane-en-el-mar-mediterraneo-muy-cerca-de-las-islas-baleares-ciclogenesis\/12079088_699381733532017_4881292412733851247_n\/\" rel=\"attachment wp-att-13557\"><img loading=\"lazy\" class=\"aligncenter size-full wp-image-13557\" title=\"12079088_699381733532017_4881292412733851247_n\" src=\"\/tormentas-y-rayos\/wp-content\/uploads\/sites\/12\/2015\/09\/12079088_699381733532017_4881292412733851247_n.jpg\" alt=\"\" width=\"555\" height=\"415\" srcset=\"https:\/\/static-blogs.diariosur.es\/wp-content\/uploads\/sites\/12\/2015\/09\/12079088_699381733532017_4881292412733851247_n.jpg 555w, https:\/\/static-blogs.diariosur.es\/wp-content\/uploads\/sites\/12\/2015\/09\/12079088_699381733532017_4881292412733851247_n-535x400.jpg 535w\" sizes=\"(max-width: 555px) 100vw, 555px\" \/><\/a><\/p>\n<p>&nbsp;<\/p>\n<p>&nbsp;<\/p>\n<p><a href=\"https:\/\/blogs.diariosur.es\/tormentas-y-rayos\/2015\/09\/29\/posible-medicane-en-el-mar-mediterraneo-muy-cerca-de-las-islas-baleares-ciclogenesis\/b-49\/\" rel=\"attachment wp-att-13568\"><img loading=\"lazy\" class=\"aligncenter size-medium wp-image-13568\" title=\"b\" src=\"\/tormentas-y-rayos\/wp-content\/uploads\/sites\/12\/2015\/09\/b4-482x400.png\" alt=\"\" width=\"482\" height=\"400\" \/><\/a><\/p>\n<p><a href=\"https:\/\/blogs.diariosur.es\/tormentas-y-rayos\/2015\/09\/29\/posible-medicane-en-el-mar-mediterraneo-muy-cerca-de-las-islas-baleares-ciclogenesis\/b1-17\/\" rel=\"attachment wp-att-13569\"><img loading=\"lazy\" class=\"aligncenter size-medium wp-image-13569\" title=\"b1\" src=\"\/tormentas-y-rayos\/wp-content\/uploads\/sites\/12\/2015\/09\/b12-472x400.png\" alt=\"\" width=\"472\" height=\"400\" srcset=\"https:\/\/static-blogs.diariosur.es\/wp-content\/uploads\/sites\/12\/2015\/09\/b12-472x400.png 472w, https:\/\/static-blogs.diariosur.es\/wp-content\/uploads\/sites\/12\/2015\/09\/b12-768x650.png 768w, https:\/\/static-blogs.diariosur.es\/wp-content\/uploads\/sites\/12\/2015\/09\/b12.png 784w\" sizes=\"(max-width: 472px) 100vw, 472px\" \/><\/a><\/p>\n<p>&nbsp;<\/p>\n<p><strong>Ya veremos si al final se forma o no. Ma\u00f1ana mismo lo sabremos.<\/strong><\/p>\n<p><strong>Os hago un peque\u00f1o resumen de hoy.\u00a0<\/strong><\/p>\n<p><strong>Al final donde se esperaba mas lluvia ( litoral\u00a0mediterr\u00e1neo\u00a0andaluz) \u00a0no se ha dado, \u00a0en cambio en las provincias de Huelva, C\u00e1diz \u00a0y Sevilla esta pasada tarde han tenido tormentas y fuertes chubascos.\u00a0<\/strong><strong>Incluso se activo el aviso amarillo. Como siempre digo, las danas son muy\u00a0dif\u00edciles\u00a0de modelizar . Os paso el mapa de rayos y lluvias.<\/strong><\/p>\n<p>&nbsp;<\/p>\n<p><a href=\"https:\/\/blogs.diariosur.es\/tormentas-y-rayos\/2015\/09\/29\/posible-medicane-en-el-mar-mediterraneo-muy-cerca-de-las-islas-baleares-ciclogenesis\/201509291800_r8se\/\" rel=\"attachment wp-att-13558\"><img loading=\"lazy\" class=\"aligncenter size-full wp-image-13558\" title=\"201509291800_r8se\" src=\"\/tormentas-y-rayos\/wp-content\/uploads\/sites\/12\/2015\/09\/201509291800_r8se.gif\" alt=\"\" width=\"480\" height=\"530\" \/><\/a><\/p>\n<p><a href=\"https:\/\/blogs.diariosur.es\/tormentas-y-rayos\/2015\/09\/29\/posible-medicane-en-el-mar-mediterraneo-muy-cerca-de-las-islas-baleares-ciclogenesis\/201509291800_r79g\/\" rel=\"attachment wp-att-13559\"><img loading=\"lazy\" class=\"aligncenter size-full wp-image-13559\" title=\"201509291800_r79g\" src=\"\/tormentas-y-rayos\/wp-content\/uploads\/sites\/12\/2015\/09\/201509291800_r79g.gif\" alt=\"\" width=\"500\" height=\"500\" \/><\/a><\/p>\n<p>&nbsp;<\/p>\n<p><strong>Esta imagen es preciosa, se\u00a0distinguen\u00a0perfectamente las tormentas.<\/strong><\/p>\n<p>&nbsp;<\/p>\n<p><a href=\"https:\/\/blogs.diariosur.es\/tormentas-y-rayos\/2015\/09\/29\/posible-medicane-en-el-mar-mediterraneo-muy-cerca-de-las-islas-baleares-ciclogenesis\/captura-864\/\" rel=\"attachment wp-att-13562\"><img loading=\"lazy\" class=\"aligncenter size-full wp-image-13562\" title=\"Captura\" src=\"\/tormentas-y-rayos\/wp-content\/uploads\/sites\/12\/2015\/09\/Captura61.png\" alt=\"\" width=\"640\" height=\"491\" srcset=\"https:\/\/static-blogs.diariosur.es\/wp-content\/uploads\/sites\/12\/2015\/09\/Captura61.png 640w, https:\/\/static-blogs.diariosur.es\/wp-content\/uploads\/sites\/12\/2015\/09\/Captura61-521x400.png 521w\" sizes=\"(max-width: 640px) 100vw, 640px\" \/><\/a><\/p>\n<p>&nbsp;<\/p>\n<p><strong>Y estos los datos mas destacados de hoy.<\/strong><\/p>\n<p>&nbsp;<\/p>\n<p><a href=\"https:\/\/blogs.diariosur.es\/tormentas-y-rayos\/2015\/09\/29\/posible-medicane-en-el-mar-mediterraneo-muy-cerca-de-las-islas-baleares-ciclogenesis\/captura-865\/\" rel=\"attachment wp-att-13566\"><img loading=\"lazy\" class=\"aligncenter size-full wp-image-13566\" title=\"Captura\" src=\"\/tormentas-y-rayos\/wp-content\/uploads\/sites\/12\/2015\/09\/Captura62.png\" alt=\"\" width=\"383\" height=\"197\" \/><\/a><\/p>\n<p>&nbsp;<\/p>\n<p>&nbsp;<\/p>\n<p>&nbsp;<\/p>\n<p>&nbsp;<\/p>\n<p><a href=\"https:\/\/blogs.diariosur.es\/tormentas-y-rayos\/2015\/09\/29\/posible-medicane-en-el-mar-mediterraneo-muy-cerca-de-las-islas-baleares-ciclogenesis\/captura-862\/\" rel=\"attachment wp-att-13560\"><img loading=\"lazy\" class=\"aligncenter size-large wp-image-13560\" title=\"Captura\" src=\"\/tormentas-y-rayos\/wp-content\/uploads\/sites\/12\/2015\/09\/Captura59-526x600.png\" alt=\"\" width=\"526\" height=\"600\" \/><\/a><\/p>\n<p>&nbsp;<\/p>\n<p>&nbsp;<\/p>\n<p><strong>Os dejo con estas fotos que he tomado hoy, en la ultima podeis ver la cantidad de medusas que\u00a0hab\u00eda\u00a0hoy en la Playa de la Misericordia. Hasta ma\u00f1ana.<\/strong><\/p>\n<p>&nbsp;<\/p>\n<p><a href=\"https:\/\/blogs.diariosur.es\/tormentas-y-rayos\/2015\/09\/29\/posible-medicane-en-el-mar-mediterraneo-muy-cerca-de-las-islas-baleares-ciclogenesis\/_dsc5381\/\" rel=\"attachment wp-att-13563\"><img loading=\"lazy\" class=\"aligncenter size-full wp-image-13563\" title=\"_DSC5381\" src=\"\/tormentas-y-rayos\/wp-content\/uploads\/sites\/12\/2015\/09\/DSC5381.jpg\" alt=\"\" width=\"640\" height=\"427\" srcset=\"https:\/\/static-blogs.diariosur.es\/wp-content\/uploads\/sites\/12\/2015\/09\/DSC5381.jpg 640w, https:\/\/static-blogs.diariosur.es\/wp-content\/uploads\/sites\/12\/2015\/09\/DSC5381-600x400.jpg 600w\" sizes=\"(max-width: 640px) 100vw, 640px\" \/><\/a><\/p>\n<p>&nbsp;<\/p>\n<p><a href=\"https:\/\/blogs.diariosur.es\/tormentas-y-rayos\/2015\/09\/29\/posible-medicane-en-el-mar-mediterraneo-muy-cerca-de-las-islas-baleares-ciclogenesis\/_dsc5382\/\" rel=\"attachment wp-att-13564\"><img loading=\"lazy\" class=\"aligncenter size-full wp-image-13564\" title=\"_DSC5382\" src=\"\/tormentas-y-rayos\/wp-content\/uploads\/sites\/12\/2015\/09\/DSC5382.jpg\" alt=\"\" width=\"640\" height=\"427\" srcset=\"https:\/\/static-blogs.diariosur.es\/wp-content\/uploads\/sites\/12\/2015\/09\/DSC5382.jpg 640w, https:\/\/static-blogs.diariosur.es\/wp-content\/uploads\/sites\/12\/2015\/09\/DSC5382-600x400.jpg 600w\" sizes=\"(max-width: 640px) 100vw, 640px\" \/><\/a><\/p>\n<p>&nbsp;<\/p>\n<p><a href=\"https:\/\/blogs.diariosur.es\/tormentas-y-rayos\/2015\/09\/29\/posible-medicane-en-el-mar-mediterraneo-muy-cerca-de-las-islas-baleares-ciclogenesis\/_dsc5383\/\" rel=\"attachment wp-att-13565\"><img loading=\"lazy\" class=\"aligncenter size-full wp-image-13565\" title=\"_DSC5383\" src=\"\/tormentas-y-rayos\/wp-content\/uploads\/sites\/12\/2015\/09\/DSC5383.jpg\" alt=\"\" width=\"640\" height=\"330\" \/><\/a><\/p>\n<p>&nbsp;<\/p>\n","protected":false},"excerpt":{"rendered":"<p>&nbsp; &nbsp; &nbsp; &nbsp; &nbsp; Buenas noches amigos de la meteo, no\u00a0acostumbro\u00a0actualizar el blog por la noche y menos dos veces en un dia. Pero esta posible situaci\u00f3n que se puede dar ma\u00f1ana en el Mar\u00a0Mediterr\u00e1neo\u00a0y concretamente muy cerca de las\u00a0Islas Baleares merece la pena comentarla en el \u00a0blog.\u00a0 La palabra medicane significa\u00a0Medicanes\u00a0(medi , mediterr\u00e1neo, [&hellip;]<\/p>\n","protected":false},"author":16,"featured_media":13555,"comment_status":"open","ping_status":"open","sticky":false,"template":"","format":"standard","meta":[],"categories":[2],"tags":[252,521,599,631],"_links":{"self":[{"href":"https:\/\/blogs.diariosur.es\/tormentas-y-rayos\/wp-json\/wp\/v2\/posts\/13548"}],"collection":[{"href":"https:\/\/blogs.diariosur.es\/tormentas-y-rayos\/wp-json\/wp\/v2\/posts"}],"about":[{"href":"https:\/\/blogs.diariosur.es\/tormentas-y-rayos\/wp-json\/wp\/v2\/types\/post"}],"author":[{"embeddable":true,"href":"https:\/\/blogs.diariosur.es\/tormentas-y-rayos\/wp-json\/wp\/v2\/users\/16"}],"replies":[{"embeddable":true,"href":"https:\/\/blogs.diariosur.es\/tormentas-y-rayos\/wp-json\/wp\/v2\/comments?post=13548"}],"version-history":[{"count":0,"href":"https:\/\/blogs.diariosur.es\/tormentas-y-rayos\/wp-json\/wp\/v2\/posts\/13548\/revisions"}],"wp:featuredmedia":[{"embeddable":true,"href":"https:\/\/blogs.diariosur.es\/tormentas-y-rayos\/wp-json\/wp\/v2\/media\/13555"}],"wp:attachment":[{"href":"https:\/\/blogs.diariosur.es\/tormentas-y-rayos\/wp-json\/wp\/v2\/media?parent=13548"}],"wp:term":[{"taxonomy":"category","embeddable":true,"href":"https:\/\/blogs.diariosur.es\/tormentas-y-rayos\/wp-json\/wp\/v2\/categories?post=13548"},{"taxonomy":"post_tag","embeddable":true,"href":"https:\/\/blogs.diariosur.es\/tormentas-y-rayos\/wp-json\/wp\/v2\/tags?post=13548"}],"curies":[{"name":"wp","href":"https:\/\/api.w.org\/{rel}","templated":true}]}}