{"id":20103,"date":"2018-03-22T17:05:44","date_gmt":"2018-03-22T16:05:44","guid":{"rendered":"http:\/\/blogs.diariosur.es\/tormentas-y-rayos\/?p=20103"},"modified":"2018-03-22T19:49:00","modified_gmt":"2018-03-22T18:49:00","slug":"el-tiempo-en-semana-santa-borrasca-hugo-ciclogenesis-explosiva","status":"publish","type":"post","link":"https:\/\/blogs.diariosur.es\/tormentas-y-rayos\/2018\/03\/22\/el-tiempo-en-semana-santa-borrasca-hugo-ciclogenesis-explosiva\/","title":{"rendered":"El tiempo en Semana Santa. Borrasca Hugo.Ciclog\u00e9nesis explosiva ( proceso)."},"content":{"rendered":"<blockquote><p>Buenas tardes amigos de la meteo. Ma\u00f1ana viernes tendremos un proceso muy r\u00e1pido <strong>(<\/strong><span style=\"text-decoration: underline;\"><strong>ciclog\u00e9nesis explosiva)\u00a0<\/strong><\/span>de bajada de presi\u00f3n de una peque\u00f1a borrasca\u00a0que en estos momentos se encuentra en el Atl\u00e1ntico Norte. Por la tarde del viernes y como comenta la aemet en su aviso especial, se situar\u00e1 muy cerca del norte de Galicia, desplaz\u00e1ndose muy r\u00e1pidamente por el C\u00e1ntabrico\u00a0 hacia el Golfo de Vizcaya. Os paso esta captura para que ubiqu\u00e9is a la peque\u00f1ita que muy pronto se har\u00e1 grande y se le pondr\u00e1 de nombre Hugo . Fuente dundee.<\/p><\/blockquote>\n<p>&nbsp;<\/p>\n<p><img loading=\"lazy\" class=\"aligncenter size-full wp-image-20105\" src=\"https:\/\/static-blogs.diariosur.es\/wp-content\/uploads\/sites\/12\/2018\/03\/hugo-e1521732259927.jpg\" alt=\"hugo\" width=\"930\" height=\"579\" \/><\/p>\n<p>&nbsp;<\/p>\n<p>Os paso estos mapas de superficie previstos desde esta noche y hasta el s\u00e1bado a las 00.00 horas. Una pasada. Fuente Met Office.<\/p>\n<p>&nbsp;<\/p>\n<p><img loading=\"lazy\" class=\"aligncenter size-full wp-image-20106\" src=\"https:\/\/static-blogs.diariosur.es\/wp-content\/uploads\/sites\/12\/2018\/03\/h.jpg\" alt=\"h\" width=\"804\" height=\"530\" srcset=\"https:\/\/static-blogs.diariosur.es\/wp-content\/uploads\/sites\/12\/2018\/03\/h.jpg 804w, https:\/\/static-blogs.diariosur.es\/wp-content\/uploads\/sites\/12\/2018\/03\/h-607x400.jpg 607w, https:\/\/static-blogs.diariosur.es\/wp-content\/uploads\/sites\/12\/2018\/03\/h-768x506.jpg 768w\" sizes=\"(max-width: 804px) 100vw, 804px\" \/><\/p>\n<p>&nbsp;<\/p>\n<p><img loading=\"lazy\" class=\"aligncenter size-full wp-image-20107\" src=\"https:\/\/static-blogs.diariosur.es\/wp-content\/uploads\/sites\/12\/2018\/03\/hugoo.jpg\" alt=\"hugoo\" width=\"808\" height=\"529\" srcset=\"https:\/\/static-blogs.diariosur.es\/wp-content\/uploads\/sites\/12\/2018\/03\/hugoo.jpg 808w, https:\/\/static-blogs.diariosur.es\/wp-content\/uploads\/sites\/12\/2018\/03\/hugoo-611x400.jpg 611w, https:\/\/static-blogs.diariosur.es\/wp-content\/uploads\/sites\/12\/2018\/03\/hugoo-768x503.jpg 768w\" sizes=\"(max-width: 808px) 100vw, 808px\" \/><\/p>\n<p>&nbsp;<\/p>\n<p><img loading=\"lazy\" class=\"aligncenter size-full wp-image-20108\" src=\"https:\/\/static-blogs.diariosur.es\/wp-content\/uploads\/sites\/12\/2018\/03\/h1.jpg\" alt=\"h1\" width=\"798\" height=\"534\" srcset=\"https:\/\/static-blogs.diariosur.es\/wp-content\/uploads\/sites\/12\/2018\/03\/h1.jpg 798w, https:\/\/static-blogs.diariosur.es\/wp-content\/uploads\/sites\/12\/2018\/03\/h1-598x400.jpg 598w, https:\/\/static-blogs.diariosur.es\/wp-content\/uploads\/sites\/12\/2018\/03\/h1-768x514.jpg 768w\" sizes=\"(max-width: 798px) 100vw, 798px\" \/><\/p>\n<p>El mayor protagonista ser\u00e1 el viento y las grandes olas que empezaran ma\u00f1ana por la noche y durante todo el s\u00e1bado en la mayor parte de la pen\u00ednsula. Aunque estos avisos pueden cambiar ma\u00f1ana viernes y ir a m\u00e1s, os paso desglosado los avisos de viento, olas y nevadas en estos momentos. Fijaros que las ochos provincias andaluzas entran en aviso amarillo y naranja por viento. Las nevadas tambi\u00e9n ser\u00e1n protagonistas en las provincias de Ja\u00e9n y Granada.<\/p>\n<p>&nbsp;<\/p>\n<p><img loading=\"lazy\" class=\"aligncenter size-full wp-image-20110\" src=\"https:\/\/static-blogs.diariosur.es\/wp-content\/uploads\/sites\/12\/2018\/03\/1-12.jpg\" alt=\"1\" width=\"900\" height=\"598\" srcset=\"https:\/\/static-blogs.diariosur.es\/wp-content\/uploads\/sites\/12\/2018\/03\/1-12.jpg 900w, https:\/\/static-blogs.diariosur.es\/wp-content\/uploads\/sites\/12\/2018\/03\/1-12-602x400.jpg 602w, https:\/\/static-blogs.diariosur.es\/wp-content\/uploads\/sites\/12\/2018\/03\/1-12-768x510.jpg 768w\" sizes=\"(max-width: 900px) 100vw, 900px\" \/> <img loading=\"lazy\" class=\"aligncenter size-full wp-image-20111\" src=\"https:\/\/static-blogs.diariosur.es\/wp-content\/uploads\/sites\/12\/2018\/03\/2-9.jpg\" alt=\"2\" width=\"896\" height=\"595\" srcset=\"https:\/\/static-blogs.diariosur.es\/wp-content\/uploads\/sites\/12\/2018\/03\/2-9.jpg 896w, https:\/\/static-blogs.diariosur.es\/wp-content\/uploads\/sites\/12\/2018\/03\/2-9-602x400.jpg 602w, https:\/\/static-blogs.diariosur.es\/wp-content\/uploads\/sites\/12\/2018\/03\/2-9-768x510.jpg 768w\" sizes=\"(max-width: 896px) 100vw, 896px\" \/> <img loading=\"lazy\" class=\"aligncenter size-full wp-image-20112\" src=\"https:\/\/static-blogs.diariosur.es\/wp-content\/uploads\/sites\/12\/2018\/03\/3-6.jpg\" alt=\"3\" width=\"900\" height=\"606\" srcset=\"https:\/\/static-blogs.diariosur.es\/wp-content\/uploads\/sites\/12\/2018\/03\/3-6.jpg 900w, https:\/\/static-blogs.diariosur.es\/wp-content\/uploads\/sites\/12\/2018\/03\/3-6-594x400.jpg 594w, https:\/\/static-blogs.diariosur.es\/wp-content\/uploads\/sites\/12\/2018\/03\/3-6-768x517.jpg 768w\" sizes=\"(max-width: 900px) 100vw, 900px\" \/><\/p>\n<p>Curiosamente mi nieto se llama Hugo, le guardare para cuando sea mayor estos mapas y im\u00e1genes de sat\u00e9lites.<\/p>\n<p>Aunque ma\u00f1ana os dar\u00e9 la \u00faltima hora del<strong> Viernes Santo y S\u00e1bado de Pasi\u00f3n<\/strong>,<strong><a href=\"https:\/\/blogs.diariosur.es\/tormentas-y-rayos\/2018\/03\/21\/el-tiempo-en-semana-santa-malaga-andalucia-prevision\/\"> os adelanto que el pronostico que di ayer ha variado poco.<\/a><\/strong> En cambio para el Domingo de Ramos con la \u00faltima actualizaci\u00f3n de los modelos si. El s\u00e1bado lo tendr\u00e9 m\u00e1s claro.<\/p>\n<p>Os adelanto que el Lunes Santo, Martes Santo, y Mi\u00e9rcoles Santo de momento este nazareno ser\u00e1 protagonista. El jueves y el viernes lo veremos el lunes.<\/p>\n<p><img loading=\"lazy\" class=\"aligncenter size-large wp-image-20115\" src=\"https:\/\/static-blogs.diariosur.es\/wp-content\/uploads\/sites\/12\/2018\/03\/NazaFelizJL-349x400.jpg\" alt=\"nazafelizjl\" width=\"349\" height=\"400\" srcset=\"https:\/\/static-blogs.diariosur.es\/wp-content\/uploads\/sites\/12\/2018\/03\/NazaFelizJL-349x400.jpg 349w, https:\/\/static-blogs.diariosur.es\/wp-content\/uploads\/sites\/12\/2018\/03\/NazaFelizJL.jpg 704w\" sizes=\"(max-width: 349px) 100vw, 349px\" \/><\/p>\n<p>Poco m\u00e1s que contar amigos, os dejo con un fot\u00f3n de mi amigo Carlos Castro de una ola rompiendo en el Pe\u00f1on del Cuervo. Y con el aviso especial de la aemet de Hugo.<\/p>\n<p><img loading=\"lazy\" class=\"aligncenter size-full wp-image-20113\" src=\"https:\/\/static-blogs.diariosur.es\/wp-content\/uploads\/sites\/12\/2018\/03\/29389431_1559398780825657_7719992243255246848_o-1-e1521734246852.jpg\" alt=\"29389431_1559398780825657_7719992243255246848_o\" width=\"940\" height=\"627\" \/><\/p>\n<p>&nbsp;<\/p>\n<p><img loading=\"lazy\" class=\"aligncenter size-full wp-image-20114\" src=\"https:\/\/static-blogs.diariosur.es\/wp-content\/uploads\/sites\/12\/2018\/03\/nota-oficial.jpg\" alt=\"nota-oficial\" width=\"746\" height=\"851\" srcset=\"https:\/\/static-blogs.diariosur.es\/wp-content\/uploads\/sites\/12\/2018\/03\/nota-oficial.jpg 746w, https:\/\/static-blogs.diariosur.es\/wp-content\/uploads\/sites\/12\/2018\/03\/nota-oficial-351x400.jpg 351w\" sizes=\"(max-width: 746px) 100vw, 746px\" \/><\/p>\n<p>Hasta ma\u00f1ana.<\/p>\n<p><img loading=\"lazy\" class=\"aligncenter size-large wp-image-20014\" src=\"https:\/\/static-blogs.diariosur.es\/wp-content\/uploads\/sites\/12\/2018\/03\/288372_2043037554516_7043889_o-1-533x400.jpg\" alt=\"288372_2043037554516_7043889_o\" width=\"533\" height=\"400\" srcset=\"https:\/\/static-blogs.diariosur.es\/wp-content\/uploads\/sites\/12\/2018\/03\/288372_2043037554516_7043889_o-1-533x400.jpg 533w, https:\/\/static-blogs.diariosur.es\/wp-content\/uploads\/sites\/12\/2018\/03\/288372_2043037554516_7043889_o-1-768x576.jpg 768w, https:\/\/static-blogs.diariosur.es\/wp-content\/uploads\/sites\/12\/2018\/03\/288372_2043037554516_7043889_o-1.jpg 1000w\" sizes=\"(max-width: 533px) 100vw, 533px\" \/><\/p>\n","protected":false},"excerpt":{"rendered":"<p>Buenas tardes amigos de la meteo. Ma\u00f1ana viernes tendremos un proceso muy r\u00e1pido (ciclog\u00e9nesis explosiva)\u00a0de bajada de presi\u00f3n de una peque\u00f1a borrasca\u00a0que en estos momentos se encuentra en el Atl\u00e1ntico Norte. Por la tarde del viernes y como comenta la aemet en su aviso especial, se situar\u00e1 muy cerca del norte de Galicia, desplaz\u00e1ndose muy [&hellip;]<\/p>\n","protected":false},"author":16,"featured_media":20113,"comment_status":"open","ping_status":"open","sticky":false,"template":"","format":"standard","meta":[],"categories":[1],"tags":[188,252,358,395,492,888,902],"_links":{"self":[{"href":"https:\/\/blogs.diariosur.es\/tormentas-y-rayos\/wp-json\/wp\/v2\/posts\/20103"}],"collection":[{"href":"https:\/\/blogs.diariosur.es\/tormentas-y-rayos\/wp-json\/wp\/v2\/posts"}],"about":[{"href":"https:\/\/blogs.diariosur.es\/tormentas-y-rayos\/wp-json\/wp\/v2\/types\/post"}],"author":[{"embeddable":true,"href":"https:\/\/blogs.diariosur.es\/tormentas-y-rayos\/wp-json\/wp\/v2\/users\/16"}],"replies":[{"embeddable":true,"href":"https:\/\/blogs.diariosur.es\/tormentas-y-rayos\/wp-json\/wp\/v2\/comments?post=20103"}],"version-history":[{"count":7,"href":"https:\/\/blogs.diariosur.es\/tormentas-y-rayos\/wp-json\/wp\/v2\/posts\/20103\/revisions"}],"predecessor-version":[{"id":20122,"href":"https:\/\/blogs.diariosur.es\/tormentas-y-rayos\/wp-json\/wp\/v2\/posts\/20103\/revisions\/20122"}],"wp:featuredmedia":[{"embeddable":true,"href":"https:\/\/blogs.diariosur.es\/tormentas-y-rayos\/wp-json\/wp\/v2\/media\/20113"}],"wp:attachment":[{"href":"https:\/\/blogs.diariosur.es\/tormentas-y-rayos\/wp-json\/wp\/v2\/media?parent=20103"}],"wp:term":[{"taxonomy":"category","embeddable":true,"href":"https:\/\/blogs.diariosur.es\/tormentas-y-rayos\/wp-json\/wp\/v2\/categories?post=20103"},{"taxonomy":"post_tag","embeddable":true,"href":"https:\/\/blogs.diariosur.es\/tormentas-y-rayos\/wp-json\/wp\/v2\/tags?post=20103"}],"curies":[{"name":"wp","href":"https:\/\/api.w.org\/{rel}","templated":true}]}}