{"id":21582,"date":"2018-08-28T07:51:35","date_gmt":"2018-08-28T05:51:35","guid":{"rendered":"http:\/\/blogs.diariosur.es\/tormentas-y-rayos\/?p=21582"},"modified":"2018-08-28T14:57:01","modified_gmt":"2018-08-28T12:57:01","slug":"el-tiempo-en-andalucia-y-la-lluvia-pa-cuando-un-otono-humedo-por-fin","status":"publish","type":"post","link":"https:\/\/blogs.diariosur.es\/tormentas-y-rayos\/2018\/08\/28\/el-tiempo-en-andalucia-y-la-lluvia-pa-cuando-un-otono-humedo-por-fin\/","title":{"rendered":"El tiempo en Andaluc\u00eda. \u00bf Y la lluvia pa cuando? \u00bf Un oto\u00f1o h\u00famedo por fin?"},"content":{"rendered":"<hr \/>\n<p><a href=\"https:\/\/static-blogs.diariosur.es\/wp-content\/uploads\/sites\/12\/2018\/08\/14980568_10209205767200208_5978289506419899153_n.jpg\"><img loading=\"lazy\" class=\"aligncenter size-thumbnail wp-image-21573\" src=\"https:\/\/static-blogs.diariosur.es\/wp-content\/uploads\/sites\/12\/2018\/08\/14980568_10209205767200208_5978289506419899153_n-150x150.jpg\" alt=\"14980568_10209205767200208_5978289506419899153_n\" width=\"150\" height=\"150\" srcset=\"https:\/\/static-blogs.diariosur.es\/wp-content\/uploads\/sites\/12\/2018\/08\/14980568_10209205767200208_5978289506419899153_n-150x150.jpg 150w, https:\/\/static-blogs.diariosur.es\/wp-content\/uploads\/sites\/12\/2018\/08\/14980568_10209205767200208_5978289506419899153_n-400x400.jpg 400w, https:\/\/static-blogs.diariosur.es\/wp-content\/uploads\/sites\/12\/2018\/08\/14980568_10209205767200208_5978289506419899153_n-768x768.jpg 768w, https:\/\/static-blogs.diariosur.es\/wp-content\/uploads\/sites\/12\/2018\/08\/14980568_10209205767200208_5978289506419899153_n.jpg 960w\" sizes=\"(max-width: 150px) 100vw, 150px\" \/><\/a><\/p>\n<p>Buenos d\u00edas amigos de la meteo. Son las seis y media de la ma\u00f1ana en M\u00e1laga Capital, mi estaci\u00f3n registra <strong>25 grados<\/strong>, los cielos est\u00e1n nubosos y sopla viento flojo de componente oeste. En lo que respecta al resto de nuestra comunidad tambi\u00e9n se registran m\u00ednimas muy altas, destaca Almer\u00eda con 25.8 grados y Granada Aeropuerto con 23.9. La temperatura de Granada nada habitual se debe a que los cielos est\u00e1n nublados, han hecho de tapadera y no han dejado escapar el calor acumulado del d\u00eda anterior.\u00a0 Los cielos en la comunidad andaluza est\u00e1n muy nubosos en la zona oriental y despejados en la zona occidental. Aunque a\u00fan no se distingue, puede haber nieblas en algunos puntos del litoral atl\u00e1ntico. Por la tarde hay probabilidad de tormentas en las provincias de Ja\u00e9n e interior de la de Granada.<\/p>\n<p>Os pongo el mapa de temperaturas m\u00ednimas que tenemos a las seis y media de la ma\u00f1ana y la imagen del sat\u00e9lite eumetsat donde pod\u00e9is ver la nubosidad que afecta a Andaluc\u00eda Oriental. La nubosidad de Galicia son tormentas que dejan chubascos en estos momentos. Fuente aemet, meteogalicia.<\/p>\n<p><a href=\"https:\/\/static-blogs.diariosur.es\/wp-content\/uploads\/sites\/12\/2018\/08\/1-10.jpg\"><img loading=\"lazy\" class=\"aligncenter size-full wp-image-21583\" src=\"https:\/\/static-blogs.diariosur.es\/wp-content\/uploads\/sites\/12\/2018\/08\/1-10.jpg\" alt=\"1\" width=\"908\" height=\"742\" srcset=\"https:\/\/static-blogs.diariosur.es\/wp-content\/uploads\/sites\/12\/2018\/08\/1-10.jpg 908w, https:\/\/static-blogs.diariosur.es\/wp-content\/uploads\/sites\/12\/2018\/08\/1-10-489x400.jpg 489w, https:\/\/static-blogs.diariosur.es\/wp-content\/uploads\/sites\/12\/2018\/08\/1-10-768x628.jpg 768w\" sizes=\"(max-width: 908px) 100vw, 908px\" \/><\/a><\/p>\n<p><a href=\"https:\/\/static-blogs.diariosur.es\/wp-content\/uploads\/sites\/12\/2018\/08\/2-12.jpg\"><img loading=\"lazy\" class=\"aligncenter size-full wp-image-21584\" src=\"https:\/\/static-blogs.diariosur.es\/wp-content\/uploads\/sites\/12\/2018\/08\/2-12.jpg\" alt=\"2\" width=\"749\" height=\"555\" srcset=\"https:\/\/static-blogs.diariosur.es\/wp-content\/uploads\/sites\/12\/2018\/08\/2-12.jpg 749w, https:\/\/static-blogs.diariosur.es\/wp-content\/uploads\/sites\/12\/2018\/08\/2-12-540x400.jpg 540w\" sizes=\"(max-width: 749px) 100vw, 749px\" \/><\/a><\/p>\n<p>En cuanto a las temperaturas m\u00e1ximas previstas para hoy bajar\u00e1n donde ayer se sobrepasaron los 41 grados y los 39. Solo Almer\u00eda Capital esta en aviso amarillo por altas temperaturas. Ma\u00f1ana mi\u00e9rcoles seguir\u00e1n bajando por la masa de aire m\u00e1s &#8220;fresca&#8221; que ayer os comentaba. Las tormentas nuevamente ser\u00e1n protagonistas en las provincias de Granada y Ja\u00e9n. Os paso los mapas de temperaturas m\u00e1ximas previstas por la aemet para hoy martes y ma\u00f1ana mi\u00e9rcoles.<\/p>\n<p><a href=\"https:\/\/static-blogs.diariosur.es\/wp-content\/uploads\/sites\/12\/2018\/08\/3-5.jpg\"><img loading=\"lazy\" class=\"aligncenter size-full wp-image-21585\" src=\"https:\/\/static-blogs.diariosur.es\/wp-content\/uploads\/sites\/12\/2018\/08\/3-5.jpg\" alt=\"3\" width=\"826\" height=\"508\" srcset=\"https:\/\/static-blogs.diariosur.es\/wp-content\/uploads\/sites\/12\/2018\/08\/3-5.jpg 826w, https:\/\/static-blogs.diariosur.es\/wp-content\/uploads\/sites\/12\/2018\/08\/3-5-640x394.jpg 640w, https:\/\/static-blogs.diariosur.es\/wp-content\/uploads\/sites\/12\/2018\/08\/3-5-768x472.jpg 768w\" sizes=\"(max-width: 826px) 100vw, 826px\" \/><\/a><\/p>\n<p><a href=\"https:\/\/static-blogs.diariosur.es\/wp-content\/uploads\/sites\/12\/2018\/08\/4-3.jpg\"><img loading=\"lazy\" class=\"aligncenter size-full wp-image-21586\" src=\"https:\/\/static-blogs.diariosur.es\/wp-content\/uploads\/sites\/12\/2018\/08\/4-3.jpg\" alt=\"4\" width=\"829\" height=\"502\" srcset=\"https:\/\/static-blogs.diariosur.es\/wp-content\/uploads\/sites\/12\/2018\/08\/4-3.jpg 829w, https:\/\/static-blogs.diariosur.es\/wp-content\/uploads\/sites\/12\/2018\/08\/4-3-640x388.jpg 640w, https:\/\/static-blogs.diariosur.es\/wp-content\/uploads\/sites\/12\/2018\/08\/4-3-768x465.jpg 768w\" sizes=\"(max-width: 829px) 100vw, 829px\" \/><\/a><\/p>\n<p><span style=\"color: #ff0000;\"><strong>LA DANA TRAJO SORPRESAS AYER LUNES<\/strong><\/span><\/p>\n<p>Pues si amigos de la meteo,nuestra amiga trajo sorpresas en forma de tormentas y goterones de barro, incluso en la provincia de Sevilla no se cumpli\u00f3 el aviso naranja. En la costa malague\u00f1a se escucharon truenos, dejando chaparrones en algunos puntos espor\u00e1dicos. Pero lo mejor se dio por la noche cuando una tormenta se pase\u00f3 frente al balc\u00f3n de Europa en Nerja. Mi amigo Francisco Luis Marquez Soto cazo uno con el <strong>m\u00f3vil<\/strong>, inmortalizando esta bella imagen que os pongo a continuaci\u00f3n. Amigo Francis, mis felicitaciones por el fot\u00f3n.<\/p>\n<p><a href=\"https:\/\/static-blogs.diariosur.es\/wp-content\/uploads\/sites\/12\/2018\/08\/40158427_10214736652268878_5134597066944675840_o-e1535433116729.jpg\"><img loading=\"lazy\" class=\"aligncenter size-full wp-image-21587\" src=\"https:\/\/static-blogs.diariosur.es\/wp-content\/uploads\/sites\/12\/2018\/08\/40158427_10214736652268878_5134597066944675840_o-e1535433116729.jpg\" alt=\"40158427_10214736652268878_5134597066944675840_o\" width=\"1040\" height=\"585\" \/><\/a><\/p>\n<p><span style=\"color: #0000ff;\"><strong>\u00bf Y LA LLUVIA PA CUANDO,UN OTO\u00d1O H\u00daMEDO POR FIN?<\/strong><\/span><\/p>\n<p>A tan solo tres d\u00edas que termine el verano y comience el oto\u00f1o meteorol\u00f3gico el proximo s\u00e1bado, todo hace indicar que no tendremos lluvias generalizadas para los primeros d\u00edas de Septiembre( 1,2,3,)salvo sorpresas. Pero los modelos estacionales que salieron hace unas semanas pronostican un oto\u00f1o h\u00famedo en Andaluc\u00eda. Mis amigos de cazatormentas hicieron un art\u00edculo en su p\u00e1gina hablando de esto.<\/p>\n<p>Pichar en el enlace<\/p>\n<h1 class=\"test\"><a href=\"http:\/\/www.cazatormentas.com\/un-otono-humedo-por-fin\/\" rel=\"external nofollow\"><span style=\"color: #0000ff;\">\u00bfUn oto\u00f1o h\u00famedo por fin?<\/span><\/a><\/h1>\n<p>Poco m\u00e1s que contar amigos, ma\u00f1ana lo mismo me acerco a la provincia de Granada por si cazo alguna tormenta, si es asi os pondre fotos en directo.<\/p>\n","protected":false},"excerpt":{"rendered":"<p>Buenos d\u00edas amigos de la meteo. Son las seis y media de la ma\u00f1ana en M\u00e1laga Capital, mi estaci\u00f3n registra 25 grados, los cielos est\u00e1n nubosos y sopla viento flojo de componente oeste. En lo que respecta al resto de nuestra comunidad tambi\u00e9n se registran m\u00ednimas muy altas, destaca Almer\u00eda con 25.8 grados y Granada [&hellip;]<\/p>\n","protected":false},"author":16,"featured_media":21587,"comment_status":"open","ping_status":"open","sticky":false,"template":"","format":"standard","meta":[],"categories":[1],"tags":[100,1236,358,495,1234,744,1235],"_links":{"self":[{"href":"https:\/\/blogs.diariosur.es\/tormentas-y-rayos\/wp-json\/wp\/v2\/posts\/21582"}],"collection":[{"href":"https:\/\/blogs.diariosur.es\/tormentas-y-rayos\/wp-json\/wp\/v2\/posts"}],"about":[{"href":"https:\/\/blogs.diariosur.es\/tormentas-y-rayos\/wp-json\/wp\/v2\/types\/post"}],"author":[{"embeddable":true,"href":"https:\/\/blogs.diariosur.es\/tormentas-y-rayos\/wp-json\/wp\/v2\/users\/16"}],"replies":[{"embeddable":true,"href":"https:\/\/blogs.diariosur.es\/tormentas-y-rayos\/wp-json\/wp\/v2\/comments?post=21582"}],"version-history":[{"count":4,"href":"https:\/\/blogs.diariosur.es\/tormentas-y-rayos\/wp-json\/wp\/v2\/posts\/21582\/revisions"}],"predecessor-version":[{"id":21591,"href":"https:\/\/blogs.diariosur.es\/tormentas-y-rayos\/wp-json\/wp\/v2\/posts\/21582\/revisions\/21591"}],"wp:featuredmedia":[{"embeddable":true,"href":"https:\/\/blogs.diariosur.es\/tormentas-y-rayos\/wp-json\/wp\/v2\/media\/21587"}],"wp:attachment":[{"href":"https:\/\/blogs.diariosur.es\/tormentas-y-rayos\/wp-json\/wp\/v2\/media?parent=21582"}],"wp:term":[{"taxonomy":"category","embeddable":true,"href":"https:\/\/blogs.diariosur.es\/tormentas-y-rayos\/wp-json\/wp\/v2\/categories?post=21582"},{"taxonomy":"post_tag","embeddable":true,"href":"https:\/\/blogs.diariosur.es\/tormentas-y-rayos\/wp-json\/wp\/v2\/tags?post=21582"}],"curies":[{"name":"wp","href":"https:\/\/api.w.org\/{rel}","templated":true}]}}