{"id":25925,"date":"2019-11-17T08:25:29","date_gmt":"2019-11-17T07:25:29","guid":{"rendered":"http:\/\/blogs.diariosur.es\/tormentas-y-rayos\/?p=25925"},"modified":"2022-11-17T11:20:11","modified_gmt":"2022-11-17T10:20:11","slug":"malaga-se-inunda-de-nuevo-inundaciones-17-noviembre-2012-impresionantes-fotos-y-videos","status":"publish","type":"post","link":"https:\/\/blogs.diariosur.es\/tormentas-y-rayos\/2019\/11\/17\/malaga-se-inunda-de-nuevo-inundaciones-17-noviembre-2012-impresionantes-fotos-y-videos\/","title":{"rendered":"M\u00e1laga se inunda de nuevo. Inundaciones 17 noviembre 2012. Impresionantes fotos y videos."},"content":{"rendered":"<p><a href=\"https:\/\/static-blogs.diariosur.es\/wp-content\/uploads\/sites\/12\/2019\/11\/71800039_10217590950944561_856450890100375552_n-1.jpg\"><img loading=\"lazy\" class=\"aligncenter size-thumbnail wp-image-25856\" src=\"https:\/\/static-blogs.diariosur.es\/wp-content\/uploads\/sites\/12\/2019\/11\/71800039_10217590950944561_856450890100375552_n-1-150x150.jpg\" alt=\"\" width=\"150\" height=\"150\" \/><\/a><\/p>\n<p>&nbsp;<\/p>\n<p>Buenos d\u00edas amigos de la meteo. Tal d\u00eda como hoy del a\u00f1o <strong>2012<\/strong> M\u00e1laga Capital nuevamente se inund\u00f3 y a todos nos hizo recordar a la del 89.<\/p>\n<h3><a href=\"https:\/\/blogs.diariosur.es\/tormentas-y-rayos\/2019\/11\/14\/30-anos-de-las-inundaciones-de-noviembre-del-1989-en-malaga-volveria-a-pasar-lo-mismo\/\"><strong>Hace unos d\u00edas os puse un gran reportaje conmemorando los 33 a\u00f1os del 89.<\/strong><\/a><\/h3>\n<p>He rescatado este post del 2012 donde es impresionante ver los videos y fotos hechas por mis amigos y m\u00edas. Hubo zonas de M\u00e1laga Capital que cayeron 110 litros y otras 140. Si llegan a caer m\u00e1s litros, no quiero pensar que hubiera pasado.<\/p>\n<p>Os dejo con el reportaje.<\/p>\n<h3><span style=\"color: #ff0000;\"><strong>S\u00c1BADO 17 DE NOVIEMBRE DEL 2012<\/strong><\/span><\/h3>\n<p><b>Se repite la historia y M\u00e1laga se vuelve a inundar. Una supercelula se qued\u00f3\u00a0est\u00e1tica\u00a0aliment\u00e1ndose\u00a0del viento de levante y trajo consigo lluvias torrenciales. Que como todos\u00a0sab\u00e9is\u00a0ha dejado a M\u00e1laga y parte de su provincia echa una pena.<\/b><\/p>\n<p>&nbsp;<\/p>\n<p><iframe loading=\"lazy\" src=\"https:\/\/www.youtube.com\/embed\/KtgKE3pVjbU\" width=\"560\" height=\"315\" frameborder=\"0\" allowfullscreen=\"allowfullscreen\"><\/iframe><\/p>\n<p><iframe loading=\"lazy\" src=\"https:\/\/www.youtube.com\/embed\/d2biPuiQUgM\" width=\"560\" height=\"315\" frameborder=\"0\" allowfullscreen=\"allowfullscreen\"><\/iframe><\/p>\n<p><iframe loading=\"lazy\" src=\"https:\/\/www.youtube.com\/embed\/3FRQVBVEPpw\" width=\"560\" height=\"315\" frameborder=\"0\" allowfullscreen=\"allowfullscreen\"><\/iframe><\/p>\n<p>&nbsp;<\/p>\n<p><b>Estas fotos de portadas lo dicen todo, como la de nuestro amigo Antonio Portillo. Que da miedo verla, m\u00e1s\u00a0abajo os pondr\u00e9\u00a0m\u00e1s\u00a0fotos de Antonio Portillo.<\/b><\/p>\n<p>&nbsp;<\/p>\n<p><a href=\"https:\/\/blogs.diariosur.es\/tormentas-y-rayos\/2012\/11\/18\/malaga-se-inunda-de-nuevo-23-anos-despues-se-repite-la-historia-del-89-impresionantes-fotos-de-los-tornados-calles-inundadas-arroyos-desbordados-etc\/53277_3478796707869_1236381284_o\/\" rel=\"attachment wp-att-4130\"><img loading=\"lazy\" class=\"aligncenter size-full wp-image-4130\" title=\"53277_3478796707869_1236381284_o\" src=\"\/tormentas-y-rayos\/wp-content\/uploads\/sites\/12\/2012\/11\/53277_3478796707869_1236381284_o.jpg\" alt=\"\" width=\"680\" height=\"454\" srcset=\"https:\/\/static-blogs.diariosur.es\/wp-content\/uploads\/sites\/12\/2012\/11\/53277_3478796707869_1236381284_o.jpg 680w, https:\/\/static-blogs.diariosur.es\/wp-content\/uploads\/sites\/12\/2012\/11\/53277_3478796707869_1236381284_o-599x400.jpg 599w\" sizes=\"(max-width: 680px) 100vw, 680px\" \/><\/a><\/p>\n<p>&nbsp;<\/p>\n<p>&nbsp;<\/p>\n<p><strong>O esta otra \u00a0de \u00a0mi amigo Antonio Manuel Iglesias Morales. Tony es otro cazatormentas igual que yo. Nos conocemos desde hace muchos a\u00f1os.\u00a0 Ayer se\u00a0recorri\u00f3\u00a0parte de la costa para cazar estas trombas marinas.\u00a0<\/strong><\/p>\n<p>&nbsp;<\/p>\n<p>&nbsp;<\/p>\n<p><a href=\"https:\/\/blogs.diariosur.es\/tormentas-y-rayos\/2012\/11\/18\/malaga-se-inunda-de-nuevo-23-anos-despues-se-repite-la-historia-del-89-impresionantes-fotos-de-los-tornados-calles-inundadas-arroyos-desbordados-etc\/dsc5546p_1\/\" rel=\"attachment wp-att-4117\"><img loading=\"lazy\" class=\"aligncenter size-full wp-image-4117\" title=\"dsc5546p_1\" src=\"\/tormentas-y-rayos\/wp-content\/uploads\/sites\/12\/2012\/11\/dsc5546p_1.jpg\" alt=\"\" width=\"460\" height=\"699\" srcset=\"https:\/\/static-blogs.diariosur.es\/wp-content\/uploads\/sites\/12\/2012\/11\/dsc5546p_1.jpg 460w, https:\/\/static-blogs.diariosur.es\/wp-content\/uploads\/sites\/12\/2012\/11\/dsc5546p_1-263x400.jpg 263w\" sizes=\"(max-width: 460px) 100vw, 460px\" \/><\/a><strong>\u00a0<\/strong><\/p>\n<p>&nbsp;<\/p>\n<p>&nbsp;<\/p>\n<p><a href=\"https:\/\/blogs.diariosur.es\/tormentas-y-rayos\/2012\/11\/18\/malaga-se-inunda-de-nuevo-23-anos-despues-se-repite-la-historia-del-89-impresionantes-fotos-de-los-tornados-calles-inundadas-arroyos-desbordados-etc\/tony_1-3\/\" rel=\"attachment wp-att-4131\"><img loading=\"lazy\" class=\"aligncenter size-full wp-image-4131\" title=\"tony_1\" src=\"\/tormentas-y-rayos\/wp-content\/uploads\/sites\/12\/2012\/11\/tony_12.jpg\" alt=\"\" width=\"680\" height=\"448\" srcset=\"https:\/\/static-blogs.diariosur.es\/wp-content\/uploads\/sites\/12\/2012\/11\/tony_12.jpg 680w, https:\/\/static-blogs.diariosur.es\/wp-content\/uploads\/sites\/12\/2012\/11\/tony_12-607x400.jpg 607w\" sizes=\"(max-width: 680px) 100vw, 680px\" \/><\/a><\/p>\n<p>&nbsp;<\/p>\n<p><b>Aun me estoy comiendo las u\u00f1as, de no haber podido fotografiar las trombas\u00a0marinas que hemos tenido, las impresionantes nubes, las cortinas de agua bestiales etc etc. Cuando ayer llegaba al trabajo sobre las ocho y media de la ma\u00f1ana, las nubes ya ten\u00edan un movimiento algo raro, y me tem\u00eda lo peor. Mi compa\u00f1ero Antonio, recib\u00eda las primeras bofetadas de rachas de viento y agua.\u00a0<\/b><\/p>\n<p>&nbsp;<\/p>\n<p><a href=\"https:\/\/blogs.diariosur.es\/tormentas-y-rayos\/2012\/11\/18\/malaga-se-inunda-de-nuevo-23-anos-despues-se-repite-la-historia-del-89-impresionantes-fotos-de-los-tornados-calles-inundadas-arroyos-desbordados-etc\/002-4\/\" rel=\"attachment wp-att-4110\"><img loading=\"lazy\" class=\"aligncenter size-full wp-image-4110\" title=\"002\" src=\"\/tormentas-y-rayos\/wp-content\/uploads\/sites\/12\/2012\/11\/002.jpg\" alt=\"\" width=\"680\" height=\"383\" srcset=\"https:\/\/static-blogs.diariosur.es\/wp-content\/uploads\/sites\/12\/2012\/11\/002.jpg 680w, https:\/\/static-blogs.diariosur.es\/wp-content\/uploads\/sites\/12\/2012\/11\/002-640x360.jpg 640w\" sizes=\"(max-width: 680px) 100vw, 680px\" \/><\/a><\/p>\n<p>&nbsp;<\/p>\n<p><b>Sobre las nueve y media, varios compa\u00f1eros me preguntaban si iba a llover mucho. Y yo seriamente, (hay testigos) les dije, esto tiene pinta de pasar lo del a\u00f1o 89. Incluso les comente que esperaba tornados. Sobre esa hora llame a David Mancebo \u00a0y le dije que se echara a la calle, porque las nubes ten\u00edan un giro algo raro. Y que esperaba que se produjeran tornados. Y as\u00ed fue, al cabo de una hora ya se ve\u00eda por wassat el tornado del aeropuerto. Luego m\u00e1s\u00a0tarde se dieron tambi\u00e9n \u00a0sobre la costa trombas marinas.<\/b><\/p>\n<p><strong>Todo esto se ha debido a una supercelula, que se ha quedado casi\u00a0est\u00e1tica\u00a0en la Costa Malague\u00f1a.<\/strong><\/p>\n<p><strong>La lluvia recogida m\u00e1xima ha sido en Santo Pitar, con 147 litros. Le sigue la depuradora del atabal con 114.\u00a0<\/strong><\/p>\n<p><strong>Empecemos con el reportaje.<\/strong><\/p>\n<p><b>\u00a0Os paso estas impresionantes fotos de mi amigo Antonio Portillo. El Arroyo Aceitero que esta por la zona de Parque Sur se desbord\u00f3, os dejo estas impresionantes fotos de Antonio.<\/b><\/p>\n<p>&nbsp;<\/p>\n<p>&nbsp;<\/p>\n<p><a href=\"https:\/\/blogs.diariosur.es\/tormentas-y-rayos\/2012\/11\/18\/malaga-se-inunda-de-nuevo-23-anos-despues-se-repite-la-historia-del-89-impresionantes-fotos-de-los-tornados-calles-inundadas-arroyos-desbordados-etc\/135200_3478792147755_1277543527_o\/\" rel=\"attachment wp-att-4112\"><img loading=\"lazy\" class=\"aligncenter size-full wp-image-4112\" title=\"135200_3478792147755_1277543527_o\" src=\"\/tormentas-y-rayos\/wp-content\/uploads\/sites\/12\/2012\/11\/135200_3478792147755_1277543527_o.jpg\" alt=\"\" width=\"680\" height=\"454\" srcset=\"https:\/\/static-blogs.diariosur.es\/wp-content\/uploads\/sites\/12\/2012\/11\/135200_3478792147755_1277543527_o.jpg 680w, https:\/\/static-blogs.diariosur.es\/wp-content\/uploads\/sites\/12\/2012\/11\/135200_3478792147755_1277543527_o-599x400.jpg 599w\" sizes=\"(max-width: 680px) 100vw, 680px\" \/><\/a><\/p>\n<p>&nbsp;<\/p>\n<p><a href=\"https:\/\/blogs.diariosur.es\/tormentas-y-rayos\/2012\/11\/18\/malaga-se-inunda-de-nuevo-23-anos-despues-se-repite-la-historia-del-89-impresionantes-fotos-de-los-tornados-calles-inundadas-arroyos-desbordados-etc\/arroyo-aceitero-2\/\" rel=\"attachment wp-att-4113\"><img loading=\"lazy\" class=\"aligncenter size-full wp-image-4113\" title=\"Arroyo Aceitero\" src=\"\/tormentas-y-rayos\/wp-content\/uploads\/sites\/12\/2012\/11\/Arroyo-Aceitero1.jpg\" alt=\"\" width=\"580\" height=\"870\" srcset=\"https:\/\/static-blogs.diariosur.es\/wp-content\/uploads\/sites\/12\/2012\/11\/Arroyo-Aceitero1.jpg 580w, https:\/\/static-blogs.diariosur.es\/wp-content\/uploads\/sites\/12\/2012\/11\/Arroyo-Aceitero1-267x400.jpg 267w\" sizes=\"(max-width: 580px) 100vw, 580px\" \/><\/a><\/p>\n<p>&nbsp;<\/p>\n<p><a href=\"https:\/\/blogs.diariosur.es\/tormentas-y-rayos\/2012\/11\/18\/malaga-se-inunda-de-nuevo-23-anos-despues-se-repite-la-historia-del-89-impresionantes-fotos-de-los-tornados-calles-inundadas-arroyos-desbordados-etc\/680459_3478798627917_1822098613_o\/\" rel=\"attachment wp-att-4114\"><img loading=\"lazy\" class=\"aligncenter size-full wp-image-4114\" title=\"680459_3478798627917_1822098613_o\" src=\"\/tormentas-y-rayos\/wp-content\/uploads\/sites\/12\/2012\/11\/680459_3478798627917_1822098613_o.jpg\" alt=\"\" width=\"680\" height=\"454\" srcset=\"https:\/\/static-blogs.diariosur.es\/wp-content\/uploads\/sites\/12\/2012\/11\/680459_3478798627917_1822098613_o.jpg 680w, https:\/\/static-blogs.diariosur.es\/wp-content\/uploads\/sites\/12\/2012\/11\/680459_3478798627917_1822098613_o-599x400.jpg 599w\" sizes=\"(max-width: 680px) 100vw, 680px\" \/><\/a><\/p>\n<p>&nbsp;<\/p>\n<p>&nbsp;<\/p>\n<p><a href=\"https:\/\/static-blogs.diariosur.es\/wp-content\/uploads\/sites\/12\/2019\/11\/132028_3478797307884_2099602347_o1.jpg\"><img loading=\"lazy\" class=\"aligncenter size-full wp-image-25927\" src=\"https:\/\/static-blogs.diariosur.es\/wp-content\/uploads\/sites\/12\/2019\/11\/132028_3478797307884_2099602347_o1.jpg\" alt=\"\" width=\"680\" height=\"454\" srcset=\"https:\/\/static-blogs.diariosur.es\/wp-content\/uploads\/sites\/12\/2019\/11\/132028_3478797307884_2099602347_o1.jpg 680w, https:\/\/static-blogs.diariosur.es\/wp-content\/uploads\/sites\/12\/2019\/11\/132028_3478797307884_2099602347_o1-599x400.jpg 599w\" sizes=\"(max-width: 680px) 100vw, 680px\" \/><\/a><\/p>\n<p>&nbsp;<\/p>\n<p><b>Mis compa\u00f1eros del Corte Ingles Avda\u00a0Andaluc\u00eda, me llamaron por\u00a0tel\u00e9fono\u00a0para comunicarme que esa zona era un caos. Foto Isabel M\u00e9ndez.<\/b><\/p>\n<p>&nbsp;<\/p>\n<p><a href=\"https:\/\/blogs.diariosur.es\/tormentas-y-rayos\/2012\/11\/18\/malaga-se-inunda-de-nuevo-23-anos-despues-se-repite-la-historia-del-89-impresionantes-fotos-de-los-tornados-calles-inundadas-arroyos-desbordados-etc\/isabel-mendez\/\" rel=\"attachment wp-att-4115\"><img loading=\"lazy\" class=\"aligncenter size-full wp-image-4115\" title=\"isabel mendez\" src=\"\/tormentas-y-rayos\/wp-content\/uploads\/sites\/12\/2012\/11\/isabel-mendez.jpg\" alt=\"\" width=\"680\" height=\"383\" srcset=\"https:\/\/static-blogs.diariosur.es\/wp-content\/uploads\/sites\/12\/2012\/11\/isabel-mendez.jpg 680w, https:\/\/static-blogs.diariosur.es\/wp-content\/uploads\/sites\/12\/2012\/11\/isabel-mendez-640x360.jpg 640w\" sizes=\"(max-width: 680px) 100vw, 680px\" \/><\/a><\/p>\n<p>&nbsp;<\/p>\n<p><strong>\u00a0En mi centro de trabajo Bahia M\u00e1laga, desde la puerta pude tomar esta foto. En esta zona el agua hacia menos da\u00f1o.<\/strong><\/p>\n<p>&nbsp;<\/p>\n<p><a href=\"https:\/\/blogs.diariosur.es\/tormentas-y-rayos\/2012\/11\/18\/malaga-se-inunda-de-nuevo-23-anos-despues-se-repite-la-historia-del-89-impresionantes-fotos-de-los-tornados-calles-inundadas-arroyos-desbordados-etc\/008-4\/\" rel=\"attachment wp-att-4116\"><img loading=\"lazy\" class=\"aligncenter size-full wp-image-4116\" title=\"008\" src=\"\/tormentas-y-rayos\/wp-content\/uploads\/sites\/12\/2012\/11\/0081.jpg\" alt=\"\" width=\"680\" height=\"383\" srcset=\"https:\/\/static-blogs.diariosur.es\/wp-content\/uploads\/sites\/12\/2012\/11\/0081.jpg 680w, https:\/\/static-blogs.diariosur.es\/wp-content\/uploads\/sites\/12\/2012\/11\/0081-640x360.jpg 640w\" sizes=\"(max-width: 680px) 100vw, 680px\" \/><\/a><\/p>\n<p>&nbsp;<\/p>\n<p><strong>Paqui Carnero me comento que\u00a0hab\u00eda\u00a0ca\u00eddo\u00a0granizo en la zona de mi centro de trabajo. Ella quiere compartir esta foto desde la zona de Cortijo Torres<\/strong>. <strong>Gracias<\/strong><\/p>\n<p>&nbsp;<\/p>\n<p><a href=\"https:\/\/blogs.diariosur.es\/tormentas-y-rayos\/2012\/11\/18\/malaga-se-inunda-de-nuevo-23-anos-despues-se-repite-la-historia-del-89-impresionantes-fotos-de-los-tornados-calles-inundadas-arroyos-desbordados-etc\/pqui-carnero\/\" rel=\"attachment wp-att-4132\"><img loading=\"lazy\" class=\"aligncenter size-full wp-image-4132\" title=\"pqui carnero\" src=\"\/tormentas-y-rayos\/wp-content\/uploads\/sites\/12\/2012\/11\/pqui-carnero.jpg\" alt=\"\" width=\"680\" height=\"383\" srcset=\"https:\/\/static-blogs.diariosur.es\/wp-content\/uploads\/sites\/12\/2012\/11\/pqui-carnero.jpg 680w, https:\/\/static-blogs.diariosur.es\/wp-content\/uploads\/sites\/12\/2012\/11\/pqui-carnero-640x360.jpg 640w\" sizes=\"(max-width: 680px) 100vw, 680px\" \/><\/a><\/p>\n<p>&nbsp;<\/p>\n<p><strong>Las cortinas de agua eran impresionantes, me comentaba mi mujer Geno que hubo momentos que no ve\u00eda el bloque que tenemos de frente a la terraza. Y me lo creo, cuando he visto la foto que me ha mandado mi amiga Maril\u00f3 Diaz . Una pasada. Gracias por mandarmela.<\/strong><\/p>\n<p>&nbsp;<\/p>\n<p><a href=\"https:\/\/blogs.diariosur.es\/tormentas-y-rayos\/2012\/11\/18\/malaga-se-inunda-de-nuevo-23-anos-despues-se-repite-la-historia-del-89-impresionantes-fotos-de-los-tornados-calles-inundadas-arroyos-desbordados-etc\/mariol-diaz-cortinas\/\" rel=\"attachment wp-att-4121\"><img loading=\"lazy\" class=\"aligncenter size-full wp-image-4121\" title=\"mari\u00f3l diaz cortinas\" src=\"\/tormentas-y-rayos\/wp-content\/uploads\/sites\/12\/2012\/11\/mari\u00f3l-diaz-cortinas.jpg\" alt=\"\" width=\"660\" height=\"880\" srcset=\"https:\/\/static-blogs.diariosur.es\/wp-content\/uploads\/sites\/12\/2012\/11\/mari\u00f3l-diaz-cortinas.jpg 660w, https:\/\/static-blogs.diariosur.es\/wp-content\/uploads\/sites\/12\/2012\/11\/mari\u00f3l-diaz-cortinas-300x400.jpg 300w\" sizes=\"(max-width: 660px) 100vw, 660px\" \/><\/a><\/p>\n<p>&nbsp;<\/p>\n<p><strong>Mientras tanto, \u00a0mi gran ayudante en meteorolog\u00eda Lui Garcia Marin, me ten\u00eda reservada una sorpresa para cuando saliera del curro. Y es que tambi\u00e9n Lui ha cazado la tromba marina, y encima sin salir de su casa, manda huevis ji ji ji. Amigo son una pasada.<\/strong><\/p>\n<p>&nbsp;<\/p>\n<p><a href=\"https:\/\/blogs.diariosur.es\/tormentas-y-rayos\/2012\/11\/18\/malaga-se-inunda-de-nuevo-23-anos-despues-se-repite-la-historia-del-89-impresionantes-fotos-de-los-tornados-calles-inundadas-arroyos-desbordados-etc\/tornado_1\/\" rel=\"attachment wp-att-4122\"><img loading=\"lazy\" class=\"aligncenter size-full wp-image-4122\" title=\"tornado_1\" src=\"\/tormentas-y-rayos\/wp-content\/uploads\/sites\/12\/2012\/11\/tornado_1.jpg\" alt=\"\" width=\"680\" height=\"454\" srcset=\"https:\/\/static-blogs.diariosur.es\/wp-content\/uploads\/sites\/12\/2012\/11\/tornado_1.jpg 680w, https:\/\/static-blogs.diariosur.es\/wp-content\/uploads\/sites\/12\/2012\/11\/tornado_1-599x400.jpg 599w\" sizes=\"(max-width: 680px) 100vw, 680px\" \/><\/a><\/p>\n<p><a href=\"https:\/\/blogs.diariosur.es\/tormentas-y-rayos\/2012\/11\/18\/malaga-se-inunda-de-nuevo-23-anos-despues-se-repite-la-historia-del-89-impresionantes-fotos-de-los-tornados-calles-inundadas-arroyos-desbordados-etc\/tornado-1\/\" rel=\"attachment wp-att-4123\"><img loading=\"lazy\" class=\"aligncenter size-full wp-image-4123\" title=\"tornado 1\" src=\"\/tormentas-y-rayos\/wp-content\/uploads\/sites\/12\/2012\/11\/tornado-1.jpg\" alt=\"\" width=\"680\" height=\"433\" srcset=\"https:\/\/static-blogs.diariosur.es\/wp-content\/uploads\/sites\/12\/2012\/11\/tornado-1.jpg 680w, https:\/\/static-blogs.diariosur.es\/wp-content\/uploads\/sites\/12\/2012\/11\/tornado-1-628x400.jpg 628w\" sizes=\"(max-width: 680px) 100vw, 680px\" \/><\/a><\/p>\n<p><strong>\u00a0<\/strong><\/p>\n<p><b>A las cinco sal\u00ed a comer, en ese momento me llamo David Mancebo, para comentarme que hab\u00eda otra tromba marina en el mar y que se ve\u00eda desde mi posici\u00f3n. As\u00ed\u00a0que sal\u00ed corriendo con mi c\u00e1mara chica par ver si la cazaba desde el Palacio de Congresos, pero una leche pa mi. Solo fotografi\u00e9 la impresionante nube que hab\u00eda. Es la misma nube que se ve en la \u00faltima\u00a0foto de Lui, pero la de lui con tromba marina, la m\u00eda\u00a0con dos l\u00e1grimas\u00a0que me llegaban a la corbata.<\/b><\/p>\n<p>&nbsp;<\/p>\n<p><a href=\"https:\/\/blogs.diariosur.es\/tormentas-y-rayos\/2012\/11\/18\/malaga-se-inunda-de-nuevo-23-anos-despues-se-repite-la-historia-del-89-impresionantes-fotos-de-los-tornados-calles-inundadas-arroyos-desbordados-etc\/016-6\/\" rel=\"attachment wp-att-4124\"><img loading=\"lazy\" class=\"aligncenter size-full wp-image-4124\" title=\"016\" src=\"\/tormentas-y-rayos\/wp-content\/uploads\/sites\/12\/2012\/11\/0162.jpg\" alt=\"\" width=\"680\" height=\"454\" srcset=\"https:\/\/static-blogs.diariosur.es\/wp-content\/uploads\/sites\/12\/2012\/11\/0162.jpg 680w, https:\/\/static-blogs.diariosur.es\/wp-content\/uploads\/sites\/12\/2012\/11\/0162-599x400.jpg 599w\" sizes=\"(max-width: 680px) 100vw, 680px\" \/><\/a><\/p>\n<p>&nbsp;<\/p>\n<p><strong>\u00a0<\/strong><\/p>\n<p><strong>La gran mayor\u00eda de las barrios de la capital se inundaron. Nuestro amigo y seguidor del blog \u00a0Francico Pedroza (Epa2), quiere compartir estos fotones desde la zona de la Iglesia de San Patricio. Me comentaba que su coche ha estado a punto de llev\u00e1rselo la corriente.<\/strong><\/p>\n<p>&nbsp;<\/p>\n<p>&nbsp;<\/p>\n<p><a href=\"https:\/\/blogs.diariosur.es\/tormentas-y-rayos\/2012\/11\/18\/malaga-se-inunda-de-nuevo-23-anos-despues-se-repite-la-historia-del-89-impresionantes-fotos-de-los-tornados-calles-inundadas-arroyos-desbordados-etc\/frencisco-pedroza-2\/\" rel=\"attachment wp-att-4133\"><img loading=\"lazy\" class=\"aligncenter size-full wp-image-4133\" title=\"frencisco PEDROZA (2)\" src=\"\/tormentas-y-rayos\/wp-content\/uploads\/sites\/12\/2012\/11\/frencisco-PEDROZA-2.jpg\" alt=\"\" width=\"500\" height=\"667\" srcset=\"https:\/\/static-blogs.diariosur.es\/wp-content\/uploads\/sites\/12\/2012\/11\/frencisco-PEDROZA-2.jpg 500w, https:\/\/static-blogs.diariosur.es\/wp-content\/uploads\/sites\/12\/2012\/11\/frencisco-PEDROZA-2-300x400.jpg 300w\" sizes=\"(max-width: 500px) 100vw, 500px\" \/><\/a><\/p>\n<p>&nbsp;<\/p>\n<p>&nbsp;<\/p>\n<p><a href=\"https:\/\/blogs.diariosur.es\/tormentas-y-rayos\/2012\/11\/18\/malaga-se-inunda-de-nuevo-23-anos-despues-se-repite-la-historia-del-89-impresionantes-fotos-de-los-tornados-calles-inundadas-arroyos-desbordados-etc\/frencisco-pedroza-1\/\" rel=\"attachment wp-att-4134\"><img loading=\"lazy\" class=\"aligncenter size-full wp-image-4134\" title=\"frencisco PEDROZA (1)\" src=\"\/tormentas-y-rayos\/wp-content\/uploads\/sites\/12\/2012\/11\/frencisco-PEDROZA-1.jpg\" alt=\"\" width=\"680\" height=\"510\" srcset=\"https:\/\/static-blogs.diariosur.es\/wp-content\/uploads\/sites\/12\/2012\/11\/frencisco-PEDROZA-1.jpg 680w, https:\/\/static-blogs.diariosur.es\/wp-content\/uploads\/sites\/12\/2012\/11\/frencisco-PEDROZA-1-533x400.jpg 533w\" sizes=\"(max-width: 680px) 100vw, 680px\" \/><\/a><\/p>\n<p>&nbsp;<\/p>\n<p><strong>Tambi\u00e9n Gema Mejias seguidora de mi blog, me manda estas impresionantes fotos de la supercelula. Impresionantes las bases que tiene amiga.<\/strong><\/p>\n<p>&nbsp;<\/p>\n<p><a href=\"https:\/\/blogs.diariosur.es\/tormentas-y-rayos\/2012\/11\/18\/malaga-se-inunda-de-nuevo-23-anos-despues-se-repite-la-historia-del-89-impresionantes-fotos-de-los-tornados-calles-inundadas-arroyos-desbordados-etc\/175535_210147465786954_1595751894_o\/\" rel=\"attachment wp-att-4135\"><img loading=\"lazy\" class=\"aligncenter size-full wp-image-4135\" title=\"175535_210147465786954_1595751894_o\" src=\"\/tormentas-y-rayos\/wp-content\/uploads\/sites\/12\/2012\/11\/175535_210147465786954_1595751894_o.jpg\" alt=\"\" width=\"680\" height=\"453\" srcset=\"https:\/\/static-blogs.diariosur.es\/wp-content\/uploads\/sites\/12\/2012\/11\/175535_210147465786954_1595751894_o.jpg 680w, https:\/\/static-blogs.diariosur.es\/wp-content\/uploads\/sites\/12\/2012\/11\/175535_210147465786954_1595751894_o-600x400.jpg 600w\" sizes=\"(max-width: 680px) 100vw, 680px\" \/><\/a><\/p>\n<p>&nbsp;<\/p>\n<p><a href=\"https:\/\/blogs.diariosur.es\/tormentas-y-rayos\/2012\/11\/18\/malaga-se-inunda-de-nuevo-23-anos-despues-se-repite-la-historia-del-89-impresionantes-fotos-de-los-tornados-calles-inundadas-arroyos-desbordados-etc\/664609_210150625786638_332458484_o_1\/\" rel=\"attachment wp-att-4136\"><img loading=\"lazy\" class=\"aligncenter size-full wp-image-4136\" title=\"664609_210150625786638_332458484_o_1\" src=\"\/tormentas-y-rayos\/wp-content\/uploads\/sites\/12\/2012\/11\/664609_210150625786638_332458484_o_1.jpg\" alt=\"\" width=\"680\" height=\"453\" srcset=\"https:\/\/static-blogs.diariosur.es\/wp-content\/uploads\/sites\/12\/2012\/11\/664609_210150625786638_332458484_o_1.jpg 680w, https:\/\/static-blogs.diariosur.es\/wp-content\/uploads\/sites\/12\/2012\/11\/664609_210150625786638_332458484_o_1-600x400.jpg 600w\" sizes=\"(max-width: 680px) 100vw, 680px\" \/><\/a><\/p>\n<p>&nbsp;<\/p>\n<p><strong>Nandi Berrocal\u00a0tambi\u00e9n\u00a0fotografiaba a la supercelula desde la Playa de los Alamos . Bestial la foto Nadi , gracias por compartirla.<\/strong><\/p>\n<p>&nbsp;<\/p>\n<p><a href=\"https:\/\/blogs.diariosur.es\/tormentas-y-rayos\/2012\/11\/18\/malaga-se-inunda-de-nuevo-23-anos-despues-se-repite-la-historia-del-89-impresionantes-fotos-de-los-tornados-calles-inundadas-arroyos-desbordados-etc\/nandy-berrocal\/\" rel=\"attachment wp-att-4142\"><img loading=\"lazy\" class=\"aligncenter size-full wp-image-4142\" title=\"nandy berrocal\" src=\"\/tormentas-y-rayos\/wp-content\/uploads\/sites\/12\/2012\/11\/nandy-berrocal.jpg\" alt=\"\" width=\"680\" height=\"383\" srcset=\"https:\/\/static-blogs.diariosur.es\/wp-content\/uploads\/sites\/12\/2012\/11\/nandy-berrocal.jpg 680w, https:\/\/static-blogs.diariosur.es\/wp-content\/uploads\/sites\/12\/2012\/11\/nandy-berrocal-640x360.jpg 640w\" sizes=\"(max-width: 680px) 100vw, 680px\" \/><\/a><\/p>\n<p>&nbsp;<\/p>\n<p><strong>Mi amiga Pilar Fernandez me manda esta foto de su amiga Manoli Guerrero Badillo. Es el Rio Guadalmedina, impresionante la crecida.\u00a0<\/strong><\/p>\n<p>&nbsp;<\/p>\n<p><a href=\"https:\/\/blogs.diariosur.es\/tormentas-y-rayos\/2012\/11\/18\/malaga-se-inunda-de-nuevo-23-anos-despues-se-repite-la-historia-del-89-impresionantes-fotos-de-los-tornados-calles-inundadas-arroyos-desbordados-etc\/manoli-guerrero-badillo\/\" rel=\"attachment wp-att-4143\"><img loading=\"lazy\" class=\"aligncenter size-full wp-image-4143\" title=\"manoli guerrero badillo\" src=\"\/tormentas-y-rayos\/wp-content\/uploads\/sites\/12\/2012\/11\/manoli-guerrero-badillo.jpg\" alt=\"\" width=\"620\" height=\"827\" srcset=\"https:\/\/static-blogs.diariosur.es\/wp-content\/uploads\/sites\/12\/2012\/11\/manoli-guerrero-badillo.jpg 620w, https:\/\/static-blogs.diariosur.es\/wp-content\/uploads\/sites\/12\/2012\/11\/manoli-guerrero-badillo-300x400.jpg 300w\" sizes=\"(max-width: 620px) 100vw, 620px\" \/><\/a><\/p>\n<p>&nbsp;<\/p>\n<p>Os veo ma\u00f1ana amigos, espero que os haya gustado.<\/p>\n","protected":false},"excerpt":{"rendered":"<p>&nbsp; Buenos d\u00edas amigos de la meteo. Tal d\u00eda como hoy del a\u00f1o 2012 M\u00e1laga Capital nuevamente se inund\u00f3 y a todos nos hizo recordar a la del 89. Hace unos d\u00edas os puse un gran reportaje conmemorando los 33 a\u00f1os del 89. He rescatado este post del 2012 donde es impresionante ver los videos [&hellip;]<\/p>\n","protected":false},"author":16,"featured_media":25928,"comment_status":"open","ping_status":"open","sticky":false,"template":"","format":"standard","meta":[],"categories":[1],"tags":[1375,424,514,587,718,1058],"_links":{"self":[{"href":"https:\/\/blogs.diariosur.es\/tormentas-y-rayos\/wp-json\/wp\/v2\/posts\/25925"}],"collection":[{"href":"https:\/\/blogs.diariosur.es\/tormentas-y-rayos\/wp-json\/wp\/v2\/posts"}],"about":[{"href":"https:\/\/blogs.diariosur.es\/tormentas-y-rayos\/wp-json\/wp\/v2\/types\/post"}],"author":[{"embeddable":true,"href":"https:\/\/blogs.diariosur.es\/tormentas-y-rayos\/wp-json\/wp\/v2\/users\/16"}],"replies":[{"embeddable":true,"href":"https:\/\/blogs.diariosur.es\/tormentas-y-rayos\/wp-json\/wp\/v2\/comments?post=25925"}],"version-history":[{"count":6,"href":"https:\/\/blogs.diariosur.es\/tormentas-y-rayos\/wp-json\/wp\/v2\/posts\/25925\/revisions"}],"predecessor-version":[{"id":35074,"href":"https:\/\/blogs.diariosur.es\/tormentas-y-rayos\/wp-json\/wp\/v2\/posts\/25925\/revisions\/35074"}],"wp:featuredmedia":[{"embeddable":true,"href":"https:\/\/blogs.diariosur.es\/tormentas-y-rayos\/wp-json\/wp\/v2\/media\/25928"}],"wp:attachment":[{"href":"https:\/\/blogs.diariosur.es\/tormentas-y-rayos\/wp-json\/wp\/v2\/media?parent=25925"}],"wp:term":[{"taxonomy":"category","embeddable":true,"href":"https:\/\/blogs.diariosur.es\/tormentas-y-rayos\/wp-json\/wp\/v2\/categories?post=25925"},{"taxonomy":"post_tag","embeddable":true,"href":"https:\/\/blogs.diariosur.es\/tormentas-y-rayos\/wp-json\/wp\/v2\/tags?post=25925"}],"curies":[{"name":"wp","href":"https:\/\/api.w.org\/{rel}","templated":true}]}}