{"id":25997,"date":"2019-11-24T09:04:05","date_gmt":"2019-11-24T08:04:05","guid":{"rendered":"http:\/\/blogs.diariosur.es\/tormentas-y-rayos\/?p=25997"},"modified":"2019-11-24T09:05:10","modified_gmt":"2019-11-24T08:05:10","slug":"el-tiempo-por-que-eugenio-martin-rubio-no-se-tenia-que-haber-quitado-el-bigote","status":"publish","type":"post","link":"https:\/\/blogs.diariosur.es\/tormentas-y-rayos\/2019\/11\/24\/el-tiempo-por-que-eugenio-martin-rubio-no-se-tenia-que-haber-quitado-el-bigote\/","title":{"rendered":"El tiempo. \u00bfPor qu\u00e9 Eugenio Mart\u00edn Rubio no se ten\u00eda que haber quitado el bigote?"},"content":{"rendered":"<p><a href=\"https:\/\/static-blogs.diariosur.es\/wp-content\/uploads\/sites\/12\/2019\/11\/71800039_10217590950944561_856450890100375552_n-1.jpg\"><img loading=\"lazy\" class=\"aligncenter size-thumbnail wp-image-25856\" src=\"https:\/\/static-blogs.diariosur.es\/wp-content\/uploads\/sites\/12\/2019\/11\/71800039_10217590950944561_856450890100375552_n-1-150x150.jpg\" alt=\"\" width=\"150\" height=\"150\" \/><\/a><\/p>\n<p>&nbsp;<\/p>\n<p>Buenos d\u00edas amigos de la meteo. Antes de contaros la famosa apuesta que hizo Eugenio Mart\u00edn Rubio sobre su bigote, os avanzo un poco como comenzar\u00e1 esta pr\u00f3xima semana. Varios frentes\u00a0 cruzar\u00e1n nuestra comunidad, de momento no se esperan que sean muy activos. Tambi\u00e9n hablaremos de la tormenta tropical Sebantien que llegar\u00e1 ma\u00f1ana a las Azores pero como postropical, para m\u00e1s tarde dirigirse a las Islas Brit\u00e1nicas. Y daremos algunos avances del tiempo que se espera para el gran puente.<\/p>\n<h3><span style=\"color: #0000ff;\"><strong>&#8220;Si ma\u00f1ana no llueve me afeito el bigo<\/strong>te&#8221;<\/span><\/h3>\n<p>Lo que os cuento a continuaci\u00f3n esta sacado del libro de mi amigo Javier Aguilar, que como todos sab\u00e9is es el presentador del tiempo en Canal Sur en su nueva etapa. Os aconsejo que de lunes a viernes a las 21:30 veais su programa, para mi uno de los m\u00e1s completo en informaci\u00f3n del tiempo.<\/p>\n<p>&nbsp;<\/p>\n<p><a href=\"https:\/\/static-blogs.diariosur.es\/wp-content\/uploads\/sites\/12\/2019\/11\/11062919_522113414619090_3074733731193758401_n.jpg\"><img loading=\"lazy\" class=\"aligncenter size-full wp-image-25999\" src=\"https:\/\/static-blogs.diariosur.es\/wp-content\/uploads\/sites\/12\/2019\/11\/11062919_522113414619090_3074733731193758401_n.jpg\" alt=\"\" width=\"960\" height=\"540\" srcset=\"https:\/\/static-blogs.diariosur.es\/wp-content\/uploads\/sites\/12\/2019\/11\/11062919_522113414619090_3074733731193758401_n.jpg 960w, https:\/\/static-blogs.diariosur.es\/wp-content\/uploads\/sites\/12\/2019\/11\/11062919_522113414619090_3074733731193758401_n-640x360.jpg 640w, https:\/\/static-blogs.diariosur.es\/wp-content\/uploads\/sites\/12\/2019\/11\/11062919_522113414619090_3074733731193758401_n-768x432.jpg 768w\" sizes=\"(max-width: 960px) 100vw, 960px\" \/><\/a><\/p>\n<p>&nbsp;<\/p>\n<p>Eugenio Mart\u00edn Rubio fue uno de los primeros hombre del tiempo en televisi\u00f3n, cometi\u00f3 la osad\u00eda de apostar su bigote en directo, algo parecido a lo que yo hice unos d\u00edas, pero en mi caso, me lo dejaba. Tras un oto\u00f1o muy seco y un comienzo del invierno tambi\u00e9n sin lluvias, <strong>Eugenio ten\u00eda claros indicios de que el tiempo iba a cambiar.\u00a0<\/strong><\/p>\n<p>Os cuento el por qu\u00e9<\/p>\n<p>Antiguamente hab\u00eda barcos fijos que hac\u00edan de estaciones meteorol\u00f3gicas, uno de ellos era el barco K cerca de las Azores, m\u00e1s al noroeste del Atl\u00e1ntico estaba el barco J. Transmit\u00edan por radio la presi\u00f3n, enviaban globos sonda etc etc.<\/p>\n<p>&nbsp;<\/p>\n<p><a href=\"https:\/\/static-blogs.diariosur.es\/wp-content\/uploads\/sites\/12\/2019\/11\/Toma-de-Datos-Estaci\u00f3n-Meteorol\u00f3gica-Oce\u00e1nica.png\"><img loading=\"lazy\" class=\"aligncenter size-full wp-image-26001\" src=\"https:\/\/static-blogs.diariosur.es\/wp-content\/uploads\/sites\/12\/2019\/11\/Toma-de-Datos-Estaci\u00f3n-Meteorol\u00f3gica-Oce\u00e1nica.png\" alt=\"\" width=\"657\" height=\"488\" srcset=\"https:\/\/static-blogs.diariosur.es\/wp-content\/uploads\/sites\/12\/2019\/11\/Toma-de-Datos-Estaci\u00f3n-Meteorol\u00f3gica-Oce\u00e1nica.png 657w, https:\/\/static-blogs.diariosur.es\/wp-content\/uploads\/sites\/12\/2019\/11\/Toma-de-Datos-Estaci\u00f3n-Meteorol\u00f3gica-Oce\u00e1nica-539x400.png 539w\" sizes=\"(max-width: 657px) 100vw, 657px\" \/><\/a><\/p>\n<p>&nbsp;<\/p>\n<p><a href=\"https:\/\/static-blogs.diariosur.es\/wp-content\/uploads\/sites\/12\/2019\/11\/Estaciones-meteorologicas-oceanicas.png\"><img loading=\"lazy\" class=\"aligncenter size-full wp-image-26000\" src=\"https:\/\/static-blogs.diariosur.es\/wp-content\/uploads\/sites\/12\/2019\/11\/Estaciones-meteorologicas-oceanicas.png\" alt=\"\" width=\"1019\" height=\"630\" srcset=\"https:\/\/static-blogs.diariosur.es\/wp-content\/uploads\/sites\/12\/2019\/11\/Estaciones-meteorologicas-oceanicas.png 1019w, https:\/\/static-blogs.diariosur.es\/wp-content\/uploads\/sites\/12\/2019\/11\/Estaciones-meteorologicas-oceanicas-640x396.png 640w, https:\/\/static-blogs.diariosur.es\/wp-content\/uploads\/sites\/12\/2019\/11\/Estaciones-meteorologicas-oceanicas-768x475.png 768w\" sizes=\"(max-width: 1019px) 100vw, 1019px\" \/><\/a><\/p>\n<p>Estos barcos avisaron por radio de fuertes vientos en el Atl\u00e1ntico Norte, que arrastraban grandes masas nubosas. El avi\u00f3n que hac\u00eda la ruta Nueva York Madrid aprovech\u00f3 esos fuertes vientos y tard\u00f3 menos de seis horas en llegar, la tripulaci\u00f3n corrobor\u00f3 la aproximaci\u00f3n de las nubes a la pen\u00ednsula. Pero lo m\u00e1s importante se daba sobre Rusia y Norte de Europa, donde permanec\u00eda desde hac\u00eda d\u00edas un potente anticicl\u00f3n. Entonces Eugenio pens\u00f3 que la potente borrasca que se acercaba por el noroeste de las Azores no podr\u00eda escaparse por latitudes m\u00e1s altas, debido al bloqueo anticicl\u00f3nico. Fue entonces cuando en directo se apost\u00f3 que si no llov\u00eda al dia siguiente se quitaba su tan querido bigote.<\/p>\n<p>Al dia seguinte Eugenio apareci\u00f3 en TVE sin bigote como si nada hubiera pasado.<\/p>\n<p>&nbsp;<\/p>\n<p><a href=\"https:\/\/static-blogs.diariosur.es\/wp-content\/uploads\/sites\/12\/2019\/11\/eugeniomartinrubio.jpg\"><img loading=\"lazy\" class=\"aligncenter size-full wp-image-26002\" src=\"https:\/\/static-blogs.diariosur.es\/wp-content\/uploads\/sites\/12\/2019\/11\/eugeniomartinrubio.jpg\" alt=\"\" width=\"990\" height=\"584\" srcset=\"https:\/\/static-blogs.diariosur.es\/wp-content\/uploads\/sites\/12\/2019\/11\/eugeniomartinrubio.jpg 990w, https:\/\/static-blogs.diariosur.es\/wp-content\/uploads\/sites\/12\/2019\/11\/eugeniomartinrubio-640x378.jpg 640w, https:\/\/static-blogs.diariosur.es\/wp-content\/uploads\/sites\/12\/2019\/11\/eugeniomartinrubio-768x453.jpg 768w\" sizes=\"(max-width: 990px) 100vw, 990px\" \/><\/a><\/p>\n<p>&nbsp;<\/p>\n<p><strong>Pero para mi no perdi\u00f3 la apuesta, a las 48 horas las lluvias eran protagonistas en la mayor parte de la pen\u00ednsula.\u00a0<\/strong><\/p>\n<p>Os dejo amigos, espero que os haya gustado.<\/p>\n","protected":false},"excerpt":{"rendered":"<p>&nbsp; Buenos d\u00edas amigos de la meteo. Antes de contaros la famosa apuesta que hizo Eugenio Mart\u00edn Rubio sobre su bigote, os avanzo un poco como comenzar\u00e1 esta pr\u00f3xima semana. Varios frentes\u00a0 cruzar\u00e1n nuestra comunidad, de momento no se esperan que sean muy activos. Tambi\u00e9n hablaremos de la tormenta tropical Sebantien que llegar\u00e1 ma\u00f1ana a [&hellip;]<\/p>\n","protected":false},"author":16,"featured_media":26002,"comment_status":"open","ping_status":"open","sticky":false,"template":"","format":"standard","meta":[],"categories":[1],"tags":[1379,178,358,1376,1377,1378],"_links":{"self":[{"href":"https:\/\/blogs.diariosur.es\/tormentas-y-rayos\/wp-json\/wp\/v2\/posts\/25997"}],"collection":[{"href":"https:\/\/blogs.diariosur.es\/tormentas-y-rayos\/wp-json\/wp\/v2\/posts"}],"about":[{"href":"https:\/\/blogs.diariosur.es\/tormentas-y-rayos\/wp-json\/wp\/v2\/types\/post"}],"author":[{"embeddable":true,"href":"https:\/\/blogs.diariosur.es\/tormentas-y-rayos\/wp-json\/wp\/v2\/users\/16"}],"replies":[{"embeddable":true,"href":"https:\/\/blogs.diariosur.es\/tormentas-y-rayos\/wp-json\/wp\/v2\/comments?post=25997"}],"version-history":[{"count":4,"href":"https:\/\/blogs.diariosur.es\/tormentas-y-rayos\/wp-json\/wp\/v2\/posts\/25997\/revisions"}],"predecessor-version":[{"id":26005,"href":"https:\/\/blogs.diariosur.es\/tormentas-y-rayos\/wp-json\/wp\/v2\/posts\/25997\/revisions\/26005"}],"wp:featuredmedia":[{"embeddable":true,"href":"https:\/\/blogs.diariosur.es\/tormentas-y-rayos\/wp-json\/wp\/v2\/media\/26002"}],"wp:attachment":[{"href":"https:\/\/blogs.diariosur.es\/tormentas-y-rayos\/wp-json\/wp\/v2\/media?parent=25997"}],"wp:term":[{"taxonomy":"category","embeddable":true,"href":"https:\/\/blogs.diariosur.es\/tormentas-y-rayos\/wp-json\/wp\/v2\/categories?post=25997"},{"taxonomy":"post_tag","embeddable":true,"href":"https:\/\/blogs.diariosur.es\/tormentas-y-rayos\/wp-json\/wp\/v2\/tags?post=25997"}],"curies":[{"name":"wp","href":"https:\/\/api.w.org\/{rel}","templated":true}]}}