{"id":26023,"date":"2019-11-27T08:31:41","date_gmt":"2019-11-27T07:31:41","guid":{"rendered":"http:\/\/blogs.diariosur.es\/tormentas-y-rayos\/?p=26023"},"modified":"2019-11-27T08:31:41","modified_gmt":"2019-11-27T07:31:41","slug":"el-tiempo-se-cumplen-cinco-anos-de-las-trombas-marinas-y-tornados-en-malaga-videos-y-fotos","status":"publish","type":"post","link":"https:\/\/blogs.diariosur.es\/tormentas-y-rayos\/2019\/11\/27\/el-tiempo-se-cumplen-cinco-anos-de-las-trombas-marinas-y-tornados-en-malaga-videos-y-fotos\/","title":{"rendered":"El tiempo. Se cumplen cinco a\u00f1os de las trombas marinas y tornados en M\u00e1laga. Videos y fotos."},"content":{"rendered":"<p><a href=\"https:\/\/static-blogs.diariosur.es\/wp-content\/uploads\/sites\/12\/2019\/11\/72999690_10217709542349272_7908844429161529344_o.jpg\"><img loading=\"lazy\" class=\"aligncenter size-thumbnail wp-image-26038\" src=\"https:\/\/static-blogs.diariosur.es\/wp-content\/uploads\/sites\/12\/2019\/11\/72999690_10217709542349272_7908844429161529344_o-150x150.jpg\" alt=\"\" width=\"150\" height=\"150\" \/><\/a><\/p>\n<p>&nbsp;<\/p>\n<p>Buenos d\u00edas amigos de la meteo.\u00a0 Antes de daros el resumen de ayer y la previsi\u00f3n para hoy, os hago un reportaje de las trombas marinas y tornados que se dieron en M\u00e1laga tal dia como hoy del 2014.<\/p>\n<p>Primero empezaremos por el estudio que hizo la aemet sobre este episodio.<\/p>\n<h2 class=\"titulo\"><a href=\"http:\/\/www.aemet.es\/documentos\/es\/conocermas\/recursos_en_linea\/publicaciones_y_estudios\/estudios\/Informe_tromba_Torremolinos_27112014.pdf\" rel=\"external nofollow\">Informe preliminar tromba marina, el 27 de noviembre de 2014<\/a><\/h2>\n<p>Nunca olvidare este jueves 27 de noviembre del 2014, ha sido unos de los d\u00edas que m\u00e1s he disfrutado con la meteo. Tuve la suerte que me tocar\u00e1 librar en mi curro, y desde muy temprano me fui a la playa de la misericordia. Unas horas antes hubo un tornado en Playamar ( Torremolinos), present\u00eda que nuevamente se podr\u00edan dar.<\/p>\n<p>Los mapas de altura pintaban muy bien,\u00a0por una baja presente en todos los niveles de la troposfera en el Cabo de San Vicente.<\/p>\n<p>&nbsp;<\/p>\n<p><a href=\"https:\/\/static-blogs.diariosur.es\/wp-content\/uploads\/sites\/12\/2019\/11\/Captura-15.jpg\"><img loading=\"lazy\" class=\"aligncenter size-full wp-image-26026\" src=\"https:\/\/static-blogs.diariosur.es\/wp-content\/uploads\/sites\/12\/2019\/11\/Captura-15.jpg\" alt=\"\" width=\"809\" height=\"512\" srcset=\"https:\/\/static-blogs.diariosur.es\/wp-content\/uploads\/sites\/12\/2019\/11\/Captura-15.jpg 809w, https:\/\/static-blogs.diariosur.es\/wp-content\/uploads\/sites\/12\/2019\/11\/Captura-15-632x400.jpg 632w, https:\/\/static-blogs.diariosur.es\/wp-content\/uploads\/sites\/12\/2019\/11\/Captura-15-768x486.jpg 768w\" sizes=\"(max-width: 809px) 100vw, 809px\" \/><\/a><\/p>\n<p>&nbsp;<\/p>\n<p>Sobre las once de la ma\u00f1ana el cielo empez\u00f3 a anunciar que algo se coc\u00eda de nuevo y estas impresionantes nubes empezaron a ser protagonistas.<\/p>\n<p>&nbsp;<\/p>\n<p><a href=\"https:\/\/static-blogs.diariosur.es\/wp-content\/uploads\/sites\/12\/2019\/11\/15891507045_4208337049_b.jpg\"><img loading=\"lazy\" class=\"aligncenter size-full wp-image-26031\" src=\"https:\/\/static-blogs.diariosur.es\/wp-content\/uploads\/sites\/12\/2019\/11\/15891507045_4208337049_b.jpg\" alt=\"\" width=\"1023\" height=\"683\" srcset=\"https:\/\/static-blogs.diariosur.es\/wp-content\/uploads\/sites\/12\/2019\/11\/15891507045_4208337049_b.jpg 1023w, https:\/\/static-blogs.diariosur.es\/wp-content\/uploads\/sites\/12\/2019\/11\/15891507045_4208337049_b-599x400.jpg 599w, https:\/\/static-blogs.diariosur.es\/wp-content\/uploads\/sites\/12\/2019\/11\/15891507045_4208337049_b-768x513.jpg 768w\" sizes=\"(max-width: 1023px) 100vw, 1023px\" \/><\/a><\/p>\n<p>&nbsp;<\/p>\n<p>&nbsp;<\/p>\n<p><a href=\"https:\/\/static-blogs.diariosur.es\/wp-content\/uploads\/sites\/12\/2019\/11\/15704012008_fc6e01bdef_b.jpg\"><img loading=\"lazy\" class=\"aligncenter size-full wp-image-26027\" src=\"https:\/\/static-blogs.diariosur.es\/wp-content\/uploads\/sites\/12\/2019\/11\/15704012008_fc6e01bdef_b.jpg\" alt=\"\" width=\"1023\" height=\"683\" srcset=\"https:\/\/static-blogs.diariosur.es\/wp-content\/uploads\/sites\/12\/2019\/11\/15704012008_fc6e01bdef_b.jpg 1023w, https:\/\/static-blogs.diariosur.es\/wp-content\/uploads\/sites\/12\/2019\/11\/15704012008_fc6e01bdef_b-599x400.jpg 599w, https:\/\/static-blogs.diariosur.es\/wp-content\/uploads\/sites\/12\/2019\/11\/15704012008_fc6e01bdef_b-768x513.jpg 768w\" sizes=\"(max-width: 1023px) 100vw, 1023px\" \/><\/a><\/p>\n<p>&nbsp;<\/p>\n<p>&nbsp;<\/p>\n<p><a href=\"https:\/\/static-blogs.diariosur.es\/wp-content\/uploads\/sites\/12\/2019\/11\/15705476179_28585797a7_b.jpg\"><img loading=\"lazy\" class=\"aligncenter size-full wp-image-26028\" src=\"https:\/\/static-blogs.diariosur.es\/wp-content\/uploads\/sites\/12\/2019\/11\/15705476179_28585797a7_b.jpg\" alt=\"\" width=\"1023\" height=\"683\" srcset=\"https:\/\/static-blogs.diariosur.es\/wp-content\/uploads\/sites\/12\/2019\/11\/15705476179_28585797a7_b.jpg 1023w, https:\/\/static-blogs.diariosur.es\/wp-content\/uploads\/sites\/12\/2019\/11\/15705476179_28585797a7_b-599x400.jpg 599w, https:\/\/static-blogs.diariosur.es\/wp-content\/uploads\/sites\/12\/2019\/11\/15705476179_28585797a7_b-768x513.jpg 768w\" sizes=\"(max-width: 1023px) 100vw, 1023px\" \/><\/a><\/p>\n<p>&nbsp;<\/p>\n<p>&nbsp;<\/p>\n<p><a href=\"https:\/\/static-blogs.diariosur.es\/wp-content\/uploads\/sites\/12\/2019\/11\/15865699686_65bd94ef4a_b.jpg\"><img loading=\"lazy\" class=\"aligncenter size-full wp-image-26029\" src=\"https:\/\/static-blogs.diariosur.es\/wp-content\/uploads\/sites\/12\/2019\/11\/15865699686_65bd94ef4a_b.jpg\" alt=\"\" width=\"1023\" height=\"683\" srcset=\"https:\/\/static-blogs.diariosur.es\/wp-content\/uploads\/sites\/12\/2019\/11\/15865699686_65bd94ef4a_b.jpg 1023w, https:\/\/static-blogs.diariosur.es\/wp-content\/uploads\/sites\/12\/2019\/11\/15865699686_65bd94ef4a_b-599x400.jpg 599w, https:\/\/static-blogs.diariosur.es\/wp-content\/uploads\/sites\/12\/2019\/11\/15865699686_65bd94ef4a_b-768x513.jpg 768w\" sizes=\"(max-width: 1023px) 100vw, 1023px\" \/><\/a><\/p>\n<p>&nbsp;<\/p>\n<p>Y de pronto las nubes hicieron magia y una impresionante tromba marina era la protagonista en la costa. Desde el Rinc\u00f3n de la Victoria se divisaba mejor, pero puse mi objetivo 300 mm y la fotografi\u00e9 perfectamente.<\/p>\n<p>&nbsp;<\/p>\n<p><a href=\"https:\/\/static-blogs.diariosur.es\/wp-content\/uploads\/sites\/12\/2019\/11\/z-3.jpg\"><img loading=\"lazy\" class=\"aligncenter size-full wp-image-26032\" src=\"https:\/\/static-blogs.diariosur.es\/wp-content\/uploads\/sites\/12\/2019\/11\/z-3.jpg\" alt=\"\" width=\"1024\" height=\"684\" srcset=\"https:\/\/static-blogs.diariosur.es\/wp-content\/uploads\/sites\/12\/2019\/11\/z-3.jpg 1024w, https:\/\/static-blogs.diariosur.es\/wp-content\/uploads\/sites\/12\/2019\/11\/z-3-599x400.jpg 599w, https:\/\/static-blogs.diariosur.es\/wp-content\/uploads\/sites\/12\/2019\/11\/z-3-768x513.jpg 768w\" sizes=\"(max-width: 1024px) 100vw, 1024px\" \/><\/a><\/p>\n<p>&nbsp;<\/p>\n<p>No solo la cace yo, los m\u00f3viles echaban humo en toda la costa, mi amigo David Mancebo la fotografi\u00f3 desde la playa de Sacaba.<\/p>\n<p>&nbsp;<\/p>\n<p><a href=\"https:\/\/static-blogs.diariosur.es\/wp-content\/uploads\/sites\/12\/2019\/11\/10506597_806480459415724_1571458648213495319_o-e1574837820233.jpg\"><img loading=\"lazy\" class=\"aligncenter size-full wp-image-26033\" src=\"https:\/\/static-blogs.diariosur.es\/wp-content\/uploads\/sites\/12\/2019\/11\/10506597_806480459415724_1571458648213495319_o-e1574837820233.jpg\" alt=\"\" width=\"1200\" height=\"795\" \/><\/a><\/p>\n<p>Las tormentas tambi\u00e9n afectaron a la costa de la Axarqu\u00eda, mi amigo Carlos Castro me mando este fot\u00f3n desde V\u00e9lez M\u00e1laga. A los pocos minutos una fuerte granizada era protagonista.<\/p>\n<p>&nbsp;<\/p>\n<p><a href=\"https:\/\/static-blogs.diariosur.es\/wp-content\/uploads\/sites\/12\/2019\/11\/10379748_681287821970095_4528673116640720503_o-e1574838012772.jpg\"><img loading=\"lazy\" class=\"aligncenter size-full wp-image-26034\" src=\"https:\/\/static-blogs.diariosur.es\/wp-content\/uploads\/sites\/12\/2019\/11\/10379748_681287821970095_4528673116640720503_o-e1574838012772.jpg\" alt=\"\" width=\"1200\" height=\"800\" \/><\/a><\/p>\n<p>&nbsp;<\/p>\n<p>Los videos de la tromba marina y el tornado eran protagonistas en las redes. Os pongo unos cuantos.<\/p>\n<p>La mayor\u00eda de los videos de mi amigo David Mancebo.<\/p>\n<p><iframe loading=\"lazy\" src=\"https:\/\/www.youtube.com\/embed\/RjGJ3yhr8Xk\" width=\"560\" height=\"315\" frameborder=\"0\" allowfullscreen=\"allowfullscreen\"><\/iframe><br \/>\n<iframe loading=\"lazy\" src=\"https:\/\/www.youtube.com\/embed\/PT6WM71xGLA\" width=\"560\" height=\"315\" frameborder=\"0\" allowfullscreen=\"allowfullscreen\"><\/iframe><br \/>\n<iframe loading=\"lazy\" src=\"https:\/\/www.youtube.com\/embed\/zl34rLqgRrY\" width=\"560\" height=\"315\" frameborder=\"0\" allowfullscreen=\"allowfullscreen\"><\/iframe><br \/>\n<iframe loading=\"lazy\" src=\"https:\/\/www.youtube.com\/embed\/wyekxS54_fM\" width=\"560\" height=\"315\" frameborder=\"0\" allowfullscreen=\"allowfullscreen\"><\/iframe><\/p>\n<p>&nbsp;<\/p>\n<p>Espero que os haga gustado.<\/p>\n<h4><strong>Os dejo con el resumen del tiempo que tuvimos ayer, y la previsi\u00f3n para hoy mi\u00e9rcoles.<\/strong><\/h4>\n<p>Foto de los cielos malague\u00f1os ayer a primeras horas de la tarde.<\/p>\n<p>&nbsp;<\/p>\n<p><a href=\"https:\/\/static-blogs.diariosur.es\/wp-content\/uploads\/sites\/12\/2019\/11\/DSC1143.jpg\"><img loading=\"lazy\" class=\"aligncenter size-full wp-image-26035\" src=\"https:\/\/static-blogs.diariosur.es\/wp-content\/uploads\/sites\/12\/2019\/11\/DSC1143.jpg\" alt=\"\" width=\"1200\" height=\"652\" srcset=\"https:\/\/static-blogs.diariosur.es\/wp-content\/uploads\/sites\/12\/2019\/11\/DSC1143.jpg 1200w, https:\/\/static-blogs.diariosur.es\/wp-content\/uploads\/sites\/12\/2019\/11\/DSC1143-640x348.jpg 640w, https:\/\/static-blogs.diariosur.es\/wp-content\/uploads\/sites\/12\/2019\/11\/DSC1143-768x417.jpg 768w\" sizes=\"(max-width: 1200px) 100vw, 1200px\" \/><\/a><\/p>\n<p>El Centro Meteorol\u00f3gico de M\u00e1laga Capital registro ayer martes la m\u00e1xima de la pen\u00ednsula con 25 grados, la m\u00e1xima de Espa\u00f1a se dio en Lanzarote Aeropuerto con 27.1 grados. En otros puntos de la provincia de M\u00e1laga sobrepasaron los 23 y 24 grados. La extormenta tropical Sebastien ha contribuido a que nos afecte una masa de aire m\u00e1s c\u00e1lida.<\/p>\n<p>Os paso las temperaturas m\u00e1ximas de ayer. Fuente aemet.<\/p>\n<p>&nbsp;<\/p>\n<p><a href=\"https:\/\/static-blogs.diariosur.es\/wp-content\/uploads\/sites\/12\/2019\/11\/miercoles.jpg\"><img loading=\"lazy\" class=\"aligncenter size-full wp-image-26024\" src=\"https:\/\/static-blogs.diariosur.es\/wp-content\/uploads\/sites\/12\/2019\/11\/miercoles.jpg\" alt=\"\" width=\"991\" height=\"412\" srcset=\"https:\/\/static-blogs.diariosur.es\/wp-content\/uploads\/sites\/12\/2019\/11\/miercoles.jpg 991w, https:\/\/static-blogs.diariosur.es\/wp-content\/uploads\/sites\/12\/2019\/11\/miercoles-640x266.jpg 640w, https:\/\/static-blogs.diariosur.es\/wp-content\/uploads\/sites\/12\/2019\/11\/miercoles-768x319.jpg 768w\" sizes=\"(max-width: 991px) 100vw, 991px\" \/><\/a><\/p>\n<p>&nbsp;<\/p>\n<p>La zona de nuestra comunidad donde mayor acumulado de lluvia se ha dado entre ayer y esta pasada madrugada ha sido en Sierra Luna ( Cadiz) con <strong>22.2 litros<\/strong>, Grazalema <strong>22 litros<\/strong> y Alajar en Huelva <strong>13.5 litros<\/strong>.<\/p>\n<p>En cuanto a las rachas m\u00e1s fuertes de viento han sido estas.<\/p>\n<p>&nbsp;<\/p>\n<p><a href=\"https:\/\/static-blogs.diariosur.es\/wp-content\/uploads\/sites\/12\/2019\/11\/rachas-1.jpg\"><img loading=\"lazy\" class=\"aligncenter size-full wp-image-26025\" src=\"https:\/\/static-blogs.diariosur.es\/wp-content\/uploads\/sites\/12\/2019\/11\/rachas-1.jpg\" alt=\"\" width=\"968\" height=\"237\" srcset=\"https:\/\/static-blogs.diariosur.es\/wp-content\/uploads\/sites\/12\/2019\/11\/rachas-1.jpg 968w, https:\/\/static-blogs.diariosur.es\/wp-content\/uploads\/sites\/12\/2019\/11\/rachas-1-640x157.jpg 640w, https:\/\/static-blogs.diariosur.es\/wp-content\/uploads\/sites\/12\/2019\/11\/rachas-1-768x188.jpg 768w\" sizes=\"(max-width: 968px) 100vw, 968px\" \/><\/a><\/p>\n<p>&nbsp;<\/p>\n<p><span style=\"color: #0000ff;\"><strong>PREVISI\u00d3N MI\u00c9RCOLES 27 DE NOVIEMBRE\u00a0<\/strong><\/span><\/p>\n<p>La probabilidad de precipitaciones bajar\u00e1 a medida que pasen las horas en toda la comunidad, salvo en la zona de Grazalema. La probabilidad de rachas m\u00e1s fuertes de viento se dar\u00e1n en las Provincia de Granada y Almer\u00eda.<\/p>\n<p>En cuanto a las temperaturas m\u00e1ximas ser\u00e1n muy parecidas\u00a0 a las de ayer. Fuente aemet<\/p>\n<p>&nbsp;<\/p>\n<p><a href=\"https:\/\/static-blogs.diariosur.es\/wp-content\/uploads\/sites\/12\/2019\/11\/Captura-16.jpg\"><img loading=\"lazy\" class=\"aligncenter size-full wp-image-26036\" src=\"https:\/\/static-blogs.diariosur.es\/wp-content\/uploads\/sites\/12\/2019\/11\/Captura-16.jpg\" alt=\"\" width=\"873\" height=\"498\" srcset=\"https:\/\/static-blogs.diariosur.es\/wp-content\/uploads\/sites\/12\/2019\/11\/Captura-16.jpg 873w, https:\/\/static-blogs.diariosur.es\/wp-content\/uploads\/sites\/12\/2019\/11\/Captura-16-640x365.jpg 640w, https:\/\/static-blogs.diariosur.es\/wp-content\/uploads\/sites\/12\/2019\/11\/Captura-16-768x438.jpg 768w\" sizes=\"(max-width: 873px) 100vw, 873px\" \/><\/a><\/p>\n","protected":false},"excerpt":{"rendered":"<p>&nbsp; Buenos d\u00edas amigos de la meteo.\u00a0 Antes de daros el resumen de ayer y la previsi\u00f3n para hoy, os hago un reportaje de las trombas marinas y tornados que se dieron en M\u00e1laga tal dia como hoy del 2014. Primero empezaremos por el estudio que hizo la aemet sobre este episodio. Informe preliminar tromba [&hellip;]<\/p>\n","protected":false},"author":16,"featured_media":26032,"comment_status":"open","ping_status":"open","sticky":false,"template":"","format":"standard","meta":[],"categories":[1],"tags":[14,1383,358,587,604,718,1382,1007],"_links":{"self":[{"href":"https:\/\/blogs.diariosur.es\/tormentas-y-rayos\/wp-json\/wp\/v2\/posts\/26023"}],"collection":[{"href":"https:\/\/blogs.diariosur.es\/tormentas-y-rayos\/wp-json\/wp\/v2\/posts"}],"about":[{"href":"https:\/\/blogs.diariosur.es\/tormentas-y-rayos\/wp-json\/wp\/v2\/types\/post"}],"author":[{"embeddable":true,"href":"https:\/\/blogs.diariosur.es\/tormentas-y-rayos\/wp-json\/wp\/v2\/users\/16"}],"replies":[{"embeddable":true,"href":"https:\/\/blogs.diariosur.es\/tormentas-y-rayos\/wp-json\/wp\/v2\/comments?post=26023"}],"version-history":[{"count":3,"href":"https:\/\/blogs.diariosur.es\/tormentas-y-rayos\/wp-json\/wp\/v2\/posts\/26023\/revisions"}],"predecessor-version":[{"id":26039,"href":"https:\/\/blogs.diariosur.es\/tormentas-y-rayos\/wp-json\/wp\/v2\/posts\/26023\/revisions\/26039"}],"wp:featuredmedia":[{"embeddable":true,"href":"https:\/\/blogs.diariosur.es\/tormentas-y-rayos\/wp-json\/wp\/v2\/media\/26032"}],"wp:attachment":[{"href":"https:\/\/blogs.diariosur.es\/tormentas-y-rayos\/wp-json\/wp\/v2\/media?parent=26023"}],"wp:term":[{"taxonomy":"category","embeddable":true,"href":"https:\/\/blogs.diariosur.es\/tormentas-y-rayos\/wp-json\/wp\/v2\/categories?post=26023"},{"taxonomy":"post_tag","embeddable":true,"href":"https:\/\/blogs.diariosur.es\/tormentas-y-rayos\/wp-json\/wp\/v2\/tags?post=26023"}],"curies":[{"name":"wp","href":"https:\/\/api.w.org\/{rel}","templated":true}]}}