{"id":26103,"date":"2019-12-13T09:28:22","date_gmt":"2019-12-13T08:28:22","guid":{"rendered":"http:\/\/blogs.diariosur.es\/tormentas-y-rayos\/?p=26103"},"modified":"2019-12-13T13:38:47","modified_gmt":"2019-12-13T12:38:47","slug":"el-tiempo-fin-de-semana-andalucia-probabilidad-de-lluvias-la-semana-que-viene","status":"publish","type":"post","link":"https:\/\/blogs.diariosur.es\/tormentas-y-rayos\/2019\/12\/13\/el-tiempo-fin-de-semana-andalucia-probabilidad-de-lluvias-la-semana-que-viene\/","title":{"rendered":"El tiempo fin de semana en Andaluc\u00eda. Probabilidad de lluvias la semana que viene."},"content":{"rendered":"<p><a href=\"https:\/\/static-blogs.diariosur.es\/wp-content\/uploads\/sites\/12\/2019\/11\/71800039_10217590950944561_856450890100375552_n-1.jpg\"><img loading=\"lazy\" class=\"aligncenter size-thumbnail wp-image-25856\" src=\"https:\/\/static-blogs.diariosur.es\/wp-content\/uploads\/sites\/12\/2019\/11\/71800039_10217590950944561_856450890100375552_n-1-150x150.jpg\" alt=\"\" width=\"150\" height=\"150\" \/><\/a><\/p>\n<p>&nbsp;<\/p>\n<p>Muy buenos d\u00edas ventosos amigos de la meteo. Se cumplieron las previsiones y esta pasada madrugada han ca\u00eddo chubascos por el interior de la provincia de M\u00e1laga. Destaca Rio Guadiaro con 16 litros, Rio Benamargosa y Alfarnatejo con 4 litros. Tambi\u00e9n han ca\u00eddo precipitaciones por el interior de la provincia de Granada, sierra norte de Huelva, C\u00f3rdoba, Sevilla, Grazalema, provincia de Ja\u00e9n, Ciudad Aut\u00f3noma de Ceuta y Estrecho.<\/p>\n<p>Precauci\u00f3n con las rachas de viento muy fuetes que se esperan en muchos puntos de la pen\u00ednsula, sobre todo si vais conduciendo.<\/p>\n<p>Os paso las rachas m\u00e1s fuertes de viento que se han dado hoy viernes hasta las ocho de la ma\u00f1ana en nuestra comunidad. Fuente aemet.<\/p>\n<p>&nbsp;<\/p>\n<p><a href=\"https:\/\/static-blogs.diariosur.es\/wp-content\/uploads\/sites\/12\/2019\/12\/viernes.jpg\"><img loading=\"lazy\" class=\"aligncenter size-full wp-image-26104\" src=\"https:\/\/static-blogs.diariosur.es\/wp-content\/uploads\/sites\/12\/2019\/12\/viernes.jpg\" alt=\"\" width=\"962\" height=\"233\" srcset=\"https:\/\/static-blogs.diariosur.es\/wp-content\/uploads\/sites\/12\/2019\/12\/viernes.jpg 962w, https:\/\/static-blogs.diariosur.es\/wp-content\/uploads\/sites\/12\/2019\/12\/viernes-640x155.jpg 640w, https:\/\/static-blogs.diariosur.es\/wp-content\/uploads\/sites\/12\/2019\/12\/viernes-768x186.jpg 768w\" sizes=\"(max-width: 962px) 100vw, 962px\" \/><\/a><\/p>\n<p>Pero donde m\u00e1s se esta notando las rachas fuertes de viento es en el norte de la pen\u00ednsula. En muchas boyas en estos momentos se miden olas de casi 10 metros. Os paso las rachas m\u00e1s fuertes que se han dado hasta la ocho de la ma\u00f1ana.<\/p>\n<p><a href=\"https:\/\/static-blogs.diariosur.es\/wp-content\/uploads\/sites\/12\/2019\/12\/viernes-1.jpg\"><img loading=\"lazy\" class=\"aligncenter size-full wp-image-26105\" src=\"https:\/\/static-blogs.diariosur.es\/wp-content\/uploads\/sites\/12\/2019\/12\/viernes-1.jpg\" alt=\"\" width=\"973\" height=\"340\" srcset=\"https:\/\/static-blogs.diariosur.es\/wp-content\/uploads\/sites\/12\/2019\/12\/viernes-1.jpg 973w, https:\/\/static-blogs.diariosur.es\/wp-content\/uploads\/sites\/12\/2019\/12\/viernes-1-640x224.jpg 640w, https:\/\/static-blogs.diariosur.es\/wp-content\/uploads\/sites\/12\/2019\/12\/viernes-1-768x268.jpg 768w\" sizes=\"(max-width: 973px) 100vw, 973px\" \/><\/a><\/p>\n<p>Cielos en M\u00e1laga Capital a las ocho y media de la ma\u00f1ana.<\/p>\n<p>&nbsp;<\/p>\n<p><a href=\"https:\/\/static-blogs.diariosur.es\/wp-content\/uploads\/sites\/12\/2019\/12\/DSC1245.jpg\"><img loading=\"lazy\" class=\"aligncenter size-full wp-image-26107\" src=\"https:\/\/static-blogs.diariosur.es\/wp-content\/uploads\/sites\/12\/2019\/12\/DSC1245.jpg\" alt=\"\" width=\"1200\" height=\"801\" srcset=\"https:\/\/static-blogs.diariosur.es\/wp-content\/uploads\/sites\/12\/2019\/12\/DSC1245.jpg 1200w, https:\/\/static-blogs.diariosur.es\/wp-content\/uploads\/sites\/12\/2019\/12\/DSC1245-599x400.jpg 599w, https:\/\/static-blogs.diariosur.es\/wp-content\/uploads\/sites\/12\/2019\/12\/DSC1245-768x513.jpg 768w\" sizes=\"(max-width: 1200px) 100vw, 1200px\" \/><\/a><\/p>\n<p>&nbsp;<\/p>\n<p><span style=\"color: #0000ff;\"><strong>PREVISI\u00d3N S\u00c1BADO 14 DE DICIEMBRE<\/strong><\/span><\/p>\n<p>La probabilidad de precipitaciones es muy baja en toda Andaluc\u00eda. El viento seguir\u00e1 de protagonista, aunque las rachas no ser\u00e1n tan fuertes como las que se esperan hoy viernes en las provincias de Granada y Almer\u00eda. En M\u00e1laga Capital, su costa y zonas altas\u00a0 seguir\u00e1n con rachas de moderadas a fuertes de viento del noroeste, aflojaran al final del d\u00eda. En el Estrecho, Ceuta y Melilla tambi\u00e9n se esperan rachas de moderadas a fuertes. En el Valle del Guadalquivir y litorales de C\u00e1diz y Huelva ir\u00e1 disminuyendo la fuerza del viento desde primeras horas de la madrugada.<\/p>\n<p>Se activa el aviso amarillo por olas en la costa de la axarquia de M\u00e1laga, costa de Granada y Almer\u00eda.<\/p>\n<p>Os paso las temperaturas m\u00e1ximas que prev\u00e9 la aemet.<\/p>\n<p>&nbsp;<\/p>\n<p><a href=\"https:\/\/static-blogs.diariosur.es\/wp-content\/uploads\/sites\/12\/2019\/12\/SABADO-TEMPE.jpg\"><img loading=\"lazy\" class=\"aligncenter size-full wp-image-26106\" src=\"https:\/\/static-blogs.diariosur.es\/wp-content\/uploads\/sites\/12\/2019\/12\/SABADO-TEMPE.jpg\" alt=\"\" width=\"882\" height=\"507\" srcset=\"https:\/\/static-blogs.diariosur.es\/wp-content\/uploads\/sites\/12\/2019\/12\/SABADO-TEMPE.jpg 882w, https:\/\/static-blogs.diariosur.es\/wp-content\/uploads\/sites\/12\/2019\/12\/SABADO-TEMPE-640x368.jpg 640w, https:\/\/static-blogs.diariosur.es\/wp-content\/uploads\/sites\/12\/2019\/12\/SABADO-TEMPE-768x441.jpg 768w\" sizes=\"(max-width: 882px) 100vw, 882px\" \/><\/a><\/p>\n<p>&nbsp;<\/p>\n<p><span style=\"color: #0000ff;\"><strong>PREVISI\u00d3N DOMINGO 15 DE DICIEMBRE.<\/strong><\/span><\/p>\n<p>El viento nos dar\u00e1 un respiro en la mayor parte de nuestra comunidad. Las temperaturas m\u00e1ximas ser\u00e1n parecidas a las del s\u00e1bado, en algunos puntos de la costa mediterr\u00e1nea pueden llegar a los\u00a0 19 y 20 grados. En cuanto a las precipitaciones, hay probabilidad en la provincia de Huelva a \u00faltima hora del d\u00eda. Esto se deber\u00e1 a la entrada de un frente fr\u00edo.<\/p>\n<p><strong>PROBABILIDAD ALTA QUE LA SEMANA QUE VIENE TENGAMOS VARIOS D\u00cdAS DE LLUVIAS EN LA MAYOR PARTE DE LA COMUNIDAD.<\/strong><\/p>\n<p>&nbsp;<\/p>\n<p><a href=\"https:\/\/static-blogs.diariosur.es\/wp-content\/uploads\/sites\/12\/2019\/11\/DSC07221.jpg\"><img loading=\"lazy\" class=\"aligncenter size-full wp-image-25936\" src=\"https:\/\/static-blogs.diariosur.es\/wp-content\/uploads\/sites\/12\/2019\/11\/DSC07221.jpg\" alt=\"\" width=\"1100\" height=\"733\" srcset=\"https:\/\/static-blogs.diariosur.es\/wp-content\/uploads\/sites\/12\/2019\/11\/DSC07221.jpg 1100w, https:\/\/static-blogs.diariosur.es\/wp-content\/uploads\/sites\/12\/2019\/11\/DSC07221-600x400.jpg 600w, https:\/\/static-blogs.diariosur.es\/wp-content\/uploads\/sites\/12\/2019\/11\/DSC07221-768x512.jpg 768w\" sizes=\"(max-width: 1100px) 100vw, 1100px\" \/><\/a><\/p>\n<p>&nbsp;<\/p>\n<p>Esto lo iremos viendo poco a poco, ojala los modelos a \u00faltima hora no reculen. Varios frentes asociados a borrascas cercanas a la pen\u00ednsula pueden traer las ansiadas lluvias. En facebook abrir\u00e9 durante el dia de hoy una porra.<\/p>\n<p>&nbsp;<\/p>\n","protected":false},"excerpt":{"rendered":"<p>&nbsp; Muy buenos d\u00edas ventosos amigos de la meteo. Se cumplieron las previsiones y esta pasada madrugada han ca\u00eddo chubascos por el interior de la provincia de M\u00e1laga. Destaca Rio Guadiaro con 16 litros, Rio Benamargosa y Alfarnatejo con 4 litros. Tambi\u00e9n han ca\u00eddo precipitaciones por el interior de la provincia de Granada, sierra norte [&hellip;]<\/p>\n","protected":false},"author":16,"featured_media":26107,"comment_status":"open","ping_status":"open","sticky":false,"template":"","format":"standard","meta":[],"categories":[1],"tags":[100,309,358,410,587,809,902,1059],"_links":{"self":[{"href":"https:\/\/blogs.diariosur.es\/tormentas-y-rayos\/wp-json\/wp\/v2\/posts\/26103"}],"collection":[{"href":"https:\/\/blogs.diariosur.es\/tormentas-y-rayos\/wp-json\/wp\/v2\/posts"}],"about":[{"href":"https:\/\/blogs.diariosur.es\/tormentas-y-rayos\/wp-json\/wp\/v2\/types\/post"}],"author":[{"embeddable":true,"href":"https:\/\/blogs.diariosur.es\/tormentas-y-rayos\/wp-json\/wp\/v2\/users\/16"}],"replies":[{"embeddable":true,"href":"https:\/\/blogs.diariosur.es\/tormentas-y-rayos\/wp-json\/wp\/v2\/comments?post=26103"}],"version-history":[{"count":4,"href":"https:\/\/blogs.diariosur.es\/tormentas-y-rayos\/wp-json\/wp\/v2\/posts\/26103\/revisions"}],"predecessor-version":[{"id":26111,"href":"https:\/\/blogs.diariosur.es\/tormentas-y-rayos\/wp-json\/wp\/v2\/posts\/26103\/revisions\/26111"}],"wp:featuredmedia":[{"embeddable":true,"href":"https:\/\/blogs.diariosur.es\/tormentas-y-rayos\/wp-json\/wp\/v2\/media\/26107"}],"wp:attachment":[{"href":"https:\/\/blogs.diariosur.es\/tormentas-y-rayos\/wp-json\/wp\/v2\/media?parent=26103"}],"wp:term":[{"taxonomy":"category","embeddable":true,"href":"https:\/\/blogs.diariosur.es\/tormentas-y-rayos\/wp-json\/wp\/v2\/categories?post=26103"},{"taxonomy":"post_tag","embeddable":true,"href":"https:\/\/blogs.diariosur.es\/tormentas-y-rayos\/wp-json\/wp\/v2\/tags?post=26103"}],"curies":[{"name":"wp","href":"https:\/\/api.w.org\/{rel}","templated":true}]}}