{"id":28695,"date":"2020-11-19T08:45:02","date_gmt":"2020-11-19T07:45:02","guid":{"rendered":"http:\/\/blogs.diariosur.es\/tormentas-y-rayos\/?p=28695"},"modified":"2020-11-19T08:45:02","modified_gmt":"2020-11-19T07:45:02","slug":"que-tiempo-hara-el-fin-de-semana-prediccion-en-malaga-andalucia-2","status":"publish","type":"post","link":"https:\/\/blogs.diariosur.es\/tormentas-y-rayos\/2020\/11\/19\/que-tiempo-hara-el-fin-de-semana-prediccion-en-malaga-andalucia-2\/","title":{"rendered":"\u00bf Qu\u00e9 tiempo har\u00e1 el fin de semana ? Predicci\u00f3n en M\u00e1laga, Andaluc\u00eda."},"content":{"rendered":"<p><a href=\"https:\/\/static-blogs.diariosur.es\/wp-content\/uploads\/sites\/12\/2020\/11\/72999690_10217709542349272_7908844429161529344_o.jpg\"><img loading=\"lazy\" class=\"aligncenter size-thumbnail wp-image-28642\" src=\"https:\/\/static-blogs.diariosur.es\/wp-content\/uploads\/sites\/12\/2020\/11\/72999690_10217709542349272_7908844429161529344_o-150x150.jpg\" alt=\"\" width=\"150\" height=\"150\" \/><\/a><\/p>\n<p>Muy buenos d\u00edas, amigos de la meteo. Nuevamente madrugada agradable en M\u00e1laga capital y en buena parte de su provincia, mi term\u00f3metro registra a las ocho de las ma\u00f1ana 15 grados.<\/p>\n<p>Seguimos con nubes bajas de levante y mag\u00f3n en toda la costa. A partir de las diez de la ma\u00f1ana las nubes ir\u00e1n a menos. En las dem\u00e1s zonas de nuestra comunidad, las m\u00ednimas en estos momentos est\u00e1n por encima de la media, las m\u00e1ximas previstas tambi\u00e9n estar\u00e1n con valores superiores a estas fechas.<\/p>\n<p>Antes de daros la previsi\u00f3n del fin de semana y a petici\u00f3n de muchos de vosotros, os aclaro lo que ayer quer\u00edan decir los modelos estacionales para nuestra zona.<\/p>\n<p>Es muy f\u00e1cil de entender, la circulaci\u00f3n zonal seguir\u00e1 muy alta, esto quiere decir que las grandes borrascas seguir\u00e1n pasando por latitudes altas. Las precipitaciones estarian\u00a0 por debajo de la media y las temperaturas por encima de la media. Para nuestro intereses tendr\u00eda que darse una zonal media o mucho mejor, una zonal baja.<\/p>\n<p>Tambi\u00e9n os comento que estos modelos est\u00e1n en fase experimental y para la pen\u00ednsula no son muy fiables.<\/p>\n<p><em>Samuel Biener comenta esto en su blog:\u00a0L<strong>as previsiones estacionales est\u00e1n a\u00fan en fase experimental, y no resultan muy fiables en latitudes medias, y a\u00fan menos en un caso como el de Espa\u00f1a, donde su orograf\u00eda y ubicaci\u00f3n son muy complejas.<\/strong>\u00a0Nos encontramos entre dos cuerpos de agua de distinta naturaleza (Atl\u00e1ntico y Mediterr\u00e1neo), tambi\u00e9n en una zona donde es habitual que nos visitan masas de aire de distinta naturaleza (desde las g\u00e9lidas \u00e1rticas hasta las t\u00f3rridas tropicales continentales). Sin olvidar la proximidad a \u00c1frica y nuestra orograf\u00eda tan compleja.<\/em><\/p>\n<h2><strong>Predicci\u00f3n fin de semana.<\/strong><\/h2>\n<p>Ma\u00f1ana viernes seguiremos con nubes bajas en el litoral de M\u00e1laga, donde hay probabilidad de algunas gotas espor\u00e1dicas en el litoral m\u00e1s occidental. En el resto de la comunidad el tiempo ser\u00e1 muy parecido al que tengamos hoy. Solo destacar rachas fuertes de levante en el estrecho y algunas gotas en Ceuta.<\/p>\n<h3><span style=\"color: #0000ff;\"><strong>S\u00e1bado 21 de Noviembre<\/strong><\/span><\/h3>\n<p><strong>En M\u00e1laga<\/strong> lo m\u00e1s destacable para el s\u00e1bado ser\u00e1 la nubosidad en toda la costa y Valle del Guadalhorce. Hay probabilidad de alguna precipitaci\u00f3n <strong>d\u00e9bil y espor\u00e1dica<\/strong> en algunos puntos de la costa e interior del Valle del Guadalhorce. Se esperan rachas fuertes de levante en toda la costa malague\u00f1a, y en las comarcas de Ronda y de Antequera. De momento en nuestra provincia no se han emitido avisos para el s\u00e1bado, pero lo m\u00e1s posible es que se activen por olas en la costa y viento por el interior. Las temperaturas m\u00e1ximas bajar\u00e1n.<\/p>\n<p><strong>En el resto de nuestra comunidad<\/strong> lo mas destacado las rachas muy fuertes de levante en el estrecho, Ceuta, litoral de C\u00e1diz y su campi\u00f1a. De<strong> momento<\/strong> hay aviso por olas en el estrecho.<\/p>\n<p>En el litoral del levante almeriense se esperan rachas fuertes de levante y algunas gotas. En el litoral del poniente de Almer\u00eda rachas <strong>muy fuertes de levante<\/strong>.<\/p>\n<p>Os paso las temperaturas m\u00e1ximas y m\u00ednimas que prev\u00e9 la aemet. En algunas zonas sigue el Veranillo de San Mart\u00edn<\/p>\n<p>&nbsp;<\/p>\n<p><a href=\"https:\/\/static-blogs.diariosur.es\/wp-content\/uploads\/sites\/12\/2020\/11\/s\u00e1bado.jpg\"><img loading=\"lazy\" class=\"aligncenter size-full wp-image-28701\" src=\"https:\/\/static-blogs.diariosur.es\/wp-content\/uploads\/sites\/12\/2020\/11\/s\u00e1bado.jpg\" alt=\"\" width=\"701\" height=\"541\" srcset=\"https:\/\/static-blogs.diariosur.es\/wp-content\/uploads\/sites\/12\/2020\/11\/s\u00e1bado.jpg 701w, https:\/\/static-blogs.diariosur.es\/wp-content\/uploads\/sites\/12\/2020\/11\/s\u00e1bado-518x400.jpg 518w\" sizes=\"(max-width: 701px) 100vw, 701px\" \/><\/a><\/p>\n<p>&nbsp;<\/p>\n<h3><span style=\"color: #0000ff;\"><strong>Domingo 22 de Noviembre.<\/strong><\/span><\/h3>\n<p><strong>En la provincia de M\u00e1lag<\/strong>a seguiremos con el viento de levante de protagonista, mag\u00f3n con olas de 2 metros y nubes bajas en el litoral y Valle del Guadalhorce. Se pueden escapar algunas gotillas en el litoral m\u00e1s occidental a primera hora de la ma\u00f1ana. En las dem\u00e1s zonas de nuestra provincia cielos pocos nubosos.<\/p>\n<p>En el resto de nuestra comunidad seguir\u00e1n las rachas fuertes de levante\u00a0en el estrecho, Ceuta, litoral de C\u00e1diz y su campi\u00f1a. En los dos litorales de Almer\u00eda aflojara el viento de levante, solo se esperan muy fuertes en la madrugada.\u00a0 En las dem\u00e1s zonas de nuestra comunidad el tiempo ser\u00e1 parecido al s\u00e1bado.<\/p>\n<p>La aemet prev\u00e9 estas temperaturas m\u00e1ximas y m\u00ednimas.<\/p>\n<p>&nbsp;<\/p>\n<p><a href=\"https:\/\/static-blogs.diariosur.es\/wp-content\/uploads\/sites\/12\/2020\/11\/dd.jpg\"><img loading=\"lazy\" class=\"aligncenter size-full wp-image-28702\" src=\"https:\/\/static-blogs.diariosur.es\/wp-content\/uploads\/sites\/12\/2020\/11\/dd.jpg\" alt=\"\" width=\"692\" height=\"545\" srcset=\"https:\/\/static-blogs.diariosur.es\/wp-content\/uploads\/sites\/12\/2020\/11\/dd.jpg 692w, https:\/\/static-blogs.diariosur.es\/wp-content\/uploads\/sites\/12\/2020\/11\/dd-508x400.jpg 508w\" sizes=\"(max-width: 692px) 100vw, 692px\" \/><\/a><\/p>\n<p>&nbsp;<\/p>\n<p>&nbsp;<\/p>\n<p>Os dejo con mi amigo Jos\u00e9 y con sus impresionantes fotos.\u00a0Al final del post, os pongo unas cuantas para que cargu\u00e9is las pilas.<\/p>\n<p>Pinchar en su galer\u00eda.<\/p>\n<h3><a href=\"https:\/\/joseagallego.myportfolio.com\/work?fbclid=IwAR1nsUbc1QytXq2lLI735b5DklMvKCr8E9ERMH10Z3Dv-J5TKXsSOVUwmTo\" rel=\"external nofollow\">Galer\u00eda de fotos Jos\u00e9\u00a0A. Gallego<\/a><\/h3>\n<p>&nbsp;<\/p>\n<p><a href=\"https:\/\/static-blogs.diariosur.es\/wp-content\/uploads\/sites\/12\/2020\/11\/Captura-13.jpg\"><img loading=\"lazy\" class=\"aligncenter size-full wp-image-28697\" src=\"https:\/\/static-blogs.diariosur.es\/wp-content\/uploads\/sites\/12\/2020\/11\/Captura-13.jpg\" alt=\"\" width=\"888\" height=\"695\" srcset=\"https:\/\/static-blogs.diariosur.es\/wp-content\/uploads\/sites\/12\/2020\/11\/Captura-13.jpg 888w, https:\/\/static-blogs.diariosur.es\/wp-content\/uploads\/sites\/12\/2020\/11\/Captura-13-511x400.jpg 511w, https:\/\/static-blogs.diariosur.es\/wp-content\/uploads\/sites\/12\/2020\/11\/Captura-13-768x601.jpg 768w\" sizes=\"(max-width: 888px) 100vw, 888px\" \/><\/a><a href=\"https:\/\/static-blogs.diariosur.es\/wp-content\/uploads\/sites\/12\/2020\/11\/122854343_1302001263487409_269001831978176152_o.jpg\"><img loading=\"lazy\" class=\"aligncenter size-full wp-image-28698\" src=\"https:\/\/static-blogs.diariosur.es\/wp-content\/uploads\/sites\/12\/2020\/11\/122854343_1302001263487409_269001831978176152_o.jpg\" alt=\"\" width=\"1100\" height=\"730\" srcset=\"https:\/\/static-blogs.diariosur.es\/wp-content\/uploads\/sites\/12\/2020\/11\/122854343_1302001263487409_269001831978176152_o.jpg 1100w, https:\/\/static-blogs.diariosur.es\/wp-content\/uploads\/sites\/12\/2020\/11\/122854343_1302001263487409_269001831978176152_o-603x400.jpg 603w, https:\/\/static-blogs.diariosur.es\/wp-content\/uploads\/sites\/12\/2020\/11\/122854343_1302001263487409_269001831978176152_o-768x510.jpg 768w\" sizes=\"(max-width: 1100px) 100vw, 1100px\" \/><\/a><\/p>\n<p><a href=\"https:\/\/static-blogs.diariosur.es\/wp-content\/uploads\/sites\/12\/2020\/11\/4b19fc4f-c74b-479f-8236-a9f8360b0d16_rw_1200.jpg\"><img loading=\"lazy\" class=\"aligncenter size-full wp-image-28699\" src=\"https:\/\/static-blogs.diariosur.es\/wp-content\/uploads\/sites\/12\/2020\/11\/4b19fc4f-c74b-479f-8236-a9f8360b0d16_rw_1200.jpg\" alt=\"\" width=\"900\" height=\"600\" srcset=\"https:\/\/static-blogs.diariosur.es\/wp-content\/uploads\/sites\/12\/2020\/11\/4b19fc4f-c74b-479f-8236-a9f8360b0d16_rw_1200.jpg 900w, https:\/\/static-blogs.diariosur.es\/wp-content\/uploads\/sites\/12\/2020\/11\/4b19fc4f-c74b-479f-8236-a9f8360b0d16_rw_1200-600x400.jpg 600w, https:\/\/static-blogs.diariosur.es\/wp-content\/uploads\/sites\/12\/2020\/11\/4b19fc4f-c74b-479f-8236-a9f8360b0d16_rw_1200-768x512.jpg 768w\" sizes=\"(max-width: 900px) 100vw, 900px\" \/><\/a><\/p>\n<p>&nbsp;<\/p>\n<p><a href=\"https:\/\/static-blogs.diariosur.es\/wp-content\/uploads\/sites\/12\/2020\/11\/a8b3c71f-22c7-4a64-8488-193c19ab8c01_rw_1200.jpg\"><img loading=\"lazy\" class=\"aligncenter size-full wp-image-28700\" src=\"https:\/\/static-blogs.diariosur.es\/wp-content\/uploads\/sites\/12\/2020\/11\/a8b3c71f-22c7-4a64-8488-193c19ab8c01_rw_1200.jpg\" alt=\"\" width=\"800\" height=\"566\" srcset=\"https:\/\/static-blogs.diariosur.es\/wp-content\/uploads\/sites\/12\/2020\/11\/a8b3c71f-22c7-4a64-8488-193c19ab8c01_rw_1200.jpg 800w, https:\/\/static-blogs.diariosur.es\/wp-content\/uploads\/sites\/12\/2020\/11\/a8b3c71f-22c7-4a64-8488-193c19ab8c01_rw_1200-565x400.jpg 565w, https:\/\/static-blogs.diariosur.es\/wp-content\/uploads\/sites\/12\/2020\/11\/a8b3c71f-22c7-4a64-8488-193c19ab8c01_rw_1200-768x543.jpg 768w\" sizes=\"(max-width: 800px) 100vw, 800px\" \/><\/a><\/p>\n","protected":false},"excerpt":{"rendered":"<p>Muy buenos d\u00edas, amigos de la meteo. Nuevamente madrugada agradable en M\u00e1laga capital y en buena parte de su provincia, mi term\u00f3metro registra a las ocho de las ma\u00f1ana 15 grados. Seguimos con nubes bajas de levante y mag\u00f3n en toda la costa. A partir de las diez de la ma\u00f1ana las nubes ir\u00e1n a [&hellip;]<\/p>\n","protected":false},"author":16,"featured_media":28698,"comment_status":"open","ping_status":"open","sticky":false,"template":"","format":"standard","meta":[],"categories":[1],"tags":[94,100,151,309,358,410,587,736,800,902,1059],"_links":{"self":[{"href":"https:\/\/blogs.diariosur.es\/tormentas-y-rayos\/wp-json\/wp\/v2\/posts\/28695"}],"collection":[{"href":"https:\/\/blogs.diariosur.es\/tormentas-y-rayos\/wp-json\/wp\/v2\/posts"}],"about":[{"href":"https:\/\/blogs.diariosur.es\/tormentas-y-rayos\/wp-json\/wp\/v2\/types\/post"}],"author":[{"embeddable":true,"href":"https:\/\/blogs.diariosur.es\/tormentas-y-rayos\/wp-json\/wp\/v2\/users\/16"}],"replies":[{"embeddable":true,"href":"https:\/\/blogs.diariosur.es\/tormentas-y-rayos\/wp-json\/wp\/v2\/comments?post=28695"}],"version-history":[{"count":2,"href":"https:\/\/blogs.diariosur.es\/tormentas-y-rayos\/wp-json\/wp\/v2\/posts\/28695\/revisions"}],"predecessor-version":[{"id":28703,"href":"https:\/\/blogs.diariosur.es\/tormentas-y-rayos\/wp-json\/wp\/v2\/posts\/28695\/revisions\/28703"}],"wp:featuredmedia":[{"embeddable":true,"href":"https:\/\/blogs.diariosur.es\/tormentas-y-rayos\/wp-json\/wp\/v2\/media\/28698"}],"wp:attachment":[{"href":"https:\/\/blogs.diariosur.es\/tormentas-y-rayos\/wp-json\/wp\/v2\/media?parent=28695"}],"wp:term":[{"taxonomy":"category","embeddable":true,"href":"https:\/\/blogs.diariosur.es\/tormentas-y-rayos\/wp-json\/wp\/v2\/categories?post=28695"},{"taxonomy":"post_tag","embeddable":true,"href":"https:\/\/blogs.diariosur.es\/tormentas-y-rayos\/wp-json\/wp\/v2\/tags?post=28695"}],"curies":[{"name":"wp","href":"https:\/\/api.w.org\/{rel}","templated":true}]}}