{"id":28704,"date":"2020-11-21T08:26:53","date_gmt":"2020-11-21T07:26:53","guid":{"rendered":"http:\/\/blogs.diariosur.es\/tormentas-y-rayos\/?p=28704"},"modified":"2020-11-21T08:26:53","modified_gmt":"2020-11-21T07:26:53","slug":"probable-cambio-de-tiempo-la-semana-que-viene-en-toda-espana","status":"publish","type":"post","link":"https:\/\/blogs.diariosur.es\/tormentas-y-rayos\/2020\/11\/21\/probable-cambio-de-tiempo-la-semana-que-viene-en-toda-espana\/","title":{"rendered":"Probable cambio de tiempo la semana que viene en toda Espa\u00f1a."},"content":{"rendered":"<p><a href=\"https:\/\/static-blogs.diariosur.es\/wp-content\/uploads\/sites\/12\/2020\/09\/15003244_10209205767200208_5978289506419899153_o.jpg\"><img loading=\"lazy\" class=\"aligncenter size-thumbnail wp-image-27960\" src=\"https:\/\/static-blogs.diariosur.es\/wp-content\/uploads\/sites\/12\/2020\/09\/15003244_10209205767200208_5978289506419899153_o-150x150.jpg\" alt=\"\" width=\"150\" height=\"150\" srcset=\"https:\/\/static-blogs.diariosur.es\/wp-content\/uploads\/sites\/12\/2020\/09\/15003244_10209205767200208_5978289506419899153_o-150x150.jpg 150w, https:\/\/static-blogs.diariosur.es\/wp-content\/uploads\/sites\/12\/2020\/09\/15003244_10209205767200208_5978289506419899153_o-400x400.jpg 400w, https:\/\/static-blogs.diariosur.es\/wp-content\/uploads\/sites\/12\/2020\/09\/15003244_10209205767200208_5978289506419899153_o-768x768.jpg 768w, https:\/\/static-blogs.diariosur.es\/wp-content\/uploads\/sites\/12\/2020\/09\/15003244_10209205767200208_5978289506419899153_o.jpg 960w\" sizes=\"(max-width: 150px) 100vw, 150px\" \/><\/a><\/p>\n<p>Muy buenos d\u00edas, amigos de la meteo. Se cumplen las previsiones para hoy s\u00e1bado en la provincia de M\u00e1laga, caen gotillas en algunos puntos y sopla viento de levante fuerte. Curiosamente Torre del Mar casi lleva un litro y Torrox medio litro. Tenemos aviso naranja por olas en el Estrecho y Costa de C\u00e1diz y amarillo por viento.<\/p>\n<h3><span style=\"color: #ff0000;\"><strong>Probable cambio de tiempo la semana que viene en toda Espa\u00f1a.<\/strong><\/span><\/h3>\n<p>&nbsp;<\/p>\n<p><a href=\"https:\/\/static-blogs.diariosur.es\/wp-content\/uploads\/sites\/12\/2020\/10\/DSC07220.jpg\"><img loading=\"lazy\" class=\"aligncenter size-full wp-image-28488\" src=\"https:\/\/static-blogs.diariosur.es\/wp-content\/uploads\/sites\/12\/2020\/10\/DSC07220.jpg\" alt=\"\" width=\"1200\" height=\"800\" srcset=\"https:\/\/static-blogs.diariosur.es\/wp-content\/uploads\/sites\/12\/2020\/10\/DSC07220.jpg 1200w, https:\/\/static-blogs.diariosur.es\/wp-content\/uploads\/sites\/12\/2020\/10\/DSC07220-600x400.jpg 600w, https:\/\/static-blogs.diariosur.es\/wp-content\/uploads\/sites\/12\/2020\/10\/DSC07220-768x512.jpg 768w\" sizes=\"(max-width: 1200px) 100vw, 1200px\" \/><\/a><\/p>\n<p>&nbsp;<\/p>\n<p>&nbsp;<\/p>\n<p>Algunos de los que entr\u00e1is por primera vez al blog o llevais poco tiempo, me preguntareis que es una vaguada, os lo explico a continuaci\u00f3n.<\/p>\n<h3><strong>La aemet la define as\u00ed.\u00a0<\/strong><\/h3>\n<p class=\"ter-definicion\"><em>Regi\u00f3n de la atm\u00f3sfera en la cual la presi\u00f3n es baja con respecto a las regiones pr\u00f3ximas en el mismo nivel. Se representa en un mapa sin\u00f3ptico por un sistema de isobaras o de isohipsas casi paralelas y en forma aproximadamente de &#8220;V&#8221;, cuya concavidad est\u00e1 dirigida hacia las bajas presiones.<\/em><\/p>\n<p>M\u00e1s f\u00e1cil de entender, es una zona de bajas presiones alargada en forma de &#8220;V&#8221;, situada entre dos anticiclones. Como ha habido una zona entre esos dos anticiclones que se ha debilitado, este sistema de bajas presiones se cuela por esa zona.<\/p>\n<p>Os paso este mapa a 500 hpa ( 5500 metros) previsto para el mi\u00e9rcoles, donde lo pod\u00e9is ver mejor.<\/p>\n<p>&nbsp;<\/p>\n<p><a href=\"https:\/\/static-blogs.diariosur.es\/wp-content\/uploads\/sites\/12\/2020\/11\/Captura-14.jpg\"><img loading=\"lazy\" class=\"aligncenter size-full wp-image-28705\" src=\"https:\/\/static-blogs.diariosur.es\/wp-content\/uploads\/sites\/12\/2020\/11\/Captura-14.jpg\" alt=\"\" width=\"905\" height=\"705\" srcset=\"https:\/\/static-blogs.diariosur.es\/wp-content\/uploads\/sites\/12\/2020\/11\/Captura-14.jpg 905w, https:\/\/static-blogs.diariosur.es\/wp-content\/uploads\/sites\/12\/2020\/11\/Captura-14-513x400.jpg 513w, https:\/\/static-blogs.diariosur.es\/wp-content\/uploads\/sites\/12\/2020\/11\/Captura-14-768x598.jpg 768w\" sizes=\"(max-width: 905px) 100vw, 905px\" \/><\/a><\/p>\n<p>&nbsp;<\/p>\n<p>Aclarado lo de la vaguada, os explico lo que puede pasar para que afecte m\u00e1s o menos a nuestra comunidad, porque a\u00fan los modelos no lo tienen muy claro.<\/p>\n<p>La mayor\u00eda de los modelos coinciden en que la vaguada se estrangulara y formar\u00e1 una dana, lo que a\u00fan no esta muy claro, es donde se posicionar\u00e1 esa posible dana y que har\u00e1.<\/p>\n<p>Con los modelos actualizados a d\u00eda de hoy la sit\u00faan entre el Cabo de San Vicente y Golfo de C\u00e1diz, cruzar\u00eda por el Estrecho y Mar de Albor\u00e1n. De suceder esto, la provincia de M\u00e1laga, Granada y Almer\u00eda tendr\u00edan las lluvias m\u00e1s generosas desde que comenz\u00f3 el oto\u00f1o. En otras actualizaciones de ayer, algunos modelos la bajaban de latitud y la situaban en Marruecos de darse esto poca agua ver\u00edamos.\u00a0Pero a\u00fan quedan muchos d\u00edas y no esta muy claro que pasar\u00e1<\/p>\n<p>Iremos haciendo un seguimiento especial.<\/p>\n<p><strong>Lo que si esta claro es que tendr\u00edamos un cambio de tiempo, not\u00e1ndose tambi\u00e9n notablemente en las temperaturas m\u00e1ximas y m\u00ednimas, que estar\u00edan dentro de los valores para estas fechas.\u00a0<\/strong><\/p>\n<p>&nbsp;<\/p>\n<p>&nbsp;<\/p>\n<p>&nbsp;<\/p>\n","protected":false},"excerpt":{"rendered":"<p>Muy buenos d\u00edas, amigos de la meteo. Se cumplen las previsiones para hoy s\u00e1bado en la provincia de M\u00e1laga, caen gotillas en algunos puntos y sopla viento de levante fuerte. Curiosamente Torre del Mar casi lleva un litro y Torrox medio litro. Tenemos aviso naranja por olas en el Estrecho y Costa de C\u00e1diz y [&hellip;]<\/p>\n","protected":false},"author":16,"featured_media":28577,"comment_status":"open","ping_status":"open","sticky":false,"template":"","format":"standard","meta":[],"categories":[1],"tags":[94,100,151,307,358,389,587,676,736,800,1059],"_links":{"self":[{"href":"https:\/\/blogs.diariosur.es\/tormentas-y-rayos\/wp-json\/wp\/v2\/posts\/28704"}],"collection":[{"href":"https:\/\/blogs.diariosur.es\/tormentas-y-rayos\/wp-json\/wp\/v2\/posts"}],"about":[{"href":"https:\/\/blogs.diariosur.es\/tormentas-y-rayos\/wp-json\/wp\/v2\/types\/post"}],"author":[{"embeddable":true,"href":"https:\/\/blogs.diariosur.es\/tormentas-y-rayos\/wp-json\/wp\/v2\/users\/16"}],"replies":[{"embeddable":true,"href":"https:\/\/blogs.diariosur.es\/tormentas-y-rayos\/wp-json\/wp\/v2\/comments?post=28704"}],"version-history":[{"count":2,"href":"https:\/\/blogs.diariosur.es\/tormentas-y-rayos\/wp-json\/wp\/v2\/posts\/28704\/revisions"}],"predecessor-version":[{"id":28707,"href":"https:\/\/blogs.diariosur.es\/tormentas-y-rayos\/wp-json\/wp\/v2\/posts\/28704\/revisions\/28707"}],"wp:featuredmedia":[{"embeddable":true,"href":"https:\/\/blogs.diariosur.es\/tormentas-y-rayos\/wp-json\/wp\/v2\/media\/28577"}],"wp:attachment":[{"href":"https:\/\/blogs.diariosur.es\/tormentas-y-rayos\/wp-json\/wp\/v2\/media?parent=28704"}],"wp:term":[{"taxonomy":"category","embeddable":true,"href":"https:\/\/blogs.diariosur.es\/tormentas-y-rayos\/wp-json\/wp\/v2\/categories?post=28704"},{"taxonomy":"post_tag","embeddable":true,"href":"https:\/\/blogs.diariosur.es\/tormentas-y-rayos\/wp-json\/wp\/v2\/tags?post=28704"}],"curies":[{"name":"wp","href":"https:\/\/api.w.org\/{rel}","templated":true}]}}