{"id":28922,"date":"2020-12-17T08:52:06","date_gmt":"2020-12-17T07:52:06","guid":{"rendered":"http:\/\/blogs.diariosur.es\/tormentas-y-rayos\/?p=28922"},"modified":"2020-12-19T08:00:16","modified_gmt":"2020-12-19T07:00:16","slug":"que-tiempo-hara-el-fin-de-semana-en-malaga-andalucia","status":"publish","type":"post","link":"https:\/\/blogs.diariosur.es\/tormentas-y-rayos\/2020\/12\/17\/que-tiempo-hara-el-fin-de-semana-en-malaga-andalucia\/","title":{"rendered":"\u00bf Qu\u00e9 tiempo har\u00e1 el fin de semana en M\u00e1laga, Andaluc\u00eda ?"},"content":{"rendered":"<p><a href=\"https:\/\/static-blogs.diariosur.es\/wp-content\/uploads\/sites\/12\/2020\/09\/15003244_10209205767200208_5978289506419899153_o.jpg\"><img loading=\"lazy\" class=\"aligncenter size-thumbnail wp-image-27960\" src=\"https:\/\/static-blogs.diariosur.es\/wp-content\/uploads\/sites\/12\/2020\/09\/15003244_10209205767200208_5978289506419899153_o-150x150.jpg\" alt=\"\" width=\"150\" height=\"150\" srcset=\"https:\/\/static-blogs.diariosur.es\/wp-content\/uploads\/sites\/12\/2020\/09\/15003244_10209205767200208_5978289506419899153_o-150x150.jpg 150w, https:\/\/static-blogs.diariosur.es\/wp-content\/uploads\/sites\/12\/2020\/09\/15003244_10209205767200208_5978289506419899153_o-400x400.jpg 400w, https:\/\/static-blogs.diariosur.es\/wp-content\/uploads\/sites\/12\/2020\/09\/15003244_10209205767200208_5978289506419899153_o-768x768.jpg 768w, https:\/\/static-blogs.diariosur.es\/wp-content\/uploads\/sites\/12\/2020\/09\/15003244_10209205767200208_5978289506419899153_o.jpg 960w\" sizes=\"(max-width: 150px) 100vw, 150px\" \/><\/a><\/p>\n<p>Muy buenos d\u00edas, amigos de la meteo. Cuando son las ocho de la ma\u00f1ana en M\u00e1laga capital, mi term\u00f3metro registra 12,1 grados, los cielos est\u00e1n nubosos y el viento de momento en calma. La probabilidad de precipitaciones hoy en la provincia de M\u00e1laga es muy baja a partir de las diez de la ma\u00f1ana.<\/p>\n<p>Se cumplieron las previsiones y por fin llovi\u00f3 en M\u00e1laga capital, no mucho, pero a mi me cargo las pilas. Es una pasada que te caigan las gotas de lluvia, la pena que a las diez era el toque de queda. Os voy a poner los acumulados de la Aemet y seguidamente los de la Red Hidrosur.<\/p>\n<h3><span style=\"color: #0000ff;\"><strong>\u00a0AEMET<\/strong><\/span><\/h3>\n<p><strong>Aeropuerto que contabilizo <span style=\"color: #ff0000;\">2,5 litros<\/span><\/strong><\/p>\n<p><strong>Centro Meteorol\u00f3gico <span style=\"color: #ff0000;\">3,2 litros<\/span><\/strong><\/p>\n<p><strong>Puerto de M\u00e1laga<span style=\"color: #ff0000;\"> 6,2 litros.<\/span><\/strong><\/p>\n<p><strong>Alpandeire <span style=\"color: #ff0000;\">12,5 litros<\/span><\/strong><\/p>\n<p><strong>Ronda <span style=\"color: #ff0000;\">10,5 litros<\/span><\/strong><\/p>\n<p><strong>Gauc\u00edn <span style=\"color: #ff0000;\">14,2 litros<\/span><\/strong><\/p>\n<p><strong>Cortes de la Frontera <span style=\"color: #ff0000;\">19 litros<\/span><\/strong><\/p>\n<p><strong>Manilva <span style=\"color: #ff0000;\">15 litros<\/span><\/strong><\/p>\n<p><strong>\u00c1lora <span style=\"color: #ff0000;\">8,2 litros<\/span><\/strong><\/p>\n<p><strong>Destacar Estepona con<span style=\"color: #ff00ff;\"> 44,6 litros<\/span>, durante un par de horas estuvo en aviso amarillo.<\/strong><\/p>\n<h3><span style=\"color: #0000ff;\"><strong>RED HIDROSUR<\/strong><\/span><\/h3>\n<p><strong>LOS REALES (MA) <span style=\"color: #ff0000;\">14,8 litros<\/span><\/strong><\/p>\n<p><strong>MAJADA DE LAS LOMAS (MA) <span style=\"color: #ff0000;\">22,3 litros<\/span><\/strong><\/p>\n<p><strong>R\u00cdO GENAL (JUBRIQUE) (MA) <span style=\"color: #ff0000;\">15,5 litros\u00a0<\/span><\/strong><\/p>\n<p><strong>EMBALSE DE LA CONCEPCI\u00d3N (MA) <span style=\"color: #ff0000;\">21,9 litros<\/span><\/strong><\/p>\n<p><strong>EMBALSE DEL GUADALTEBA (MA)\u00a0 <span style=\"color: #ff0000;\">14,2 litros<\/span><\/strong><\/p>\n<p><strong>EMBALSE CONDE DE GUADALHORCE (MA)\u00a0 <span style=\"color: #ff0000;\">14,6 litros<\/span><\/strong><\/p>\n<p><strong>CASARABONELA (MA)\u00a0 <span style=\"color: #ff0000;\">15,1 LITROS<\/span><\/strong><\/p>\n<p><strong>R\u00cdO GUADIARO (TR. MAJACEITE) (MA)\u00a0<span style=\"color: #ff0000;\"> 16,5 litros<\/span><\/strong><\/p>\n<p><strong>R\u00cdO GRANDE (LAS MILLANAS) (MA) <span style=\"color: #ff0000;\">16,8 litros\u00a0<\/span><\/strong><\/p>\n<p><strong>LAS GOLONDRINAS (MA)\u00a0 <span style=\"color: #ff0000;\">20,3 litros<\/span><\/strong><\/p>\n<p><strong>R\u00cdO GUADALHORCE (BOBADILLA) (MA)\u00a0 <span style=\"color: #ff0000;\">7,6 litros<\/span><\/strong><\/p>\n<p><strong>R\u00cdO TUR\u00d3N (ARDALES) (MA)\u00a0<span style=\"color: #ff0000;\"> 11,5 litros<\/span><\/strong><\/p>\n<h3><\/h3>\n<h2><span style=\"color: #800000;\"><strong>\u00bf Qu\u00e9 tiempo har\u00e1 el fin de semana ?<\/strong><\/span><\/h2>\n<h3><span style=\"color: #0000ff;\">S\u00e1bado 19 de Diciembre , mi cumple jijijij.<\/span><\/h3>\n<p>El s\u00e1bado que es mi cumple, la meteo, me quiere regalar algunos chubascos d\u00e9biles y espor\u00e1dicos. Un frente fr\u00edo empezar\u00e1 a afectar a nuestra comunidad a la zona m\u00e1s occidental de nuestra comunidad a partir del mediod\u00eda.<\/p>\n<p><strong>El frente se ir\u00e1 desplazando de oeste a este, dejando las primeras precipitaciones en la provincia de M\u00e1laga a partir de la tarde. A M\u00e1laga capital las espero por la noche, a partir de las siete o las ocho. <span style=\"color: #ff0000;\">No espero gran cosa porque el frente entra de noreste<\/span>. Ser\u00e1 la zona m\u00e1s occidental de la provincia donde deje m\u00e1s litros.\u00a0<\/strong><strong> \u00a0 \u00a0<\/strong><\/p>\n<p>Hay probabilidad de nieblas en las zonas de los grandes r\u00edos e interior.<\/p>\n<p>En cuanto a las temperaturas m\u00e1ximas y m\u00ednimas se esperan estas en la provincia de M\u00e1laga y Andaluc\u00eda. Fuente aemet.<\/p>\n<p>&nbsp;<\/p>\n<p><a href=\"https:\/\/static-blogs.diariosur.es\/wp-content\/uploads\/sites\/12\/2020\/12\/sabado-1.jpg\"><img loading=\"lazy\" class=\"aligncenter size-full wp-image-28928\" src=\"https:\/\/static-blogs.diariosur.es\/wp-content\/uploads\/sites\/12\/2020\/12\/sabado-1.jpg\" alt=\"\" width=\"703\" height=\"543\" srcset=\"https:\/\/static-blogs.diariosur.es\/wp-content\/uploads\/sites\/12\/2020\/12\/sabado-1.jpg 703w, https:\/\/static-blogs.diariosur.es\/wp-content\/uploads\/sites\/12\/2020\/12\/sabado-1-518x400.jpg 518w\" sizes=\"(max-width: 703px) 100vw, 703px\" \/><\/a> <a href=\"https:\/\/static-blogs.diariosur.es\/wp-content\/uploads\/sites\/12\/2020\/12\/s\u00e1bado.jpg\"><img loading=\"lazy\" class=\"aligncenter size-full wp-image-28929\" src=\"https:\/\/static-blogs.diariosur.es\/wp-content\/uploads\/sites\/12\/2020\/12\/s\u00e1bado.jpg\" alt=\"\" width=\"691\" height=\"544\" srcset=\"https:\/\/static-blogs.diariosur.es\/wp-content\/uploads\/sites\/12\/2020\/12\/s\u00e1bado.jpg 691w, https:\/\/static-blogs.diariosur.es\/wp-content\/uploads\/sites\/12\/2020\/12\/s\u00e1bado-508x400.jpg 508w\" sizes=\"(max-width: 691px) 100vw, 691px\" \/><\/a><\/p>\n<h3><strong><span style=\"color: #0000ff;\">Domingo 20 de Diciembre.<\/span><\/strong><\/h3>\n<p>La probabilidad de precipitaciones a partir de primeras horas de la ma\u00f1ana es muy baja en toda la comunidad. Se pueden registrar nieblas por el interior.<\/p>\n<p>El viento soplar\u00e1 moderado de poniente.<\/p>\n<p>En cuanto a las temperaturas m\u00e1ximas y m\u00ednimas la aemet prev\u00e9 en la provincia de M\u00e1laga y Andaluc\u00eda estas.<\/p>\n<p>&nbsp;<\/p>\n<p><a href=\"https:\/\/static-blogs.diariosur.es\/wp-content\/uploads\/sites\/12\/2020\/12\/domingo-1.jpg\"><img loading=\"lazy\" class=\"aligncenter size-full wp-image-28926\" src=\"https:\/\/static-blogs.diariosur.es\/wp-content\/uploads\/sites\/12\/2020\/12\/domingo-1.jpg\" alt=\"\" width=\"695\" height=\"550\" srcset=\"https:\/\/static-blogs.diariosur.es\/wp-content\/uploads\/sites\/12\/2020\/12\/domingo-1.jpg 695w, https:\/\/static-blogs.diariosur.es\/wp-content\/uploads\/sites\/12\/2020\/12\/domingo-1-505x400.jpg 505w\" sizes=\"(max-width: 695px) 100vw, 695px\" \/><\/a> <a href=\"https:\/\/static-blogs.diariosur.es\/wp-content\/uploads\/sites\/12\/2020\/12\/domingo-2.jpg\"><img loading=\"lazy\" class=\"aligncenter size-full wp-image-28927\" src=\"https:\/\/static-blogs.diariosur.es\/wp-content\/uploads\/sites\/12\/2020\/12\/domingo-2.jpg\" alt=\"\" width=\"699\" height=\"556\" srcset=\"https:\/\/static-blogs.diariosur.es\/wp-content\/uploads\/sites\/12\/2020\/12\/domingo-2.jpg 699w, https:\/\/static-blogs.diariosur.es\/wp-content\/uploads\/sites\/12\/2020\/12\/domingo-2-503x400.jpg 503w\" sizes=\"(max-width: 699px) 100vw, 699px\" \/><\/a><\/p>\n<p>&nbsp;<\/p>\n<p>Os dejo con este impresionante candilazo que se dio ayer en Santander. Mi amiga Rosa Blanco, seguidora de mis amaneceres, lo cazo perfectamente con el m\u00f3vil. Una pasada.<\/p>\n<p>A Rosa tambi\u00e9n la cazaron como pod\u00e9is ver en la segunda foto.\u00a0 Fuente El Tomavistas de Santander.<\/p>\n<p>&nbsp;<\/p>\n<p>&nbsp;<\/p>\n<p><a href=\"https:\/\/static-blogs.diariosur.es\/wp-content\/uploads\/sites\/12\/2020\/12\/ca.jpg\"><img loading=\"lazy\" class=\"aligncenter size-full wp-image-28923\" src=\"https:\/\/static-blogs.diariosur.es\/wp-content\/uploads\/sites\/12\/2020\/12\/ca.jpg\" alt=\"\" width=\"960\" height=\"720\" srcset=\"https:\/\/static-blogs.diariosur.es\/wp-content\/uploads\/sites\/12\/2020\/12\/ca.jpg 960w, https:\/\/static-blogs.diariosur.es\/wp-content\/uploads\/sites\/12\/2020\/12\/ca-533x400.jpg 533w, https:\/\/static-blogs.diariosur.es\/wp-content\/uploads\/sites\/12\/2020\/12\/ca-768x576.jpg 768w\" sizes=\"(max-width: 960px) 100vw, 960px\" \/><\/a><\/p>\n<p>&nbsp;<\/p>\n<p>Fuente El Tomavistas de Santander.<\/p>\n<p>&nbsp;<\/p>\n<p><a href=\"https:\/\/static-blogs.diariosur.es\/wp-content\/uploads\/sites\/12\/2020\/12\/131896592_10221417848534609_5926836088223855253_n.jpg\"><img loading=\"lazy\" class=\"aligncenter size-full wp-image-28924\" src=\"https:\/\/static-blogs.diariosur.es\/wp-content\/uploads\/sites\/12\/2020\/12\/131896592_10221417848534609_5926836088223855253_n.jpg\" alt=\"\" width=\"960\" height=\"720\" srcset=\"https:\/\/static-blogs.diariosur.es\/wp-content\/uploads\/sites\/12\/2020\/12\/131896592_10221417848534609_5926836088223855253_n.jpg 960w, https:\/\/static-blogs.diariosur.es\/wp-content\/uploads\/sites\/12\/2020\/12\/131896592_10221417848534609_5926836088223855253_n-533x400.jpg 533w, https:\/\/static-blogs.diariosur.es\/wp-content\/uploads\/sites\/12\/2020\/12\/131896592_10221417848534609_5926836088223855253_n-768x576.jpg 768w\" sizes=\"(max-width: 960px) 100vw, 960px\" \/><\/a><\/p>\n<p>&nbsp;<\/p>\n<p>El s\u00e1bado lo m\u00e1s seguro es que os de un avance de la predicci\u00f3n para el D\u00eda de Navidad.<\/p>\n","protected":false},"excerpt":{"rendered":"<p>Muy buenos d\u00edas, amigos de la meteo. Cuando son las ocho de la ma\u00f1ana en M\u00e1laga capital, mi term\u00f3metro registra 12,1 grados, los cielos est\u00e1n nubosos y el viento de momento en calma. La probabilidad de precipitaciones hoy en la provincia de M\u00e1laga es muy baja a partir de las diez de la ma\u00f1ana. Se [&hellip;]<\/p>\n","protected":false},"author":16,"featured_media":28923,"comment_status":"open","ping_status":"open","sticky":false,"template":"","format":"standard","meta":[],"categories":[1],"tags":[100,309,358,410,587,799,800,902],"_links":{"self":[{"href":"https:\/\/blogs.diariosur.es\/tormentas-y-rayos\/wp-json\/wp\/v2\/posts\/28922"}],"collection":[{"href":"https:\/\/blogs.diariosur.es\/tormentas-y-rayos\/wp-json\/wp\/v2\/posts"}],"about":[{"href":"https:\/\/blogs.diariosur.es\/tormentas-y-rayos\/wp-json\/wp\/v2\/types\/post"}],"author":[{"embeddable":true,"href":"https:\/\/blogs.diariosur.es\/tormentas-y-rayos\/wp-json\/wp\/v2\/users\/16"}],"replies":[{"embeddable":true,"href":"https:\/\/blogs.diariosur.es\/tormentas-y-rayos\/wp-json\/wp\/v2\/comments?post=28922"}],"version-history":[{"count":4,"href":"https:\/\/blogs.diariosur.es\/tormentas-y-rayos\/wp-json\/wp\/v2\/posts\/28922\/revisions"}],"predecessor-version":[{"id":28932,"href":"https:\/\/blogs.diariosur.es\/tormentas-y-rayos\/wp-json\/wp\/v2\/posts\/28922\/revisions\/28932"}],"wp:featuredmedia":[{"embeddable":true,"href":"https:\/\/blogs.diariosur.es\/tormentas-y-rayos\/wp-json\/wp\/v2\/media\/28923"}],"wp:attachment":[{"href":"https:\/\/blogs.diariosur.es\/tormentas-y-rayos\/wp-json\/wp\/v2\/media?parent=28922"}],"wp:term":[{"taxonomy":"category","embeddable":true,"href":"https:\/\/blogs.diariosur.es\/tormentas-y-rayos\/wp-json\/wp\/v2\/categories?post=28922"},{"taxonomy":"post_tag","embeddable":true,"href":"https:\/\/blogs.diariosur.es\/tormentas-y-rayos\/wp-json\/wp\/v2\/tags?post=28922"}],"curies":[{"name":"wp","href":"https:\/\/api.w.org\/{rel}","templated":true}]}}