{"id":28942,"date":"2020-12-23T09:15:58","date_gmt":"2020-12-23T08:15:58","guid":{"rendered":"http:\/\/blogs.diariosur.es\/tormentas-y-rayos\/?p=28942"},"modified":"2020-12-25T10:52:00","modified_gmt":"2020-12-25T09:52:00","slug":"que-tiempo-hara-el-fin-de-semana-prediccion-malaga-andalucia-el-frio-protagonista-la-semana-que-viene","status":"publish","type":"post","link":"https:\/\/blogs.diariosur.es\/tormentas-y-rayos\/2020\/12\/23\/que-tiempo-hara-el-fin-de-semana-prediccion-malaga-andalucia-el-frio-protagonista-la-semana-que-viene\/","title":{"rendered":"\u00bf Qu\u00e9 tiempo har\u00e1 el fin de semana ? Predicci\u00f3n M\u00e1laga, Andaluc\u00eda. Aviso amarillo por olas."},"content":{"rendered":"<p><a href=\"https:\/\/static-blogs.diariosur.es\/wp-content\/uploads\/sites\/12\/2020\/11\/72999690_10217709542349272_7908844429161529344_o.jpg\"><img loading=\"lazy\" class=\"aligncenter size-thumbnail wp-image-28642\" src=\"https:\/\/static-blogs.diariosur.es\/wp-content\/uploads\/sites\/12\/2020\/11\/72999690_10217709542349272_7908844429161529344_o-150x150.jpg\" alt=\"\" width=\"150\" height=\"150\" \/><\/a><\/p>\n<p>Muy buenos d\u00edas, amigos de la meteo. Antes de daros la predicci\u00f3n del fin de semana, os comento que a partir del <strong>lunes 28<\/strong>, hay probabilidad alta de un cambio brusco de tiempo en Andaluc\u00eda en forma de bajada notable de temperaturas, y posibles nevadas. Nuevamente afectar\u00eda a nuestra comunidad una masa de aire muy fr\u00eda de latitudes muy altas, no es una inocentada.<\/p>\n<p>Hace un par de d\u00edas os daba la predicci\u00f3n de<a href=\"https:\/\/blogs.diariosur.es\/tormentas-y-rayos\/2020\/12\/21\/que-tiempo-hara-en-noche-buena-y-navidad-malaga-andalucia-prediccion\/\"><strong> Noche Buena y Navidad .<\/strong><\/a>Con los modelos actualizados ha cambiado un poco.<\/p>\n<p><strong> El d\u00eda 25 a \u00faltima hora de la tarde noche pueden registrarse chubascos en el litoral de M\u00e1laga, Granada, Estrecho, Ceuta y Melilla. El viento de levante tomar\u00e1 protagonismo.<\/strong><\/p>\n<h3><span style=\"color: #0000ff;\"><strong>Predicci\u00f3n S\u00e1bado 26 de Diciembre. Aviso amarillo por olas.<\/strong><\/span><\/h3>\n<p>&nbsp;<\/p>\n<p><a href=\"https:\/\/static-blogs.diariosur.es\/wp-content\/uploads\/sites\/12\/2019\/03\/22650821106_d05cbbc554_o-1.jpg\"><img loading=\"lazy\" class=\"aligncenter size-full wp-image-23539\" src=\"https:\/\/static-blogs.diariosur.es\/wp-content\/uploads\/sites\/12\/2019\/03\/22650821106_d05cbbc554_o-1.jpg\" alt=\"\" width=\"1200\" height=\"800\" srcset=\"https:\/\/static-blogs.diariosur.es\/wp-content\/uploads\/sites\/12\/2019\/03\/22650821106_d05cbbc554_o-1.jpg 1200w, https:\/\/static-blogs.diariosur.es\/wp-content\/uploads\/sites\/12\/2019\/03\/22650821106_d05cbbc554_o-1-600x400.jpg 600w, https:\/\/static-blogs.diariosur.es\/wp-content\/uploads\/sites\/12\/2019\/03\/22650821106_d05cbbc554_o-1-768x512.jpg 768w\" sizes=\"(max-width: 1200px) 100vw, 1200px\" \/><\/a><\/p>\n<p>&nbsp;<\/p>\n<p>Esos mismo chubascos que comento m\u00e1s arriba pueden darse durante la madrugada del s\u00e1bado y primeras horas de la ma\u00f1ana, siendo m\u00e1s probables en el Estrecho, Ceuta y litoral m\u00e1s occidental de M\u00e1laga. En las dem\u00e1s zonas de la comunidad andaluza la probabilidad es baja.<\/p>\n<p>Se esperan rachas muy fuertes de levante en el Estrecho. Se activa el aviso amarillo por olas en los litorales de C\u00e1diz, Estrecho, Granada, Almer\u00eda y Melilla. Viento de fuerza 7 y olas de 3 metros.<\/p>\n<p>Os paso las temperaturas m\u00e1ximas y m\u00ednimas que prev\u00e9 la aemet en la provincia de M\u00e1laga y Andaluc\u00eda. Las m\u00e1ximas bajan.<\/p>\n<p>&nbsp;<\/p>\n<p><a href=\"https:\/\/static-blogs.diariosur.es\/wp-content\/uploads\/sites\/12\/2020\/12\/1-3.jpg\"><img loading=\"lazy\" class=\"aligncenter size-full wp-image-28945\" src=\"https:\/\/static-blogs.diariosur.es\/wp-content\/uploads\/sites\/12\/2020\/12\/1-3.jpg\" alt=\"\" width=\"696\" height=\"553\" srcset=\"https:\/\/static-blogs.diariosur.es\/wp-content\/uploads\/sites\/12\/2020\/12\/1-3.jpg 696w, https:\/\/static-blogs.diariosur.es\/wp-content\/uploads\/sites\/12\/2020\/12\/1-3-503x400.jpg 503w\" sizes=\"(max-width: 696px) 100vw, 696px\" \/><\/a> <a href=\"https:\/\/static-blogs.diariosur.es\/wp-content\/uploads\/sites\/12\/2020\/12\/2-3.jpg\"><img loading=\"lazy\" class=\"aligncenter size-full wp-image-28946\" src=\"https:\/\/static-blogs.diariosur.es\/wp-content\/uploads\/sites\/12\/2020\/12\/2-3.jpg\" alt=\"\" width=\"694\" height=\"546\" srcset=\"https:\/\/static-blogs.diariosur.es\/wp-content\/uploads\/sites\/12\/2020\/12\/2-3.jpg 694w, https:\/\/static-blogs.diariosur.es\/wp-content\/uploads\/sites\/12\/2020\/12\/2-3-508x400.jpg 508w\" sizes=\"(max-width: 694px) 100vw, 694px\" \/><\/a><\/p>\n<p>&nbsp;<\/p>\n<h3><span style=\"color: #0000ff;\"><strong>Predicci\u00f3n Domingo 27 de Diciembre.<\/strong><\/span><\/h3>\n<p>Las rachas fuerte de levante ir\u00e1n amainando en el Estrecho. Por la tarde el viento ir\u00e1 rolando a componente oeste.<\/p>\n<p>No se esperan precipitaciones en Andaluc\u00eda ni en la ciudad aut\u00f3noma de Ceuta y Melilla.<\/p>\n<p>Las temperaturas m\u00ednimas bajar\u00e1n, con probabilidad de heladas en las zonas habituales de nuestra comunidad.<\/p>\n<p>Os paso las temperaturas m\u00e1ximas y m\u00ednimas que prev\u00e9 la aemet en la provincia de M\u00e1laga y Andaluc\u00eda<\/p>\n<p>&nbsp;<\/p>\n<p><a href=\"https:\/\/static-blogs.diariosur.es\/wp-content\/uploads\/sites\/12\/2020\/12\/3-1.jpg\"><img loading=\"lazy\" class=\"aligncenter size-full wp-image-28947\" src=\"https:\/\/static-blogs.diariosur.es\/wp-content\/uploads\/sites\/12\/2020\/12\/3-1.jpg\" alt=\"\" width=\"695\" height=\"544\" srcset=\"https:\/\/static-blogs.diariosur.es\/wp-content\/uploads\/sites\/12\/2020\/12\/3-1.jpg 695w, https:\/\/static-blogs.diariosur.es\/wp-content\/uploads\/sites\/12\/2020\/12\/3-1-511x400.jpg 511w\" sizes=\"(max-width: 695px) 100vw, 695px\" \/><\/a> <a href=\"https:\/\/static-blogs.diariosur.es\/wp-content\/uploads\/sites\/12\/2020\/12\/4.jpg\"><img loading=\"lazy\" class=\"aligncenter size-full wp-image-28948\" src=\"https:\/\/static-blogs.diariosur.es\/wp-content\/uploads\/sites\/12\/2020\/12\/4.jpg\" alt=\"\" width=\"690\" height=\"546\" srcset=\"https:\/\/static-blogs.diariosur.es\/wp-content\/uploads\/sites\/12\/2020\/12\/4.jpg 690w, https:\/\/static-blogs.diariosur.es\/wp-content\/uploads\/sites\/12\/2020\/12\/4-505x400.jpg 505w\" sizes=\"(max-width: 690px) 100vw, 690px\" \/><\/a><\/p>\n<p>&nbsp;<\/p>\n<p><span style=\"color: #ff0000;\"><strong>Y como comentaba al principio del post, el Lunes 28 de Diciembre dia de los Santos Inocentes se espera un frente fr\u00edo que dejar\u00e1 nevadas en las provincias de Granada y Ja\u00e9n. En la provincia de M\u00e1laga por la tarde noche podemos tener chubascos. De todo esto hablaremos el viernes 25\u00a0con los modelos actualizados.\u00a0<\/strong><\/span><\/p>\n<p>Os dejo con esta bonita foto de archivo de un lenticular de marzo del 2018.<\/p>\n<p>&nbsp;<\/p>\n<p><a href=\"https:\/\/static-blogs.diariosur.es\/wp-content\/uploads\/sites\/12\/2020\/12\/39158337580_7d232d7d9f_b.jpg\"><img loading=\"lazy\" class=\"aligncenter size-full wp-image-28949\" src=\"https:\/\/static-blogs.diariosur.es\/wp-content\/uploads\/sites\/12\/2020\/12\/39158337580_7d232d7d9f_b.jpg\" alt=\"\" width=\"1024\" height=\"683\" srcset=\"https:\/\/static-blogs.diariosur.es\/wp-content\/uploads\/sites\/12\/2020\/12\/39158337580_7d232d7d9f_b.jpg 1024w, https:\/\/static-blogs.diariosur.es\/wp-content\/uploads\/sites\/12\/2020\/12\/39158337580_7d232d7d9f_b-600x400.jpg 600w, https:\/\/static-blogs.diariosur.es\/wp-content\/uploads\/sites\/12\/2020\/12\/39158337580_7d232d7d9f_b-768x512.jpg 768w\" sizes=\"(max-width: 1024px) 100vw, 1024px\" \/><\/a><\/p>\n","protected":false},"excerpt":{"rendered":"<p>Muy buenos d\u00edas, amigos de la meteo. Antes de daros la predicci\u00f3n del fin de semana, os comento que a partir del lunes 28, hay probabilidad alta de un cambio brusco de tiempo en Andaluc\u00eda en forma de bajada notable de temperaturas, y posibles nevadas. Nuevamente afectar\u00eda a nuestra comunidad una masa de aire muy [&hellip;]<\/p>\n","protected":false},"author":16,"featured_media":28952,"comment_status":"open","ping_status":"open","sticky":false,"template":"","format":"standard","meta":[],"categories":[1],"tags":[100,309,330,358,410,432,587,800,902],"_links":{"self":[{"href":"https:\/\/blogs.diariosur.es\/tormentas-y-rayos\/wp-json\/wp\/v2\/posts\/28942"}],"collection":[{"href":"https:\/\/blogs.diariosur.es\/tormentas-y-rayos\/wp-json\/wp\/v2\/posts"}],"about":[{"href":"https:\/\/blogs.diariosur.es\/tormentas-y-rayos\/wp-json\/wp\/v2\/types\/post"}],"author":[{"embeddable":true,"href":"https:\/\/blogs.diariosur.es\/tormentas-y-rayos\/wp-json\/wp\/v2\/users\/16"}],"replies":[{"embeddable":true,"href":"https:\/\/blogs.diariosur.es\/tormentas-y-rayos\/wp-json\/wp\/v2\/comments?post=28942"}],"version-history":[{"count":8,"href":"https:\/\/blogs.diariosur.es\/tormentas-y-rayos\/wp-json\/wp\/v2\/posts\/28942\/revisions"}],"predecessor-version":[{"id":28956,"href":"https:\/\/blogs.diariosur.es\/tormentas-y-rayos\/wp-json\/wp\/v2\/posts\/28942\/revisions\/28956"}],"wp:featuredmedia":[{"embeddable":true,"href":"https:\/\/blogs.diariosur.es\/tormentas-y-rayos\/wp-json\/wp\/v2\/media\/28952"}],"wp:attachment":[{"href":"https:\/\/blogs.diariosur.es\/tormentas-y-rayos\/wp-json\/wp\/v2\/media?parent=28942"}],"wp:term":[{"taxonomy":"category","embeddable":true,"href":"https:\/\/blogs.diariosur.es\/tormentas-y-rayos\/wp-json\/wp\/v2\/categories?post=28942"},{"taxonomy":"post_tag","embeddable":true,"href":"https:\/\/blogs.diariosur.es\/tormentas-y-rayos\/wp-json\/wp\/v2\/tags?post=28942"}],"curies":[{"name":"wp","href":"https:\/\/api.w.org\/{rel}","templated":true}]}}