{"id":28957,"date":"2020-12-26T09:03:50","date_gmt":"2020-12-26T08:03:50","guid":{"rendered":"http:\/\/blogs.diariosur.es\/tormentas-y-rayos\/?p=28957"},"modified":"2020-12-26T11:41:59","modified_gmt":"2020-12-26T10:41:59","slug":"el-tiempo-en-andalucia-espana-borrasca-bella-temporal-atlantico","status":"publish","type":"post","link":"https:\/\/blogs.diariosur.es\/tormentas-y-rayos\/2020\/12\/26\/el-tiempo-en-andalucia-espana-borrasca-bella-temporal-atlantico\/","title":{"rendered":"El tiempo en Andaluc\u00eda, Espa\u00f1a. Borrasca Bella. Temporal atl\u00e1ntico. Aviso rojo."},"content":{"rendered":"<p>&nbsp;<\/p>\n<p><a href=\"https:\/\/static-blogs.diariosur.es\/wp-content\/uploads\/sites\/12\/2020\/09\/15003244_10209205767200208_5978289506419899153_o.jpg\"><img loading=\"lazy\" class=\"aligncenter size-thumbnail wp-image-27960\" src=\"https:\/\/static-blogs.diariosur.es\/wp-content\/uploads\/sites\/12\/2020\/09\/15003244_10209205767200208_5978289506419899153_o-150x150.jpg\" alt=\"\" width=\"150\" height=\"150\" srcset=\"https:\/\/static-blogs.diariosur.es\/wp-content\/uploads\/sites\/12\/2020\/09\/15003244_10209205767200208_5978289506419899153_o-150x150.jpg 150w, https:\/\/static-blogs.diariosur.es\/wp-content\/uploads\/sites\/12\/2020\/09\/15003244_10209205767200208_5978289506419899153_o-400x400.jpg 400w, https:\/\/static-blogs.diariosur.es\/wp-content\/uploads\/sites\/12\/2020\/09\/15003244_10209205767200208_5978289506419899153_o-768x768.jpg 768w, https:\/\/static-blogs.diariosur.es\/wp-content\/uploads\/sites\/12\/2020\/09\/15003244_10209205767200208_5978289506419899153_o.jpg 960w\" sizes=\"(max-width: 150px) 100vw, 150px\" \/><\/a><\/p>\n<p>Muy buenos d\u00edas, amigos de la meteo. Cuando son las ocho y media de la ma\u00f1ana, mi term\u00f3metro en M\u00e1laga capital registra 9,4 grados, sopla viento flojo de levante y los cielos est\u00e1n nubosos. Destacar en la provincia de Granada estas temperaturas m\u00ednimas: Granada aeropuerto <strong>-3,2 grados<\/strong> y Baza <strong>-7,1 grados.<\/strong><\/p>\n<h2><span style=\"color: #0000ff;\"><strong>Borrasca Bella<\/strong><\/span><\/h2>\n<p>En estos momentos cerca de Islandia se esta profundizando una potente borrasca, que el servicio meteorol\u00f3gico Brit\u00e1nico le ha puesto el nombre de Bella.<\/p>\n<p>Os pongo el mapa de superficie de la aemet.<\/p>\n<p>&nbsp;<\/p>\n<p><a href=\"https:\/\/static-blogs.diariosur.es\/wp-content\/uploads\/sites\/12\/2020\/12\/1-4.jpg\"><img loading=\"lazy\" class=\"aligncenter size-full wp-image-28958\" src=\"https:\/\/static-blogs.diariosur.es\/wp-content\/uploads\/sites\/12\/2020\/12\/1-4.jpg\" alt=\"\" width=\"923\" height=\"619\" srcset=\"https:\/\/static-blogs.diariosur.es\/wp-content\/uploads\/sites\/12\/2020\/12\/1-4.jpg 923w, https:\/\/static-blogs.diariosur.es\/wp-content\/uploads\/sites\/12\/2020\/12\/1-4-596x400.jpg 596w, https:\/\/static-blogs.diariosur.es\/wp-content\/uploads\/sites\/12\/2020\/12\/1-4-768x515.jpg 768w\" sizes=\"(max-width: 923px) 100vw, 923px\" \/><\/a><\/p>\n<p>&nbsp;<\/p>\n<p>&nbsp;<\/p>\n<p>El lunes de madrugada se situar\u00e1 en las Islas Brit\u00e1nicas, desde esa posici\u00f3n afectar\u00e1 tambi\u00e9n a toda la pen\u00ednsula.<\/p>\n<p>&nbsp;<\/p>\n<p><a href=\"https:\/\/static-blogs.diariosur.es\/wp-content\/uploads\/sites\/12\/2020\/12\/2-4.jpg\"><img loading=\"lazy\" class=\"aligncenter size-full wp-image-28959\" src=\"https:\/\/static-blogs.diariosur.es\/wp-content\/uploads\/sites\/12\/2020\/12\/2-4.jpg\" alt=\"\" width=\"937\" height=\"644\" srcset=\"https:\/\/static-blogs.diariosur.es\/wp-content\/uploads\/sites\/12\/2020\/12\/2-4.jpg 937w, https:\/\/static-blogs.diariosur.es\/wp-content\/uploads\/sites\/12\/2020\/12\/2-4-582x400.jpg 582w, https:\/\/static-blogs.diariosur.es\/wp-content\/uploads\/sites\/12\/2020\/12\/2-4-768x528.jpg 768w\" sizes=\"(max-width: 937px) 100vw, 937px\" \/><\/a><\/p>\n<p>Ma\u00f1ana domingo se activa el aviso rojo por fen\u00f3menos costeros en el norte peninsular, olas de 8 a 10 metros. Fuente aemet<\/p>\n<p>&nbsp;<\/p>\n<p><a href=\"https:\/\/static-blogs.diariosur.es\/wp-content\/uploads\/sites\/12\/2020\/12\/Captura-14.jpg\"><img loading=\"lazy\" class=\"aligncenter size-full wp-image-28966\" src=\"https:\/\/static-blogs.diariosur.es\/wp-content\/uploads\/sites\/12\/2020\/12\/Captura-14.jpg\" alt=\"\" width=\"694\" height=\"559\" srcset=\"https:\/\/static-blogs.diariosur.es\/wp-content\/uploads\/sites\/12\/2020\/12\/Captura-14.jpg 694w, https:\/\/static-blogs.diariosur.es\/wp-content\/uploads\/sites\/12\/2020\/12\/Captura-14-497x400.jpg 497w\" sizes=\"(max-width: 694px) 100vw, 694px\" \/><\/a><\/p>\n<p>El viento, las olas y las nevadas tomaran protagonismo el lunes 28. Os paso los avisos por viento, olas y nevadas de la aemet. Lo m\u00e1s seguro es que al mediod\u00eda de hoy s\u00e1bado actualicen m\u00e1s.<\/p>\n<p>&nbsp;<\/p>\n<p><strong>AVISOS POR VIENTO.<\/strong><\/p>\n<p>&nbsp;<\/p>\n<p><a href=\"https:\/\/static-blogs.diariosur.es\/wp-content\/uploads\/sites\/12\/2020\/12\/Captura-13.jpg\"><img loading=\"lazy\" class=\"aligncenter size-full wp-image-28960\" src=\"https:\/\/static-blogs.diariosur.es\/wp-content\/uploads\/sites\/12\/2020\/12\/Captura-13.jpg\" alt=\"\" width=\"690\" height=\"548\" srcset=\"https:\/\/static-blogs.diariosur.es\/wp-content\/uploads\/sites\/12\/2020\/12\/Captura-13.jpg 690w, https:\/\/static-blogs.diariosur.es\/wp-content\/uploads\/sites\/12\/2020\/12\/Captura-13-504x400.jpg 504w\" sizes=\"(max-width: 690px) 100vw, 690px\" \/><\/a><\/p>\n<p>&nbsp;<\/p>\n<p><strong>AVISO POR FEN\u00d3MENOS COSTEROS<\/strong><\/p>\n<p>&nbsp;<\/p>\n<p><a href=\"https:\/\/static-blogs.diariosur.es\/wp-content\/uploads\/sites\/12\/2020\/12\/OLAS.jpg\"><img loading=\"lazy\" class=\"aligncenter size-full wp-image-28961\" src=\"https:\/\/static-blogs.diariosur.es\/wp-content\/uploads\/sites\/12\/2020\/12\/OLAS.jpg\" alt=\"\" width=\"690\" height=\"545\" srcset=\"https:\/\/static-blogs.diariosur.es\/wp-content\/uploads\/sites\/12\/2020\/12\/OLAS.jpg 690w, https:\/\/static-blogs.diariosur.es\/wp-content\/uploads\/sites\/12\/2020\/12\/OLAS-506x400.jpg 506w\" sizes=\"(max-width: 690px) 100vw, 690px\" \/><\/a><\/p>\n<p>&nbsp;<\/p>\n<p><strong>AVISOS POR NEVADAS<\/strong><\/p>\n<p>&nbsp;<\/p>\n<p><a href=\"https:\/\/static-blogs.diariosur.es\/wp-content\/uploads\/sites\/12\/2020\/12\/NEVADAS.jpg\"><img loading=\"lazy\" class=\"aligncenter size-full wp-image-28962\" src=\"https:\/\/static-blogs.diariosur.es\/wp-content\/uploads\/sites\/12\/2020\/12\/NEVADAS.jpg\" alt=\"\" width=\"692\" height=\"554\" srcset=\"https:\/\/static-blogs.diariosur.es\/wp-content\/uploads\/sites\/12\/2020\/12\/NEVADAS.jpg 692w, https:\/\/static-blogs.diariosur.es\/wp-content\/uploads\/sites\/12\/2020\/12\/NEVADAS-500x400.jpg 500w\" sizes=\"(max-width: 692px) 100vw, 692px\" \/><\/a><\/p>\n<p>&nbsp;<\/p>\n<p>Como pod\u00e9is ver en el mapa de avisos, ser\u00e1 el viento y las olas los protagonistas el lunes en Andaluc\u00eda. A partir del mediod\u00eda se espera un frente fr\u00edo, que dejara m\u00e1s precipitaciones en zonas del Estrecho, Grazalema y Cazorla, tampoco nada del otro mundo.<\/p>\n<p>En la zona interior m\u00e1s occidental de la provincia de M\u00e1laga hay probabilidad de precipitaciones, en M\u00e1laga capital la probabilidad es menor, ya que el frente entra de noroeste.<br \/>\nUna vez pase el frente, la protagonista ser\u00e1 una masa de aire muy fr\u00eda de origen polar mar\u00edtima que afectar\u00e1 sobre todo al norte y noreste de la pen\u00ednsula.<\/p>\n<p>En Andaluc\u00eda notaremos m\u00e1s el fr\u00edo el martes y mi\u00e9rcoles. Cosa normal porque estamos en invierno y es lo que toca.<\/p>\n<p>Ma\u00f1ana con los modelos actualizados iremos viendo que se espera para el 31 y 1 de Enero.<\/p>\n<p>Foto de archivo. Fuente Noticias Galicia.com<\/p>\n<p>&nbsp;<\/p>\n<p><a href=\"https:\/\/static-blogs.diariosur.es\/wp-content\/uploads\/sites\/12\/2020\/12\/5a99bf9a6e9c3a116e6ed624f0aa798d_XL.jpg\"><img loading=\"lazy\" class=\"aligncenter size-full wp-image-28963\" src=\"https:\/\/static-blogs.diariosur.es\/wp-content\/uploads\/sites\/12\/2020\/12\/5a99bf9a6e9c3a116e6ed624f0aa798d_XL.jpg\" alt=\"\" width=\"660\" height=\"372\" srcset=\"https:\/\/static-blogs.diariosur.es\/wp-content\/uploads\/sites\/12\/2020\/12\/5a99bf9a6e9c3a116e6ed624f0aa798d_XL.jpg 660w, https:\/\/static-blogs.diariosur.es\/wp-content\/uploads\/sites\/12\/2020\/12\/5a99bf9a6e9c3a116e6ed624f0aa798d_XL-640x361.jpg 640w\" sizes=\"(max-width: 660px) 100vw, 660px\" \/><\/a><\/p>\n","protected":false},"excerpt":{"rendered":"<p>&nbsp; Muy buenos d\u00edas, amigos de la meteo. Cuando son las ocho y media de la ma\u00f1ana, mi term\u00f3metro en M\u00e1laga capital registra 9,4 grados, sopla viento flojo de levante y los cielos est\u00e1n nubosos. Destacar en la provincia de Granada estas temperaturas m\u00ednimas: Granada aeropuerto -3,2 grados y Baza -7,1 grados. Borrasca Bella En [&hellip;]<\/p>\n","protected":false},"author":16,"featured_media":28963,"comment_status":"open","ping_status":"open","sticky":false,"template":"","format":"standard","meta":[],"categories":[1],"tags":[100,151,1540,188,358,375,676,701,736,872,966,1059],"_links":{"self":[{"href":"https:\/\/blogs.diariosur.es\/tormentas-y-rayos\/wp-json\/wp\/v2\/posts\/28957"}],"collection":[{"href":"https:\/\/blogs.diariosur.es\/tormentas-y-rayos\/wp-json\/wp\/v2\/posts"}],"about":[{"href":"https:\/\/blogs.diariosur.es\/tormentas-y-rayos\/wp-json\/wp\/v2\/types\/post"}],"author":[{"embeddable":true,"href":"https:\/\/blogs.diariosur.es\/tormentas-y-rayos\/wp-json\/wp\/v2\/users\/16"}],"replies":[{"embeddable":true,"href":"https:\/\/blogs.diariosur.es\/tormentas-y-rayos\/wp-json\/wp\/v2\/comments?post=28957"}],"version-history":[{"count":3,"href":"https:\/\/blogs.diariosur.es\/tormentas-y-rayos\/wp-json\/wp\/v2\/posts\/28957\/revisions"}],"predecessor-version":[{"id":28967,"href":"https:\/\/blogs.diariosur.es\/tormentas-y-rayos\/wp-json\/wp\/v2\/posts\/28957\/revisions\/28967"}],"wp:featuredmedia":[{"embeddable":true,"href":"https:\/\/blogs.diariosur.es\/tormentas-y-rayos\/wp-json\/wp\/v2\/media\/28963"}],"wp:attachment":[{"href":"https:\/\/blogs.diariosur.es\/tormentas-y-rayos\/wp-json\/wp\/v2\/media?parent=28957"}],"wp:term":[{"taxonomy":"category","embeddable":true,"href":"https:\/\/blogs.diariosur.es\/tormentas-y-rayos\/wp-json\/wp\/v2\/categories?post=28957"},{"taxonomy":"post_tag","embeddable":true,"href":"https:\/\/blogs.diariosur.es\/tormentas-y-rayos\/wp-json\/wp\/v2\/tags?post=28957"}],"curies":[{"name":"wp","href":"https:\/\/api.w.org\/{rel}","templated":true}]}}