{"id":28968,"date":"2020-12-27T09:11:45","date_gmt":"2020-12-27T08:11:45","guid":{"rendered":"http:\/\/blogs.diariosur.es\/tormentas-y-rayos\/?p=28968"},"modified":"2020-12-27T09:11:45","modified_gmt":"2020-12-27T08:11:45","slug":"ultima-hora-borrasca-bella-andalucia-registra-las-minimas-mas-bajas-del-invierno","status":"publish","type":"post","link":"https:\/\/blogs.diariosur.es\/tormentas-y-rayos\/2020\/12\/27\/ultima-hora-borrasca-bella-andalucia-registra-las-minimas-mas-bajas-del-invierno\/","title":{"rendered":"\u00daltima hora: Borrasca Bella. Andaluc\u00eda registra las m\u00ednimas m\u00e1s bajas del invierno."},"content":{"rendered":"<p><a href=\"https:\/\/static-blogs.diariosur.es\/wp-content\/uploads\/sites\/12\/2020\/11\/72999690_10217709542349272_7908844429161529344_o.jpg\"><img loading=\"lazy\" class=\"aligncenter size-thumbnail wp-image-28642\" src=\"https:\/\/static-blogs.diariosur.es\/wp-content\/uploads\/sites\/12\/2020\/11\/72999690_10217709542349272_7908844429161529344_o-150x150.jpg\" alt=\"\" width=\"150\" height=\"150\" \/><\/a><\/p>\n<p>Muy buenos d\u00edas, amigos de la meteo. Antes de hablaros de la \u00faltima hora de la borrasca Bella, os comento que hoy domingo 27 de diciembre se han registrado las m\u00ednimas m\u00e1s bajas en Andaluc\u00eda, desde que comenz\u00f3 el invierno meteorol\u00f3gico. Destaca los 8.8 grados bajo cero de Baza.<\/p>\n<p>Os paso algunos registros de la aemet.<\/p>\n<p><b>M\u00e1laga Aeropuerto <span style=\"color: #ff0000;\">3.3 grados<\/span><\/b><\/p>\n<p><b>Antequera\u00a0<span style=\"color: #ff0000;\"> -1.8 grados<\/span><\/b><\/p>\n<p><b>Granada Aeropuerto <span style=\"color: #ff0000;\">&#8211; 5.2 grados<\/span><\/b><\/p>\n<p><b>Baza\u00a0 \u00a0<span style=\"color: #ff0000;\">&#8211; 8.8 grados<\/span><\/b><\/p>\n<p><b>Almer\u00eda Aeropuerto <span style=\"color: #ff0000;\">4.4 grados\u00a0\u00a0<\/span><\/b><\/p>\n<p><b>Ja\u00e9n\u00a0 \u00a0<span style=\"color: #ff0000;\">0.0 grados<\/span><\/b><\/p>\n<p><b>C\u00f3rdoba Aeropuerto\u00a0 <span style=\"color: #ff0000;\">&#8211; 1.4 grados<\/span><\/b><\/p>\n<p><b>Sevilla Aeropuerto\u00a0 <span style=\"color: #ff0000;\">1.3 grados<\/span><\/b><\/p>\n<p><b>C\u00e1diz\u00a0<span style=\"color: #ff0000;\"> 6.1 grados<\/span><\/b><\/p>\n<p><b>Huelva<span style=\"color: #ff0000;\"> 1.4 grados<\/span><\/b><\/p>\n<h3><b><span style=\"color: #ff0000;\">\u00a0<span style=\"color: #0000ff;\">\u00daltima hora borrasca Bella,<\/span><\/span><span style=\"color: #0000ff;\">\u00a0aviso rojo por olas y naranja por viento<\/span><\/b><\/h3>\n<p>Os paso una imagen de masas de aire, donde se ve perfectamente la masa de aire polar mar\u00edtimo que acompa\u00f1a a Bella.<\/p>\n<p>Y a continuaci\u00f3n el mapa de superficie previsto para hoy al mediod\u00eda.\u00a0 Fuentes Wetterzentrale y Met office<\/p>\n<p>&nbsp;<\/p>\n<p><a href=\"https:\/\/static-blogs.diariosur.es\/wp-content\/uploads\/sites\/12\/2020\/12\/Captura-15.jpg\"><img loading=\"lazy\" class=\"aligncenter size-full wp-image-28970\" src=\"https:\/\/static-blogs.diariosur.es\/wp-content\/uploads\/sites\/12\/2020\/12\/Captura-15.jpg\" alt=\"\" width=\"968\" height=\"677\" srcset=\"https:\/\/static-blogs.diariosur.es\/wp-content\/uploads\/sites\/12\/2020\/12\/Captura-15.jpg 968w, https:\/\/static-blogs.diariosur.es\/wp-content\/uploads\/sites\/12\/2020\/12\/Captura-15-572x400.jpg 572w, https:\/\/static-blogs.diariosur.es\/wp-content\/uploads\/sites\/12\/2020\/12\/Captura-15-768x537.jpg 768w\" sizes=\"(max-width: 968px) 100vw, 968px\" \/><\/a><\/p>\n<p>&nbsp;<\/p>\n<p><a href=\"https:\/\/static-blogs.diariosur.es\/wp-content\/uploads\/sites\/12\/2020\/12\/Captura-17.jpg\"><img loading=\"lazy\" class=\"aligncenter size-full wp-image-28972\" src=\"https:\/\/static-blogs.diariosur.es\/wp-content\/uploads\/sites\/12\/2020\/12\/Captura-17.jpg\" alt=\"\" width=\"802\" height=\"539\" srcset=\"https:\/\/static-blogs.diariosur.es\/wp-content\/uploads\/sites\/12\/2020\/12\/Captura-17.jpg 802w, https:\/\/static-blogs.diariosur.es\/wp-content\/uploads\/sites\/12\/2020\/12\/Captura-17-595x400.jpg 595w, https:\/\/static-blogs.diariosur.es\/wp-content\/uploads\/sites\/12\/2020\/12\/Captura-17-768x516.jpg 768w\" sizes=\"(max-width: 802px) 100vw, 802px\" \/><\/a><\/p>\n<p>&nbsp;<\/p>\n<p>Os paso los avisos para hoy domingo y ma\u00f1ana lunes, elaborados por la aemet.<\/p>\n<p><span style=\"color: #0000ff;\"><strong>DOMINGO 27 DE DICIEMBRE AVISOS POR OLAS<\/strong><\/span><\/p>\n<p>&nbsp;<\/p>\n<p><a href=\"https:\/\/static-blogs.diariosur.es\/wp-content\/uploads\/sites\/12\/2020\/12\/olas-1.jpg\"><img loading=\"lazy\" class=\"aligncenter size-full wp-image-28973\" src=\"https:\/\/static-blogs.diariosur.es\/wp-content\/uploads\/sites\/12\/2020\/12\/olas-1.jpg\" alt=\"\" width=\"698\" height=\"556\" srcset=\"https:\/\/static-blogs.diariosur.es\/wp-content\/uploads\/sites\/12\/2020\/12\/olas-1.jpg 698w, https:\/\/static-blogs.diariosur.es\/wp-content\/uploads\/sites\/12\/2020\/12\/olas-1-502x400.jpg 502w\" sizes=\"(max-width: 698px) 100vw, 698px\" \/><\/a><\/p>\n<p><span style=\"color: #0000ff;\"><strong>AVISOS POR VIENTO<\/strong><\/span><\/p>\n<p>&nbsp;<\/p>\n<p><a href=\"https:\/\/static-blogs.diariosur.es\/wp-content\/uploads\/sites\/12\/2020\/12\/viento-1.jpg\"><img loading=\"lazy\" class=\"aligncenter size-full wp-image-28974\" src=\"https:\/\/static-blogs.diariosur.es\/wp-content\/uploads\/sites\/12\/2020\/12\/viento-1.jpg\" alt=\"\" width=\"696\" height=\"544\" srcset=\"https:\/\/static-blogs.diariosur.es\/wp-content\/uploads\/sites\/12\/2020\/12\/viento-1.jpg 696w, https:\/\/static-blogs.diariosur.es\/wp-content\/uploads\/sites\/12\/2020\/12\/viento-1-512x400.jpg 512w\" sizes=\"(max-width: 696px) 100vw, 696px\" \/><\/a><\/p>\n<p>&nbsp;<\/p>\n<p><span style=\"color: #ff0000;\"><strong>LUNES 28 DE DICIEMBRE AVISOS POR OLAS.<\/strong><\/span><\/p>\n<p>&nbsp;<\/p>\n<p><a href=\"https:\/\/static-blogs.diariosur.es\/wp-content\/uploads\/sites\/12\/2020\/12\/LUNES-OLAS.jpg\"><img loading=\"lazy\" class=\"aligncenter size-full wp-image-28975\" src=\"https:\/\/static-blogs.diariosur.es\/wp-content\/uploads\/sites\/12\/2020\/12\/LUNES-OLAS.jpg\" alt=\"\" width=\"698\" height=\"548\" srcset=\"https:\/\/static-blogs.diariosur.es\/wp-content\/uploads\/sites\/12\/2020\/12\/LUNES-OLAS.jpg 698w, https:\/\/static-blogs.diariosur.es\/wp-content\/uploads\/sites\/12\/2020\/12\/LUNES-OLAS-509x400.jpg 509w\" sizes=\"(max-width: 698px) 100vw, 698px\" \/><\/a><\/p>\n<p>&nbsp;<\/p>\n<p><span style=\"color: #0000ff;\"><strong>AVISOS POR VIENTO.<\/strong><\/span><\/p>\n<p>&nbsp;<\/p>\n<p><a href=\"https:\/\/static-blogs.diariosur.es\/wp-content\/uploads\/sites\/12\/2020\/12\/LUNES-VIENTO.jpg\"><img loading=\"lazy\" class=\"aligncenter size-full wp-image-28976\" src=\"https:\/\/static-blogs.diariosur.es\/wp-content\/uploads\/sites\/12\/2020\/12\/LUNES-VIENTO.jpg\" alt=\"\" width=\"687\" height=\"549\" srcset=\"https:\/\/static-blogs.diariosur.es\/wp-content\/uploads\/sites\/12\/2020\/12\/LUNES-VIENTO.jpg 687w, https:\/\/static-blogs.diariosur.es\/wp-content\/uploads\/sites\/12\/2020\/12\/LUNES-VIENTO-501x400.jpg 501w\" sizes=\"(max-width: 687px) 100vw, 687px\" \/><\/a><\/p>\n<p>&nbsp;<\/p>\n<p>Como os comentaba ayer, el frente entra de noroeste, la probabilidad mayor de precipitaciones ( nada del otro mundo) se dar\u00e1 en la zona del Estrecho, Grazalema, interior m\u00e1s occidental de la provincia de M\u00e1laga, y sistemas monta\u00f1osos de C\u00f3rdoba, Ja\u00e9n y Granada.<\/p>\n<p>La menor probabilidad en el Valle del Guadalquivir, Huelva, y litorales de M\u00e1laga, Granada y Almer\u00eda.<\/p>\n<p>En Andaluc\u00eda notaremos m\u00e1s el frio el martes y mi\u00e9rcoles.<\/p>\n<p>&nbsp;<\/p>\n<p>&nbsp;<\/p>\n<p>&nbsp;<\/p>\n","protected":false},"excerpt":{"rendered":"<p>Muy buenos d\u00edas, amigos de la meteo. Antes de hablaros de la \u00faltima hora de la borrasca Bella, os comento que hoy domingo 27 de diciembre se han registrado las m\u00ednimas m\u00e1s bajas en Andaluc\u00eda, desde que comenz\u00f3 el invierno meteorol\u00f3gico. Destaca los 8.8 grados bajo cero de Baza. Os paso algunos registros de la [&hellip;]<\/p>\n","protected":false},"author":16,"featured_media":28970,"comment_status":"open","ping_status":"open","sticky":false,"template":"","format":"standard","meta":[],"categories":[1],"tags":[100,151,1540,188,1525,375,432,485,587,676,736,872,945,1028,1059],"_links":{"self":[{"href":"https:\/\/blogs.diariosur.es\/tormentas-y-rayos\/wp-json\/wp\/v2\/posts\/28968"}],"collection":[{"href":"https:\/\/blogs.diariosur.es\/tormentas-y-rayos\/wp-json\/wp\/v2\/posts"}],"about":[{"href":"https:\/\/blogs.diariosur.es\/tormentas-y-rayos\/wp-json\/wp\/v2\/types\/post"}],"author":[{"embeddable":true,"href":"https:\/\/blogs.diariosur.es\/tormentas-y-rayos\/wp-json\/wp\/v2\/users\/16"}],"replies":[{"embeddable":true,"href":"https:\/\/blogs.diariosur.es\/tormentas-y-rayos\/wp-json\/wp\/v2\/comments?post=28968"}],"version-history":[{"count":1,"href":"https:\/\/blogs.diariosur.es\/tormentas-y-rayos\/wp-json\/wp\/v2\/posts\/28968\/revisions"}],"predecessor-version":[{"id":28977,"href":"https:\/\/blogs.diariosur.es\/tormentas-y-rayos\/wp-json\/wp\/v2\/posts\/28968\/revisions\/28977"}],"wp:featuredmedia":[{"embeddable":true,"href":"https:\/\/blogs.diariosur.es\/tormentas-y-rayos\/wp-json\/wp\/v2\/media\/28970"}],"wp:attachment":[{"href":"https:\/\/blogs.diariosur.es\/tormentas-y-rayos\/wp-json\/wp\/v2\/media?parent=28968"}],"wp:term":[{"taxonomy":"category","embeddable":true,"href":"https:\/\/blogs.diariosur.es\/tormentas-y-rayos\/wp-json\/wp\/v2\/categories?post=28968"},{"taxonomy":"post_tag","embeddable":true,"href":"https:\/\/blogs.diariosur.es\/tormentas-y-rayos\/wp-json\/wp\/v2\/tags?post=28968"}],"curies":[{"name":"wp","href":"https:\/\/api.w.org\/{rel}","templated":true}]}}