{"id":28978,"date":"2020-12-28T09:14:07","date_gmt":"2020-12-28T08:14:07","guid":{"rendered":"http:\/\/blogs.diariosur.es\/tormentas-y-rayos\/?p=28978"},"modified":"2020-12-28T09:14:07","modified_gmt":"2020-12-28T08:14:07","slug":"borrasca-bella-el-tiempo-en-andalucia-avance-fin-de-ano","status":"publish","type":"post","link":"https:\/\/blogs.diariosur.es\/tormentas-y-rayos\/2020\/12\/28\/borrasca-bella-el-tiempo-en-andalucia-avance-fin-de-ano\/","title":{"rendered":"Borrasca Bella. El tiempo en Andaluc\u00eda, avance fin de a\u00f1o."},"content":{"rendered":"<p><a href=\"https:\/\/static-blogs.diariosur.es\/wp-content\/uploads\/sites\/12\/2020\/09\/15003244_10209205767200208_5978289506419899153_o.jpg\"><img loading=\"lazy\" class=\"aligncenter size-thumbnail wp-image-27960\" src=\"https:\/\/static-blogs.diariosur.es\/wp-content\/uploads\/sites\/12\/2020\/09\/15003244_10209205767200208_5978289506419899153_o-150x150.jpg\" alt=\"\" width=\"150\" height=\"150\" srcset=\"https:\/\/static-blogs.diariosur.es\/wp-content\/uploads\/sites\/12\/2020\/09\/15003244_10209205767200208_5978289506419899153_o-150x150.jpg 150w, https:\/\/static-blogs.diariosur.es\/wp-content\/uploads\/sites\/12\/2020\/09\/15003244_10209205767200208_5978289506419899153_o-400x400.jpg 400w, https:\/\/static-blogs.diariosur.es\/wp-content\/uploads\/sites\/12\/2020\/09\/15003244_10209205767200208_5978289506419899153_o-768x768.jpg 768w, https:\/\/static-blogs.diariosur.es\/wp-content\/uploads\/sites\/12\/2020\/09\/15003244_10209205767200208_5978289506419899153_o.jpg 960w\" sizes=\"(max-width: 150px) 100vw, 150px\" \/><\/a><\/p>\n<p>Muy buenos d\u00edas, amigos de la meteo. La borrasca Bella se hace notar en nuestra comunidad en forma de viento. Las temperaturas m\u00ednimas esta pasada madrugada no han sido tan bajas, solo Granada Aeropuerto registra una temperatura de bajo cero, concretamente -2.4.<\/p>\n<p>Destacar Baza que ayer ten\u00eda -8.8 grados y hoy 4 grados por encima de cero. Esta subida de temperatura en Baza se ha debido a las fuertes rachas de viento que se han dado en esta zona, ayer hubo inversi\u00f3n t\u00e9rmica y hoy no. Tambi\u00e9n cuando los cielos est\u00e1n nubosos ayuda para que las m\u00ednimas no bajen tanto.<\/p>\n<p><strong>Fijaros que curioso lo de M\u00e1laga, lo comentaba con mi amigo cazatormentas Juan Canales.<\/strong><\/p>\n<p>En M\u00e1laga capital la m\u00ednima se ha dado a las 1:50 con 5.4 grados, y la m\u00e1xima a las 6:30 de momento. Hasta las dos de la ma\u00f1ana hab\u00eda inversi\u00f3n t\u00e9rmica, luego empez\u00f3 a soplar viento fuerte de terral de invierno y subi\u00f3.<\/p>\n<p><a href=\"https:\/\/static-blogs.diariosur.es\/wp-content\/uploads\/sites\/12\/2020\/12\/0-1.jpg\"><img loading=\"lazy\" class=\"aligncenter size-full wp-image-28984\" src=\"https:\/\/static-blogs.diariosur.es\/wp-content\/uploads\/sites\/12\/2020\/12\/0-1.jpg\" alt=\"\" width=\"1010\" height=\"319\" srcset=\"https:\/\/static-blogs.diariosur.es\/wp-content\/uploads\/sites\/12\/2020\/12\/0-1.jpg 1010w, https:\/\/static-blogs.diariosur.es\/wp-content\/uploads\/sites\/12\/2020\/12\/0-1-640x202.jpg 640w, https:\/\/static-blogs.diariosur.es\/wp-content\/uploads\/sites\/12\/2020\/12\/0-1-768x243.jpg 768w\" sizes=\"(max-width: 1010px) 100vw, 1010px\" \/><\/a><\/p>\n<p><a href=\"https:\/\/static-blogs.diariosur.es\/wp-content\/uploads\/sites\/12\/2020\/12\/Captura-18.jpg\"><img loading=\"lazy\" class=\"aligncenter size-full wp-image-28985\" src=\"https:\/\/static-blogs.diariosur.es\/wp-content\/uploads\/sites\/12\/2020\/12\/Captura-18.jpg\" alt=\"\" width=\"1021\" height=\"431\" srcset=\"https:\/\/static-blogs.diariosur.es\/wp-content\/uploads\/sites\/12\/2020\/12\/Captura-18.jpg 1021w, https:\/\/static-blogs.diariosur.es\/wp-content\/uploads\/sites\/12\/2020\/12\/Captura-18-640x270.jpg 640w, https:\/\/static-blogs.diariosur.es\/wp-content\/uploads\/sites\/12\/2020\/12\/Captura-18-768x324.jpg 768w\" sizes=\"(max-width: 1021px) 100vw, 1021px\" \/><\/a><\/p>\n<p>&nbsp;<\/p>\n<p>Os paso datos de rachas m\u00e1ximas que han afectado a la pen\u00ednsula y Andaluc\u00eda. Destacar Estaca de Bares con 143 km\/h. Fuente aemet<\/p>\n<p>&nbsp;<\/p>\n<p><a href=\"https:\/\/static-blogs.diariosur.es\/wp-content\/uploads\/sites\/12\/2020\/12\/racha-andaluc\u00eda.jpg\"><img loading=\"lazy\" class=\"aligncenter size-full wp-image-28979\" src=\"https:\/\/static-blogs.diariosur.es\/wp-content\/uploads\/sites\/12\/2020\/12\/racha-andaluc\u00eda.jpg\" alt=\"\" width=\"875\" height=\"211\" srcset=\"https:\/\/static-blogs.diariosur.es\/wp-content\/uploads\/sites\/12\/2020\/12\/racha-andaluc\u00eda.jpg 875w, https:\/\/static-blogs.diariosur.es\/wp-content\/uploads\/sites\/12\/2020\/12\/racha-andaluc\u00eda-640x154.jpg 640w, https:\/\/static-blogs.diariosur.es\/wp-content\/uploads\/sites\/12\/2020\/12\/racha-andaluc\u00eda-768x185.jpg 768w\" sizes=\"(max-width: 875px) 100vw, 875px\" \/><\/a> <a href=\"https:\/\/static-blogs.diariosur.es\/wp-content\/uploads\/sites\/12\/2020\/12\/racha.jpg\"><img loading=\"lazy\" class=\"aligncenter size-full wp-image-28980\" src=\"https:\/\/static-blogs.diariosur.es\/wp-content\/uploads\/sites\/12\/2020\/12\/racha.jpg\" alt=\"\" width=\"867\" height=\"330\" srcset=\"https:\/\/static-blogs.diariosur.es\/wp-content\/uploads\/sites\/12\/2020\/12\/racha.jpg 867w, https:\/\/static-blogs.diariosur.es\/wp-content\/uploads\/sites\/12\/2020\/12\/racha-640x244.jpg 640w, https:\/\/static-blogs.diariosur.es\/wp-content\/uploads\/sites\/12\/2020\/12\/racha-768x292.jpg 768w\" sizes=\"(max-width: 867px) 100vw, 867px\" \/><\/a><\/p>\n<p><strong>Ma\u00f1ana martes<\/strong> seguiremos bajo la influencia de Bella, bajar\u00e1n las temperaturas y seguiremos con rachas fuertes de viento. Hay probabilidad de precipitaciones d\u00e9biles en las provincias de Ja\u00e9n e interior de Granada, en zonas altas a partir de 900 metros pueden ser de nieve.<\/p>\n<p>Os paso las temperaturas m\u00e1ximas y m\u00ednimas que prev\u00e9 la aemet para ma\u00f1ana martes.<\/p>\n<p>&nbsp;<\/p>\n<p><a href=\"https:\/\/static-blogs.diariosur.es\/wp-content\/uploads\/sites\/12\/2020\/12\/2-5.jpg\"><img loading=\"lazy\" class=\"aligncenter size-full wp-image-28982\" src=\"https:\/\/static-blogs.diariosur.es\/wp-content\/uploads\/sites\/12\/2020\/12\/2-5.jpg\" alt=\"\" width=\"695\" height=\"552\" srcset=\"https:\/\/static-blogs.diariosur.es\/wp-content\/uploads\/sites\/12\/2020\/12\/2-5.jpg 695w, https:\/\/static-blogs.diariosur.es\/wp-content\/uploads\/sites\/12\/2020\/12\/2-5-504x400.jpg 504w\" sizes=\"(max-width: 695px) 100vw, 695px\" \/><\/a><a href=\"https:\/\/static-blogs.diariosur.es\/wp-content\/uploads\/sites\/12\/2020\/12\/3-2.jpg\"><img loading=\"lazy\" class=\"aligncenter size-full wp-image-28983\" src=\"https:\/\/static-blogs.diariosur.es\/wp-content\/uploads\/sites\/12\/2020\/12\/3-2.jpg\" alt=\"\" width=\"697\" height=\"554\" srcset=\"https:\/\/static-blogs.diariosur.es\/wp-content\/uploads\/sites\/12\/2020\/12\/3-2.jpg 697w, https:\/\/static-blogs.diariosur.es\/wp-content\/uploads\/sites\/12\/2020\/12\/3-2-503x400.jpg 503w\" sizes=\"(max-width: 697px) 100vw, 697px\" \/><\/a><\/p>\n<h3><\/h3>\n<h3><span style=\"color: #3366ff;\"><strong>AVANCE PREVISI\u00d3N FIN DE A\u00d1O<\/strong><\/span><\/h3>\n<p><span style=\"color: #ff0000;\"><strong>El jueves d\u00eda 31<\/strong><\/span> la probabilidad de precipitaciones es muy baja en toda Andaluc\u00eda. No se esperan rachas fuertes de viento.<\/p>\n<p>Se registrar\u00e1n temperaturas m\u00ednimas muy bajas, incluso heladas en las zonas habituales. Las m\u00e1ximas estar\u00e1n entre los 9 grados y 17 grados.<\/p>\n<p>En la provincia de M\u00e1laga se dar\u00e1n heladas en las comarcas de Antequera y Ronda, las m\u00e1ximas entre los 9 y 11 grados.<\/p>\n<p>En el Valle del Guadalhorce pueden darse tambi\u00e9n algunas heladas, las m\u00e1ximas entre 14 y 16. En zonas de la costa malague\u00f1a las m\u00ednimas rondaran entre los 4 y 7 grados, las m\u00e1ximas entre 14 y 17.<\/p>\n<p>En el interior de la Axarqu\u00eda m\u00ednimas de entre 1 grado y 5, m\u00e1ximas entre 12 y 15 grados.<\/p>\n<p>En M\u00e1laga capital podemos tener una m\u00ednima de 4 grados en el Aeropuerto y una m\u00e1xima de 17.<\/p>\n<p><span style=\"color: #ff0000;\"><strong>El viernes 1 de Enero<\/strong><\/span> nuevamente nos afectara otra borrasca, el frente que trae consigo afectara a nuestra comunidad desde primeras horas de la madrugada.<\/p>\n<p>Hay probabilidad de chubascos en algunos puntos de nuestra comunidad. Estos chubascos pueden ser de nieve a partir de 800 metros en las provincias de Granada, Ja\u00e9n e interior de la de Almer\u00eda.<\/p>\n<p>El viento nuevamente tomar\u00e1 protagonismo. Las temperaturas m\u00e1ximas bajar\u00e1n.<\/p>\n<p>El mi\u00e9rcoles de todas formas actualizar\u00e9 la previsi\u00f3n del 1 de Enero.<\/p>\n<p>Foto fuente meteored.<\/p>\n<p>&nbsp;<\/p>\n<p><a href=\"https:\/\/static-blogs.diariosur.es\/wp-content\/uploads\/sites\/12\/2020\/12\/borrasca-bella-temporal-viento-frio-nieve-espana-301601-1_768.jpeg\"><img loading=\"lazy\" class=\"aligncenter size-full wp-image-28986\" src=\"https:\/\/static-blogs.diariosur.es\/wp-content\/uploads\/sites\/12\/2020\/12\/borrasca-bella-temporal-viento-frio-nieve-espana-301601-1_768.jpeg\" alt=\"\" width=\"768\" height=\"540\" srcset=\"https:\/\/static-blogs.diariosur.es\/wp-content\/uploads\/sites\/12\/2020\/12\/borrasca-bella-temporal-viento-frio-nieve-espana-301601-1_768.jpeg 768w, https:\/\/static-blogs.diariosur.es\/wp-content\/uploads\/sites\/12\/2020\/12\/borrasca-bella-temporal-viento-frio-nieve-espana-301601-1_768-569x400.jpeg 569w\" sizes=\"(max-width: 768px) 100vw, 768px\" \/><\/a><\/p>\n<p>&nbsp;<\/p>\n","protected":false},"excerpt":{"rendered":"<p>Muy buenos d\u00edas, amigos de la meteo. La borrasca Bella se hace notar en nuestra comunidad en forma de viento. Las temperaturas m\u00ednimas esta pasada madrugada no han sido tan bajas, solo Granada Aeropuerto registra una temperatura de bajo cero, concretamente -2.4. Destacar Baza que ayer ten\u00eda -8.8 grados y hoy 4 grados por encima [&hellip;]<\/p>\n","protected":false},"author":16,"featured_media":28986,"comment_status":"open","ping_status":"open","sticky":false,"template":"","format":"standard","meta":[],"categories":[1],"tags":[100,109,1540,188,309,330,375,410,587,800,980],"_links":{"self":[{"href":"https:\/\/blogs.diariosur.es\/tormentas-y-rayos\/wp-json\/wp\/v2\/posts\/28978"}],"collection":[{"href":"https:\/\/blogs.diariosur.es\/tormentas-y-rayos\/wp-json\/wp\/v2\/posts"}],"about":[{"href":"https:\/\/blogs.diariosur.es\/tormentas-y-rayos\/wp-json\/wp\/v2\/types\/post"}],"author":[{"embeddable":true,"href":"https:\/\/blogs.diariosur.es\/tormentas-y-rayos\/wp-json\/wp\/v2\/users\/16"}],"replies":[{"embeddable":true,"href":"https:\/\/blogs.diariosur.es\/tormentas-y-rayos\/wp-json\/wp\/v2\/comments?post=28978"}],"version-history":[{"count":1,"href":"https:\/\/blogs.diariosur.es\/tormentas-y-rayos\/wp-json\/wp\/v2\/posts\/28978\/revisions"}],"predecessor-version":[{"id":28987,"href":"https:\/\/blogs.diariosur.es\/tormentas-y-rayos\/wp-json\/wp\/v2\/posts\/28978\/revisions\/28987"}],"wp:featuredmedia":[{"embeddable":true,"href":"https:\/\/blogs.diariosur.es\/tormentas-y-rayos\/wp-json\/wp\/v2\/media\/28986"}],"wp:attachment":[{"href":"https:\/\/blogs.diariosur.es\/tormentas-y-rayos\/wp-json\/wp\/v2\/media?parent=28978"}],"wp:term":[{"taxonomy":"category","embeddable":true,"href":"https:\/\/blogs.diariosur.es\/tormentas-y-rayos\/wp-json\/wp\/v2\/categories?post=28978"},{"taxonomy":"post_tag","embeddable":true,"href":"https:\/\/blogs.diariosur.es\/tormentas-y-rayos\/wp-json\/wp\/v2\/tags?post=28978"}],"curies":[{"name":"wp","href":"https:\/\/api.w.org\/{rel}","templated":true}]}}