{"id":28988,"date":"2020-12-29T09:03:53","date_gmt":"2020-12-29T08:03:53","guid":{"rendered":"http:\/\/blogs.diariosur.es\/tormentas-y-rayos\/?p=28988"},"modified":"2020-12-29T09:03:53","modified_gmt":"2020-12-29T08:03:53","slug":"que-tiempo-hara-en-nochevieja-y-ano-nuevo-andalucia-malaga","status":"publish","type":"post","link":"https:\/\/blogs.diariosur.es\/tormentas-y-rayos\/2020\/12\/29\/que-tiempo-hara-en-nochevieja-y-ano-nuevo-andalucia-malaga\/","title":{"rendered":"\u00bfQu\u00e9 tiempo har\u00e1 en Nochevieja y A\u00f1o Nuevo? Andaluc\u00eda, M\u00e1laga"},"content":{"rendered":"<p><a href=\"https:\/\/static-blogs.diariosur.es\/wp-content\/uploads\/sites\/12\/2020\/09\/15003244_10209205767200208_5978289506419899153_o.jpg\"><img loading=\"lazy\" class=\"aligncenter size-thumbnail wp-image-27960\" src=\"https:\/\/static-blogs.diariosur.es\/wp-content\/uploads\/sites\/12\/2020\/09\/15003244_10209205767200208_5978289506419899153_o-150x150.jpg\" alt=\"\" width=\"150\" height=\"150\" srcset=\"https:\/\/static-blogs.diariosur.es\/wp-content\/uploads\/sites\/12\/2020\/09\/15003244_10209205767200208_5978289506419899153_o-150x150.jpg 150w, https:\/\/static-blogs.diariosur.es\/wp-content\/uploads\/sites\/12\/2020\/09\/15003244_10209205767200208_5978289506419899153_o-400x400.jpg 400w, https:\/\/static-blogs.diariosur.es\/wp-content\/uploads\/sites\/12\/2020\/09\/15003244_10209205767200208_5978289506419899153_o-768x768.jpg 768w, https:\/\/static-blogs.diariosur.es\/wp-content\/uploads\/sites\/12\/2020\/09\/15003244_10209205767200208_5978289506419899153_o.jpg 960w\" sizes=\"(max-width: 150px) 100vw, 150px\" \/><\/a><\/p>\n<p>Muy buenos d\u00edas, amigos de la meteo. Aunque ayer di un adelanto de la previsi\u00f3n para el 31 y el 1 de Enero, vuelvo a darlo con los modelos actualizados.<\/p>\n<p>Pero antes os quiero comentar que el calentamiento s\u00fabito estratosf\u00e9rico ya esta en marcha en Siberia, esto puede traer consigo que a partir del 4 de enero tengamos buenos acumulados de lluvias. Ma\u00f1ana hablaremos de esto.<\/p>\n<h3><span style=\"color: #0000ff;\"><strong>Jueves 31 de Diciembre.\u00a0\u00a0<\/strong><\/span><\/h3>\n<p>La probabilidad de precipitaciones es muy baja en toda Andaluc\u00eda. A partir de las 00:00 horas que ya ser\u00eda A\u00f1o Nuevo aumenta la probabilidad por la zona noroeste de nuestra comunidad.<\/p>\n<p>No se esperan rachas fuertes de viento.<\/p>\n<p>Se registrar\u00e1n temperaturas m\u00ednimas bajas, incluso heladas en las zonas habituales. Las m\u00e1ximas estar\u00e1n entre los 9 grados y 17 grados.<\/p>\n<p>En la provincia de M\u00e1laga se dar\u00e1n heladas en las comarcas de Antequera y Ronda, las m\u00e1ximas entre los 9 y 11 grados.<\/p>\n<p>En el Valle del Guadalhorce pueden darse tambi\u00e9n algunas heladas, las m\u00e1ximas entre 14 y 16.<\/p>\n<p>En zonas de la costa malague\u00f1a las m\u00ednimas rondaran entre los 4 y 7 grados, las m\u00e1ximas entre 14 y 17.<\/p>\n<p>En el interior de la Axarqu\u00eda m\u00ednimas de entre 2 y 5 grados, m\u00e1ximas entre 12 y 15 grados.<\/p>\n<p>En M\u00e1laga capital podemos tener una m\u00ednima de 4 grados en el Aeropuerto y una m\u00e1xima de 17.<\/p>\n<p>Os pongo las m\u00e1ximas y m\u00ednimas que prev\u00e9 la aemet en la provincia de M\u00e1laga y Andaluc\u00eda.<\/p>\n<p>&nbsp;<\/p>\n<p><a href=\"https:\/\/static-blogs.diariosur.es\/wp-content\/uploads\/sites\/12\/2020\/12\/jueves-3.jpg\"><img loading=\"lazy\" class=\"aligncenter size-full wp-image-28992\" src=\"https:\/\/static-blogs.diariosur.es\/wp-content\/uploads\/sites\/12\/2020\/12\/jueves-3.jpg\" alt=\"\" width=\"697\" height=\"547\" srcset=\"https:\/\/static-blogs.diariosur.es\/wp-content\/uploads\/sites\/12\/2020\/12\/jueves-3.jpg 697w, https:\/\/static-blogs.diariosur.es\/wp-content\/uploads\/sites\/12\/2020\/12\/jueves-3-510x400.jpg 510w\" sizes=\"(max-width: 697px) 100vw, 697px\" \/><\/a> <a href=\"https:\/\/static-blogs.diariosur.es\/wp-content\/uploads\/sites\/12\/2020\/12\/jueves1-1.jpg\"><img loading=\"lazy\" class=\"aligncenter size-full wp-image-28993\" src=\"https:\/\/static-blogs.diariosur.es\/wp-content\/uploads\/sites\/12\/2020\/12\/jueves1-1.jpg\" alt=\"\" width=\"698\" height=\"548\" srcset=\"https:\/\/static-blogs.diariosur.es\/wp-content\/uploads\/sites\/12\/2020\/12\/jueves1-1.jpg 698w, https:\/\/static-blogs.diariosur.es\/wp-content\/uploads\/sites\/12\/2020\/12\/jueves1-1-509x400.jpg 509w\" sizes=\"(max-width: 698px) 100vw, 698px\" \/><\/a><\/p>\n<h3><\/h3>\n<h3><span style=\"color: #0000ff;\"><strong>Viernes 1 de Enero<\/strong><\/span><\/h3>\n<p>Nuevamente nos afectara otra borrasca, el frente que trae consigo afectara a nuestra comunidad desde primeras horas de la madrugada.<\/p>\n<p>Hay probabilidad de precipitaciones d\u00e9biles en la mayor parte de nuestra comunidad, con menor probabilidad en la costa de Almer\u00eda. En la zona del Estrecho, Ceuta, Grazalema\u00a0 y Sierra de Cazorla ser\u00e1n m\u00e1s cuantiosas. Estas precipitaciones ser\u00e1n de nieve\u00a0a partir de 800 metros en las provincias de Granada, Ja\u00e9n e interior de la de Almer\u00eda. Puede nevar tambi\u00e9n en la Maroma y Sierra de las Nieves. Lo m\u00e1s seguro es que la aemet active avisos por nevadas en las provincias de Granada y Ja\u00e9n.<\/p>\n<p>El viento nuevamente tomar\u00e1 protagonismo.<\/p>\n<p>Las temperaturas m\u00e1ximas bajar\u00e1n, la m\u00e1xima en M\u00e1laga capital rondar\u00e1 los 14 o 15 grados.<\/p>\n<p>Os pongo las m\u00e1ximas y m\u00ednimas que prev\u00e9 la aemet en la provincia de M\u00e1laga y Andaluc\u00eda.<\/p>\n<p>&nbsp;<\/p>\n<p><a href=\"https:\/\/static-blogs.diariosur.es\/wp-content\/uploads\/sites\/12\/2020\/12\/viernes-1-1.jpg\"><img loading=\"lazy\" class=\"aligncenter size-full wp-image-28994\" src=\"https:\/\/static-blogs.diariosur.es\/wp-content\/uploads\/sites\/12\/2020\/12\/viernes-1-1.jpg\" alt=\"\" width=\"699\" height=\"546\" srcset=\"https:\/\/static-blogs.diariosur.es\/wp-content\/uploads\/sites\/12\/2020\/12\/viernes-1-1.jpg 699w, https:\/\/static-blogs.diariosur.es\/wp-content\/uploads\/sites\/12\/2020\/12\/viernes-1-1-512x400.jpg 512w\" sizes=\"(max-width: 699px) 100vw, 699px\" \/><\/a> <a href=\"https:\/\/static-blogs.diariosur.es\/wp-content\/uploads\/sites\/12\/2020\/12\/viernes-4.jpg\"><img loading=\"lazy\" class=\"aligncenter size-full wp-image-28995\" src=\"https:\/\/static-blogs.diariosur.es\/wp-content\/uploads\/sites\/12\/2020\/12\/viernes-4.jpg\" alt=\"\" width=\"701\" height=\"552\" srcset=\"https:\/\/static-blogs.diariosur.es\/wp-content\/uploads\/sites\/12\/2020\/12\/viernes-4.jpg 701w, https:\/\/static-blogs.diariosur.es\/wp-content\/uploads\/sites\/12\/2020\/12\/viernes-4-508x400.jpg 508w\" sizes=\"(max-width: 701px) 100vw, 701px\" \/><\/a><\/p>\n<p>&nbsp;<\/p>\n<p>Os dejo con este fot\u00f3n de mi amiga y cazatormentas Nany Lavado.<\/p>\n<p>&nbsp;<\/p>\n<p><a href=\"https:\/\/static-blogs.diariosur.es\/wp-content\/uploads\/sites\/12\/2020\/12\/133453354_10225527985332897_590987993626175661_o-e1609226675528.jpg\"><img loading=\"lazy\" class=\"aligncenter size-full wp-image-28991\" src=\"https:\/\/static-blogs.diariosur.es\/wp-content\/uploads\/sites\/12\/2020\/12\/133453354_10225527985332897_590987993626175661_o-e1609226675528.jpg\" alt=\"\" width=\"1200\" height=\"433\" \/><\/a><\/p>\n","protected":false},"excerpt":{"rendered":"<p>Muy buenos d\u00edas, amigos de la meteo. Aunque ayer di un adelanto de la previsi\u00f3n para el 31 y el 1 de Enero, vuelvo a darlo con los modelos actualizados. Pero antes os quiero comentar que el calentamiento s\u00fabito estratosf\u00e9rico ya esta en marcha en Siberia, esto puede traer consigo que a partir del 4 [&hellip;]<\/p>\n","protected":false},"author":16,"featured_media":28991,"comment_status":"open","ping_status":"open","sticky":false,"template":"","format":"standard","meta":[],"categories":[1],"tags":[100,109,1540,188,358,375,432,701,710,725,800],"_links":{"self":[{"href":"https:\/\/blogs.diariosur.es\/tormentas-y-rayos\/wp-json\/wp\/v2\/posts\/28988"}],"collection":[{"href":"https:\/\/blogs.diariosur.es\/tormentas-y-rayos\/wp-json\/wp\/v2\/posts"}],"about":[{"href":"https:\/\/blogs.diariosur.es\/tormentas-y-rayos\/wp-json\/wp\/v2\/types\/post"}],"author":[{"embeddable":true,"href":"https:\/\/blogs.diariosur.es\/tormentas-y-rayos\/wp-json\/wp\/v2\/users\/16"}],"replies":[{"embeddable":true,"href":"https:\/\/blogs.diariosur.es\/tormentas-y-rayos\/wp-json\/wp\/v2\/comments?post=28988"}],"version-history":[{"count":3,"href":"https:\/\/blogs.diariosur.es\/tormentas-y-rayos\/wp-json\/wp\/v2\/posts\/28988\/revisions"}],"predecessor-version":[{"id":28996,"href":"https:\/\/blogs.diariosur.es\/tormentas-y-rayos\/wp-json\/wp\/v2\/posts\/28988\/revisions\/28996"}],"wp:featuredmedia":[{"embeddable":true,"href":"https:\/\/blogs.diariosur.es\/tormentas-y-rayos\/wp-json\/wp\/v2\/media\/28991"}],"wp:attachment":[{"href":"https:\/\/blogs.diariosur.es\/tormentas-y-rayos\/wp-json\/wp\/v2\/media?parent=28988"}],"wp:term":[{"taxonomy":"category","embeddable":true,"href":"https:\/\/blogs.diariosur.es\/tormentas-y-rayos\/wp-json\/wp\/v2\/categories?post=28988"},{"taxonomy":"post_tag","embeddable":true,"href":"https:\/\/blogs.diariosur.es\/tormentas-y-rayos\/wp-json\/wp\/v2\/tags?post=28988"}],"curies":[{"name":"wp","href":"https:\/\/api.w.org\/{rel}","templated":true}]}}