{"id":29000,"date":"2020-12-31T08:07:24","date_gmt":"2020-12-31T07:07:24","guid":{"rendered":"http:\/\/blogs.diariosur.es\/tormentas-y-rayos\/?p=29000"},"modified":"2020-12-31T08:07:24","modified_gmt":"2020-12-31T07:07:24","slug":"el-tiempo-en-andalucia-aviso-amarillo-por-nevadas-viento-y-olas","status":"publish","type":"post","link":"https:\/\/blogs.diariosur.es\/tormentas-y-rayos\/2020\/12\/31\/el-tiempo-en-andalucia-aviso-amarillo-por-nevadas-viento-y-olas\/","title":{"rendered":"El tiempo en Andaluc\u00eda. Aviso amarillo por nevadas, viento y olas."},"content":{"rendered":"<p><a href=\"https:\/\/static-blogs.diariosur.es\/wp-content\/uploads\/sites\/12\/2020\/04\/59999602_10216541055137822_8294285136585818112_o.jpg\"><img loading=\"lazy\" class=\"aligncenter size-thumbnail wp-image-27128\" src=\"https:\/\/static-blogs.diariosur.es\/wp-content\/uploads\/sites\/12\/2020\/04\/59999602_10216541055137822_8294285136585818112_o-150x150.jpg\" alt=\"\" width=\"150\" height=\"150\" \/><\/a><\/p>\n<p>Muy buenos d\u00edas, amigos de la meteo. Ma\u00f1ana viernes la aemet activa el aviso amarillo por nevadas en estas zonas de Andaluc\u00eda.<\/p>\n<p>&nbsp;<\/p>\n<p><a href=\"https:\/\/static-blogs.diariosur.es\/wp-content\/uploads\/sites\/12\/2020\/12\/2-6.jpg\"><img loading=\"lazy\" class=\"aligncenter size-full wp-image-29001\" src=\"https:\/\/static-blogs.diariosur.es\/wp-content\/uploads\/sites\/12\/2020\/12\/2-6.jpg\" alt=\"\" width=\"694\" height=\"544\" srcset=\"https:\/\/static-blogs.diariosur.es\/wp-content\/uploads\/sites\/12\/2020\/12\/2-6.jpg 694w, https:\/\/static-blogs.diariosur.es\/wp-content\/uploads\/sites\/12\/2020\/12\/2-6-510x400.jpg 510w\" sizes=\"(max-width: 694px) 100vw, 694px\" \/><\/a><\/p>\n<p><a href=\"https:\/\/static-blogs.diariosur.es\/wp-content\/uploads\/sites\/12\/2020\/12\/1-6.jpg\"><img loading=\"lazy\" class=\"aligncenter size-full wp-image-29002\" src=\"https:\/\/static-blogs.diariosur.es\/wp-content\/uploads\/sites\/12\/2020\/12\/1-6.jpg\" alt=\"\" width=\"1006\" height=\"340\" srcset=\"https:\/\/static-blogs.diariosur.es\/wp-content\/uploads\/sites\/12\/2020\/12\/1-6.jpg 1006w, https:\/\/static-blogs.diariosur.es\/wp-content\/uploads\/sites\/12\/2020\/12\/1-6-640x216.jpg 640w, https:\/\/static-blogs.diariosur.es\/wp-content\/uploads\/sites\/12\/2020\/12\/1-6-768x260.jpg 768w\" sizes=\"(max-width: 1006px) 100vw, 1006px\" \/><\/a><\/p>\n<p>Tambi\u00e9n tomar\u00e1n protagonismo las rachas fuertes de viento en la mayor parte de nuestra comunidad, se activa el aviso amarillo por viento en el Valle de Almanzora y Los V\u00e9lez, seguramente se activen m\u00e1s en el trascurso del d\u00eda de hoy. En las costas de Almer\u00eda, Granada y Melilla el aviso ser\u00e1 por fen\u00f3menos costeros.<\/p>\n<h3><span style=\"color: #0000ff;\"><strong>Avance del tiempo para el fin de semana.<\/strong><\/span><\/h3>\n<p>No se esperan precipitaciones en Andaluc\u00eda.<\/p>\n<p><span style=\"color: #ff0000;\"><strong>Durante la madrugada y primeras horas de la ma\u00f1ana del s\u00e1bado y sobretodo el domingo, tener mucha precauci\u00f3n por el interior y zonas altas si vais en coche, hay probabilidad alta de heladas. En zonas de penumbra se dar\u00e1n placas de hielo.\u00a0<\/strong><\/span><\/p>\n<p><span style=\"color: #000000;\"><b style=\"color: #000000;\">\u00a0Que\u00a0<\/b><span style=\"color: #000000;\"><b>teng\u00e1is<\/b><\/span><b style=\"color: #000000;\">\u00a0un Feliz A\u00f1o Nuevo. Abrigaros.<\/b><\/span><\/p>\n<p>Os dejo con mi foto preferida de amanecer que hemos tenido este a\u00f1o.<\/p>\n<p>&nbsp;<\/p>\n<p><a href=\"https:\/\/static-blogs.diariosur.es\/wp-content\/uploads\/sites\/12\/2020\/12\/50005540231_6c6a794192_b.jpg\"><img loading=\"lazy\" class=\"aligncenter size-full wp-image-29003\" src=\"https:\/\/static-blogs.diariosur.es\/wp-content\/uploads\/sites\/12\/2020\/12\/50005540231_6c6a794192_b.jpg\" alt=\"\" width=\"1024\" height=\"683\" srcset=\"https:\/\/static-blogs.diariosur.es\/wp-content\/uploads\/sites\/12\/2020\/12\/50005540231_6c6a794192_b.jpg 1024w, https:\/\/static-blogs.diariosur.es\/wp-content\/uploads\/sites\/12\/2020\/12\/50005540231_6c6a794192_b-600x400.jpg 600w, https:\/\/static-blogs.diariosur.es\/wp-content\/uploads\/sites\/12\/2020\/12\/50005540231_6c6a794192_b-768x512.jpg 768w\" sizes=\"(max-width: 1024px) 100vw, 1024px\" \/><\/a><\/p>\n","protected":false},"excerpt":{"rendered":"<p>Muy buenos d\u00edas, amigos de la meteo. Ma\u00f1ana viernes la aemet activa el aviso amarillo por nevadas en estas zonas de Andaluc\u00eda. &nbsp; Tambi\u00e9n tomar\u00e1n protagonismo las rachas fuertes de viento en la mayor parte de nuestra comunidad, se activa el aviso amarillo por viento en el Valle de Almanzora y Los V\u00e9lez, seguramente se [&hellip;]<\/p>\n","protected":false},"author":16,"featured_media":29003,"comment_status":"open","ping_status":"open","sticky":false,"template":"","format":"standard","meta":[],"categories":[1],"tags":[94,100,151,1540,188,358,587,690,736,800,1059],"_links":{"self":[{"href":"https:\/\/blogs.diariosur.es\/tormentas-y-rayos\/wp-json\/wp\/v2\/posts\/29000"}],"collection":[{"href":"https:\/\/blogs.diariosur.es\/tormentas-y-rayos\/wp-json\/wp\/v2\/posts"}],"about":[{"href":"https:\/\/blogs.diariosur.es\/tormentas-y-rayos\/wp-json\/wp\/v2\/types\/post"}],"author":[{"embeddable":true,"href":"https:\/\/blogs.diariosur.es\/tormentas-y-rayos\/wp-json\/wp\/v2\/users\/16"}],"replies":[{"embeddable":true,"href":"https:\/\/blogs.diariosur.es\/tormentas-y-rayos\/wp-json\/wp\/v2\/comments?post=29000"}],"version-history":[{"count":1,"href":"https:\/\/blogs.diariosur.es\/tormentas-y-rayos\/wp-json\/wp\/v2\/posts\/29000\/revisions"}],"predecessor-version":[{"id":29004,"href":"https:\/\/blogs.diariosur.es\/tormentas-y-rayos\/wp-json\/wp\/v2\/posts\/29000\/revisions\/29004"}],"wp:featuredmedia":[{"embeddable":true,"href":"https:\/\/blogs.diariosur.es\/tormentas-y-rayos\/wp-json\/wp\/v2\/media\/29003"}],"wp:attachment":[{"href":"https:\/\/blogs.diariosur.es\/tormentas-y-rayos\/wp-json\/wp\/v2\/media?parent=29000"}],"wp:term":[{"taxonomy":"category","embeddable":true,"href":"https:\/\/blogs.diariosur.es\/tormentas-y-rayos\/wp-json\/wp\/v2\/categories?post=29000"},{"taxonomy":"post_tag","embeddable":true,"href":"https:\/\/blogs.diariosur.es\/tormentas-y-rayos\/wp-json\/wp\/v2\/tags?post=29000"}],"curies":[{"name":"wp","href":"https:\/\/api.w.org\/{rel}","templated":true}]}}