{"id":29251,"date":"2021-01-23T08:20:38","date_gmt":"2021-01-23T07:20:38","guid":{"rendered":"http:\/\/blogs.diariosur.es\/tormentas-y-rayos\/?p=29251"},"modified":"2021-01-23T08:20:38","modified_gmt":"2021-01-23T07:20:38","slug":"el-tiempo-en-andalucia-aviso-naranja-por-viento-y-olas-borrasca-ignacio-videos-y-fotos-linea-de-turbonada","status":"publish","type":"post","link":"https:\/\/blogs.diariosur.es\/tormentas-y-rayos\/2021\/01\/23\/el-tiempo-en-andalucia-aviso-naranja-por-viento-y-olas-borrasca-ignacio-videos-y-fotos-linea-de-turbonada\/","title":{"rendered":"El tiempo en Andaluc\u00eda. Aviso naranja por viento y olas. Borrasca Ignacio. Videos y fotos, l\u00ednea de turbonada."},"content":{"rendered":"<p><a href=\"https:\/\/static-blogs.diariosur.es\/wp-content\/uploads\/sites\/12\/2021\/01\/12994479_10207552114859933_1346500259674331485_n.jpg\"><img loading=\"lazy\" class=\"aligncenter size-thumbnail wp-image-29165\" src=\"https:\/\/static-blogs.diariosur.es\/wp-content\/uploads\/sites\/12\/2021\/01\/12994479_10207552114859933_1346500259674331485_n-150x150.jpg\" alt=\"\" width=\"150\" height=\"150\" srcset=\"https:\/\/static-blogs.diariosur.es\/wp-content\/uploads\/sites\/12\/2021\/01\/12994479_10207552114859933_1346500259674331485_n-150x150.jpg 150w, https:\/\/static-blogs.diariosur.es\/wp-content\/uploads\/sites\/12\/2021\/01\/12994479_10207552114859933_1346500259674331485_n-399x400.jpg 399w, https:\/\/static-blogs.diariosur.es\/wp-content\/uploads\/sites\/12\/2021\/01\/12994479_10207552114859933_1346500259674331485_n.jpg 749w\" sizes=\"(max-width: 150px) 100vw, 150px\" \/><\/a><\/p>\n<p>Muy buenos d\u00edas, amigos de la meteo. Nuevamente actualizo el blog para poner los avisos actualizados para hoy s\u00e1bado y ma\u00f1ana domingo.<\/p>\n<p>Pero antes os invito para que ve\u00e1is el impresionante reportaje que han hecho mis amigos de cazatormentas. Ayer se produjo una l\u00ednea de turbonada que barrio buena parte de la pen\u00ednsula.<\/p>\n<p>Los videos y las fotos son una pasada. Pinchar en el enlace<\/p>\n<h3 class=\"entry-title\"><a href=\"https:\/\/www.cazatormentas.com\/hortense-insolito-tormentas-mes-enero\/\" rel=\"external nofollow\">Hortense provoca un ins\u00f3lito episodio de tormentas para ser enero<\/a><\/h3>\n<p>Foto de archivo. Fuente Diario Sur.<\/p>\n<p>&nbsp;<\/p>\n<p><a href=\"https:\/\/static-blogs.diariosur.es\/wp-content\/uploads\/sites\/12\/2021\/01\/viento-k9GG-U70353973890z3E-624x385@Diario-Sur.jpg\"><img loading=\"lazy\" class=\"aligncenter size-full wp-image-29256\" src=\"https:\/\/static-blogs.diariosur.es\/wp-content\/uploads\/sites\/12\/2021\/01\/viento-k9GG-U70353973890z3E-624x385@Diario-Sur.jpg\" alt=\"\" width=\"624\" height=\"385\" \/><\/a><\/p>\n<p>&nbsp;<\/p>\n<p>&nbsp;<\/p>\n<p>Mucha precauci\u00f3n si sal\u00eds a faenar por el Mar de Albor\u00e1n y sobre todo por la rachas de viento muy fuerte que se dar\u00e1n en las provincias de Almer\u00eda y Granada. Pueden llegar a los 100 km\/h<\/p>\n<h3><span style=\"color: #ff0000;\"><strong>Avisos por viento y fen\u00f3menos costeros S\u00e1bado 23 de Enero.<\/strong><\/span><\/h3>\n<p>&nbsp;<\/p>\n<p><a href=\"https:\/\/static-blogs.diariosur.es\/wp-content\/uploads\/sites\/12\/2021\/01\/1-11.jpg\"><img loading=\"lazy\" class=\"aligncenter size-full wp-image-29252\" src=\"https:\/\/static-blogs.diariosur.es\/wp-content\/uploads\/sites\/12\/2021\/01\/1-11.jpg\" alt=\"\" width=\"693\" height=\"546\" srcset=\"https:\/\/static-blogs.diariosur.es\/wp-content\/uploads\/sites\/12\/2021\/01\/1-11.jpg 693w, https:\/\/static-blogs.diariosur.es\/wp-content\/uploads\/sites\/12\/2021\/01\/1-11-508x400.jpg 508w\" sizes=\"(max-width: 693px) 100vw, 693px\" \/><\/a><\/p>\n<p>&nbsp;<\/p>\n<p><a href=\"https:\/\/static-blogs.diariosur.es\/wp-content\/uploads\/sites\/12\/2021\/01\/z-1.jpg\"><img loading=\"lazy\" class=\"aligncenter size-full wp-image-29253\" src=\"https:\/\/static-blogs.diariosur.es\/wp-content\/uploads\/sites\/12\/2021\/01\/z-1.jpg\" alt=\"\" width=\"1001\" height=\"876\" srcset=\"https:\/\/static-blogs.diariosur.es\/wp-content\/uploads\/sites\/12\/2021\/01\/z-1.jpg 1001w, https:\/\/static-blogs.diariosur.es\/wp-content\/uploads\/sites\/12\/2021\/01\/z-1-457x400.jpg 457w, https:\/\/static-blogs.diariosur.es\/wp-content\/uploads\/sites\/12\/2021\/01\/z-1-768x672.jpg 768w\" sizes=\"(max-width: 1001px) 100vw, 1001px\" \/><\/a><\/p>\n<p>&nbsp;<\/p>\n<h3><span style=\"color: #ff0000;\"><strong>Avisos por viento y fen\u00f3menos costeros Domingo 24 de Enero-<\/strong><\/span><\/h3>\n<p>&nbsp;<\/p>\n<p><a href=\"https:\/\/static-blogs.diariosur.es\/wp-content\/uploads\/sites\/12\/2021\/01\/2-8.jpg\"><img loading=\"lazy\" class=\"aligncenter size-full wp-image-29254\" src=\"https:\/\/static-blogs.diariosur.es\/wp-content\/uploads\/sites\/12\/2021\/01\/2-8.jpg\" alt=\"\" width=\"700\" height=\"551\" srcset=\"https:\/\/static-blogs.diariosur.es\/wp-content\/uploads\/sites\/12\/2021\/01\/2-8.jpg 700w, https:\/\/static-blogs.diariosur.es\/wp-content\/uploads\/sites\/12\/2021\/01\/2-8-508x400.jpg 508w\" sizes=\"(max-width: 700px) 100vw, 700px\" \/><\/a><\/p>\n<p>&nbsp;<\/p>\n<p><a href=\"https:\/\/static-blogs.diariosur.es\/wp-content\/uploads\/sites\/12\/2021\/01\/zz.jpg\"><img loading=\"lazy\" class=\"aligncenter size-full wp-image-29255\" src=\"https:\/\/static-blogs.diariosur.es\/wp-content\/uploads\/sites\/12\/2021\/01\/zz.jpg\" alt=\"\" width=\"1010\" height=\"770\" srcset=\"https:\/\/static-blogs.diariosur.es\/wp-content\/uploads\/sites\/12\/2021\/01\/zz.jpg 1010w, https:\/\/static-blogs.diariosur.es\/wp-content\/uploads\/sites\/12\/2021\/01\/zz-525x400.jpg 525w, https:\/\/static-blogs.diariosur.es\/wp-content\/uploads\/sites\/12\/2021\/01\/zz-768x586.jpg 768w\" sizes=\"(max-width: 1010px) 100vw, 1010px\" \/><\/a><\/p>\n<p>&nbsp;<\/p>\n<p>Probabilidad de precipitaciones d\u00e9biles por el interior de nuestra comunidad. En la provincia de M\u00e1laga la probabilidad m\u00e1s alta se dar\u00e1 en el interior y costa m\u00e1s occidental.<\/p>\n","protected":false},"excerpt":{"rendered":"<p>Muy buenos d\u00edas, amigos de la meteo. Nuevamente actualizo el blog para poner los avisos actualizados para hoy s\u00e1bado y ma\u00f1ana domingo. Pero antes os invito para que ve\u00e1is el impresionante reportaje que han hecho mis amigos de cazatormentas. Ayer se produjo una l\u00ednea de turbonada que barrio buena parte de la pen\u00ednsula. Los videos [&hellip;]<\/p>\n","protected":false},"author":16,"featured_media":29256,"comment_status":"open","ping_status":"open","sticky":false,"template":"","format":"standard","meta":[],"categories":[1],"tags":[100,151,188,1525,358,424,1550,1102,676,736,1553,945,1530,1058,1059],"_links":{"self":[{"href":"https:\/\/blogs.diariosur.es\/tormentas-y-rayos\/wp-json\/wp\/v2\/posts\/29251"}],"collection":[{"href":"https:\/\/blogs.diariosur.es\/tormentas-y-rayos\/wp-json\/wp\/v2\/posts"}],"about":[{"href":"https:\/\/blogs.diariosur.es\/tormentas-y-rayos\/wp-json\/wp\/v2\/types\/post"}],"author":[{"embeddable":true,"href":"https:\/\/blogs.diariosur.es\/tormentas-y-rayos\/wp-json\/wp\/v2\/users\/16"}],"replies":[{"embeddable":true,"href":"https:\/\/blogs.diariosur.es\/tormentas-y-rayos\/wp-json\/wp\/v2\/comments?post=29251"}],"version-history":[{"count":1,"href":"https:\/\/blogs.diariosur.es\/tormentas-y-rayos\/wp-json\/wp\/v2\/posts\/29251\/revisions"}],"predecessor-version":[{"id":29257,"href":"https:\/\/blogs.diariosur.es\/tormentas-y-rayos\/wp-json\/wp\/v2\/posts\/29251\/revisions\/29257"}],"wp:featuredmedia":[{"embeddable":true,"href":"https:\/\/blogs.diariosur.es\/tormentas-y-rayos\/wp-json\/wp\/v2\/media\/29256"}],"wp:attachment":[{"href":"https:\/\/blogs.diariosur.es\/tormentas-y-rayos\/wp-json\/wp\/v2\/media?parent=29251"}],"wp:term":[{"taxonomy":"category","embeddable":true,"href":"https:\/\/blogs.diariosur.es\/tormentas-y-rayos\/wp-json\/wp\/v2\/categories?post=29251"},{"taxonomy":"post_tag","embeddable":true,"href":"https:\/\/blogs.diariosur.es\/tormentas-y-rayos\/wp-json\/wp\/v2\/tags?post=29251"}],"curies":[{"name":"wp","href":"https:\/\/api.w.org\/{rel}","templated":true}]}}